{"id":122,"date":"2024-09-18T11:30:38","date_gmt":"2024-09-18T11:30:38","guid":{"rendered":"https:\/\/www.dmoz.fr\/starlettes\/?p=122"},"modified":"2024-09-18T12:18:26","modified_gmt":"2024-09-18T12:18:26","slug":"nolann-le-garrec-un-jeune-prodige-du-rugby-et-sa-vie-privee","status":"publish","type":"post","link":"https:\/\/www.dmoz.fr\/starlettes\/copines\/nolann-le-garrec-un-jeune-prodige-du-rugby-et-sa-vie-privee\/","title":{"rendered":"Nolann Le Garrec , un jeune prodige du rugby et sa vie priv\u00e9e"},"content":{"rendered":"\n<p><strong>Nolann Le Garrec est un g\u00e9nie du rugby fran\u00e7ais. Il repr\u00e9sente l&rsquo;\u00e9quipe nationale et le Racing 92 en tant que demi de m\u00eal\u00e9e. Tr\u00e8s jeune, il est d\u00e9j\u00e0 devenu un \u00e9l\u00e9ment essentiel de son \u00e9quipe.<\/strong><\/p>\n\n\n<div class=\"wp-block-image wp-image-123\">\n<figure class=\"aligncenter size-full is-resized\" id=\"Nolann-Le-Garrec\"><img fetchpriority=\"high\" decoding=\"async\" width=\"375\" height=\"240\" src=\"https:\/\/www.dmoz.fr\/starlettes\/wp-content\/uploads\/2024\/09\/download-2024-09-18T162134.030-1.png\" alt=\"Nolann Le Garrec\" class=\"wp-image-142\" style=\"width:742px;height:auto\" title=\"Nolann Le Garrec\" srcset=\"https:\/\/www.dmoz.fr\/starlettes\/wp-content\/uploads\/2024\/09\/download-2024-09-18T162134.030-1.png 375w, https:\/\/www.dmoz.fr\/starlettes\/wp-content\/uploads\/2024\/09\/download-2024-09-18T162134.030-1-300x192.png 300w, https:\/\/www.dmoz.fr\/starlettes\/wp-content\/uploads\/2024\/09\/download-2024-09-18T162134.030-1-150x96.png 150w\" sizes=\"(max-width: 375px) 100vw, 375px\" \/><figcaption class=\"wp-element-caption\">Nolann Le Garrec<\/figcaption><\/figure>\n<\/div>\n\n\n<figure class=\"wp-block-table\"><table class=\"has-fixed-layout\"><thead><tr><th><strong>Informations<\/strong><\/th><th><strong>D\u00e9tails<\/strong><\/th><\/tr><\/thead><tbody><tr><td><strong>Nom complet<\/strong><\/td><td><a href=\"https:\/\/en.wikipedia.org\/wiki\/Nolann_Le_Garrec\" target=\"_blank\" rel=\"noopener\">Nolann Le Garrec<\/a><\/td><\/tr><tr><td><strong>\u00c2ge<\/strong><\/td><td>21 ans<\/td><\/tr><tr><td><strong>Nationalit\u00e9<\/strong><\/td><td>Fran\u00e7ais<\/td><\/tr><tr><td><strong>Taille<\/strong><\/td><td>1,75 m<\/td><\/tr><tr><td><strong>Poids<\/strong><\/td><td>75 kg<\/td><\/tr><tr><td><strong>\u00c9quipe actuelle<\/strong><\/td><td>Racing 92<\/td><\/tr><tr><td><strong>Poste<\/strong><\/td><td>Demi de m\u00eal\u00e9e<\/td><\/tr><tr><td><strong>Carri\u00e8re<\/strong><\/td><td><a href=\"https:\/\/www.dmoz.fr\/starlettes\/tag\/rugby-club-vannes\/\" data-type=\"post_tag\" data-id=\"45\">Rugby Club Vannes<\/a> (2009-2017), Racing 92 (2017-2024)<\/td><\/tr><tr><td><strong>Statut JIFF<\/strong><\/td><td>Joueur issu du secteur de formation<\/td><\/tr><tr><td><strong>Club futur<\/strong><\/td><td><a href=\"https:\/\/www.dmoz.fr\/starlettes\/tag\/stade-rochelais\/\" data-type=\"post_tag\" data-id=\"41\">Stade Rochelais<\/a> (2025-2026)<\/td><\/tr><tr><td><strong>R\u00e9f\u00e9rence<\/strong><\/td><td><a href=\"https:\/\/www.racing92.fr\" target=\"_new\" rel=\"noopener\">Site officiel Racing 92<\/a><\/td><\/tr><\/tbody><\/table><\/figure>\n\n\n\n<p><a href=\"https:\/\/www.instagram.com\/nolannlegarrec9\/?hl=en\" target=\"_blank\" rel=\"noopener\">Instagram<\/a><\/p>\n\n\n\n<h3 class=\"wp-block-heading\">Un d\u00e9but de carri\u00e8re fulgurant<\/h3>\n\n\n\n<p>Sa carri\u00e8re a d\u00e9but\u00e9 \u00e0 Vannes, o\u00f9 il s&rsquo;est aventur\u00e9 pour la premi\u00e8re fois dans le rugby. Il a rejoint le Racing 92 en 2017 et s&rsquo;est fait conna\u00eetre tr\u00e8s rapidement. Il a rev\u00eatu le maillot 62 fois depuis.<\/p>\n\n\n\n<p>La compagne de Nolann Le Garrec n&rsquo;est pas encore connue. Il semble vouloir garder sa vie priv\u00e9e sous silence. Les sportifs de haut niveau prennent g\u00e9n\u00e9ralement ce genre de d\u00e9cision judicieuse.<\/p>\n\n\n\n<h3 class=\"wp-block-heading\">La copine de Nolann Le Garrec : myst\u00e8re et discr\u00e9tion<\/h3>\n\n\n\n<p>Dans le rugby, une base \u00e9motionnelle forte est absolument cruciale. On peut voir que son entourage &#8211; y compris sa petite amie &#8211; joue un r\u00f4le de soutien crucial, m\u00eame en l&rsquo;absence de d\u00e9tails publics.<\/p>\n\n\n\n<h3 class=\"wp-block-heading\">Le r\u00f4le de la stabilit\u00e9 \u00e9motionnelle dans la carri\u00e8re sportive<\/h3>\n\n\n\n<p>Il n&rsquo;est jamais facile de concilier vie personnelle et profession sportive. Mais Nolann fait preuve d&rsquo;une maturit\u00e9 vraiment avanc\u00e9e. Il semble supporter la pression et les attentes sans perdre son sang-froid.<\/p>\n\n\n\n<p>Sa r\u00e9flexion tactique et sa ma\u00eetrise technique sont remarquables. \u00c0 vingt et un ans, Nolann n&rsquo;est pas seulement prometteur, il est aussi le reflet de l&rsquo;orientation du rugby fran\u00e7ais.<\/p>\n\n\n\n<h3 class=\"wp-block-heading\">Un avenir prometteur pour Nolann Le Garrec<\/h3>\n\n\n\n<p>Nolann va bient\u00f4t quitter le Racing 92 pour rejoindre le Stade Rochelais. Les supporters se r\u00e9jouissent d\u00e9j\u00e0 de ce transfert confirm\u00e9 pour la saison 2025-2026.<\/p>\n\n\n\n<p>Nolann est rest\u00e9 discret sur sa vie priv\u00e9e tout en maintenant son niveau de performance. Il est rare que des joueurs aussi jeunes fassent preuve d&rsquo;un tel professionnalisme et d&rsquo;une telle ma\u00eetrise.<\/p>\n\n\n\n<h3 class=\"wp-block-heading\">La vie personnelle et professionnelle de Nolann Le Garrec<\/h3>\n\n\n\n<p>Mais il sait aussi approcher les supporters, notamment lors des interviews o\u00f9 il fait preuve d&rsquo;une humilit\u00e9 particuli\u00e8re. Tous l&rsquo;appr\u00e9cient en tant que joueur pour son charisme et ses comp\u00e9tences.<\/p>\n\n\n\n<p>L&rsquo;avenir de Nolann semble d\u00e9j\u00e0 tout trac\u00e9. Avec une carri\u00e8re internationale en plein d\u00e9veloppement, il pourrait devenir l&rsquo;un des meilleurs demi de m\u00eal\u00e9e de sa g\u00e9n\u00e9ration.<\/p>\n\n\n\n<p>Gr\u00e2ce \u00e0 son sang-froid et \u00e0 sa t\u00e9nacit\u00e9, Nolann d\u00e9montre qu&rsquo;une carri\u00e8re d&rsquo;athl\u00e8te de haut niveau exige bien plus que des comp\u00e9tences. Il est \u00e9tonnant de voir \u00e0 quel point il est capable de rester concentr\u00e9 et d&rsquo;\u00e9viter les distractions publiques.<\/p>\n\n\n\n<h3 class=\"wp-block-heading\">Un joueur prometteur \u00e0 suivre<\/h3>\n\n\n\n<p>Ses derni\u00e8res performances t\u00e9moignent d&rsquo;une am\u00e9lioration constante. Sa force mentale et sa capacit\u00e9 \u00e0 rester au top m\u00eame sous pression sont \u00e9videntes.<\/p>\n\n\n\n<p>Pour Nolann, le passage au Stade Rochelais ouvre un nouveau chapitre. Bien que les attentes soient \u00e9lev\u00e9es, il semble pr\u00eat \u00e0 relever le d\u00e9fi, compte tenu de son exp\u00e9rience avec le <a href=\"https:\/\/le10sport.com\/rugby\/top14\/une-semaine-de-m-une-star-du-top-14-raconte-son-calvaire-674431\" target=\"_blank\" rel=\"noopener\">Racing 92<\/a>.<\/p>\n\n\n\n<p>Il ne faut pas sous-estimer l&rsquo;influence d&rsquo;un soutien humain constant et discret. Bien que l&rsquo;on ne sache pas grand-chose sur son partenaire, pour des athl\u00e8tes de ce niveau, ce soutien est g\u00e9n\u00e9ralement tr\u00e8s important.<\/p>\n\n\n\n<p>Nolann Le Garrec incarne la nouvelle g\u00e9n\u00e9ration du rugby fran\u00e7ais. Qu&rsquo;il joue au Racing 92 ou qu&rsquo;il soit en difficult\u00e9 \u00e0 La Rochelle, son envie et son talent lui permettront de continuer \u00e0 briller.<\/p>\n","protected":false},"excerpt":{"rendered":"<p>Nolann Le Garrec est un g\u00e9nie du rugby fran\u00e7ais. Il repr\u00e9sente l&rsquo;\u00e9quipe nationale et le Racing 92 en tant que demi de m\u00eal\u00e9e. Tr\u00e8s jeune, il est d\u00e9j\u00e0 devenu un \u00e9l\u00e9ment essentiel de son \u00e9quipe. Informations D\u00e9tails Nom complet Nolann Le Garrec \u00c2ge 21 ans Nationalit\u00e9 Fran\u00e7ais Taille 1,75 m Poids 75 kg \u00c9quipe actuelle&#8230;<\/p>\n","protected":false},"author":2,"featured_media":123,"comment_status":"open","ping_status":"open","sticky":false,"template":"","format":"standard","meta":{"_kad_post_transparent":"","_kad_post_title":"","_kad_post_layout":"","_kad_post_sidebar_id":"","_kad_post_content_style":"","_kad_post_vertical_padding":"","_kad_post_feature":"","_kad_post_feature_position":"","_kad_post_header":false,"_kad_post_footer":false,"_kad_post_classname":"","iawp_total_views":20,"footnotes":""},"categories":[12],"tags":[40,45,41],"class_list":["post-122","post","type-post","status-publish","format-standard","has-post-thumbnail","hentry","category-copines","tag-nolann-le-garrec","tag-rugby-club-vannes","tag-stade-rochelais"],"_links":{"self":[{"href":"https:\/\/www.dmoz.fr\/starlettes\/wp-json\/wp\/v2\/posts\/122","targetHints":{"allow":["GET"]}}],"collection":[{"href":"https:\/\/www.dmoz.fr\/starlettes\/wp-json\/wp\/v2\/posts"}],"about":[{"href":"https:\/\/www.dmoz.fr\/starlettes\/wp-json\/wp\/v2\/types\/post"}],"author":[{"embeddable":true,"href":"https:\/\/www.dmoz.fr\/starlettes\/wp-json\/wp\/v2\/users\/2"}],"replies":[{"embeddable":true,"href":"https:\/\/www.dmoz.fr\/starlettes\/wp-json\/wp\/v2\/comments?post=122"}],"version-history":[{"count":0,"href":"https:\/\/www.dmoz.fr\/starlettes\/wp-json\/wp\/v2\/posts\/122\/revisions"}],"wp:featuredmedia":[{"embeddable":true,"href":"https:\/\/www.dmoz.fr\/starlettes\/wp-json\/wp\/v2\/media\/123"}],"wp:attachment":[{"href":"https:\/\/www.dmoz.fr\/starlettes\/wp-json\/wp\/v2\/media?parent=122"}],"wp:term":[{"taxonomy":"category","embeddable":true,"href":"https:\/\/www.dmoz.fr\/starlettes\/wp-json\/wp\/v2\/categories?post=122"},{"taxonomy":"post_tag","embeddable":true,"href":"https:\/\/www.dmoz.fr\/starlettes\/wp-json\/wp\/v2\/tags?post=122"}],"curies":[{"name":"wp","href":"https:\/\/api.w.org\/{rel}","templated":true}]}}