{"id":128,"date":"2024-09-18T11:47:26","date_gmt":"2024-09-18T11:47:26","guid":{"rendered":"https:\/\/www.dmoz.fr\/starlettes\/?p=128"},"modified":"2024-09-18T12:15:54","modified_gmt":"2024-09-18T12:15:54","slug":"mari-boine-sonn-une-relation-cachee-au-coeur-de-la-tradition-sami","status":"publish","type":"post","link":"https:\/\/www.dmoz.fr\/starlettes\/dernier\/mari-boine-sonn-une-relation-cachee-au-coeur-de-la-tradition-sami\/","title":{"rendered":"Mari Boine S\u00f8nn , Une relation cach\u00e9e au c\u0153ur de la tradition S\u00e1mi"},"content":{"rendered":"\n<p><strong>Mari Boine ne d\u00e9voile pas sa vie priv\u00e9e, m\u00eame si sa musique est salu\u00e9e par tous. Sa relation avec son fils, en particulier, reste inconnue. Bien qu&rsquo;il y ait peu d&rsquo;informations \u00e0 ce sujet, son \u00e9quilibre personnel et professionnel peut d\u00e9pendre de mani\u00e8re critique de ce lien familial.<\/strong><\/p>\n\n\n<div class=\"wp-block-image wp-image-129\">\n<figure class=\"aligncenter size-full is-resized\"><img fetchpriority=\"high\" decoding=\"async\" width=\"492\" height=\"344\" src=\"https:\/\/www.dmoz.fr\/starlettes\/wp-content\/uploads\/2024\/09\/download-2024-09-18T163858.931.png\" alt=\"Mari Boine\" class=\"wp-image-129\" style=\"width:764px;height:auto\" srcset=\"https:\/\/www.dmoz.fr\/starlettes\/wp-content\/uploads\/2024\/09\/download-2024-09-18T163858.931.png 492w, https:\/\/www.dmoz.fr\/starlettes\/wp-content\/uploads\/2024\/09\/download-2024-09-18T163858.931-300x210.png 300w, https:\/\/www.dmoz.fr\/starlettes\/wp-content\/uploads\/2024\/09\/download-2024-09-18T163858.931-150x105.png 150w, https:\/\/www.dmoz.fr\/starlettes\/wp-content\/uploads\/2024\/09\/download-2024-09-18T163858.931-450x315.png 450w\" sizes=\"(max-width: 492px) 100vw, 492px\" \/><figcaption class=\"wp-element-caption\">Mari Boine<\/figcaption><\/figure>\n<\/div>\n\n\n<p>N\u00e9e en 1956 \u00e0 Karasjok, Mari Boine est une chanteuse samie. Connue pour ses joiks combin\u00e9s au rock, elle fait partie des personnalit\u00e9s les plus puissantes de la musique nordique. Son engagement envers ses anc\u00eatres samis d\u00e9finit sa profession qui s&rsquo;\u00e9tend sur plusieurs d\u00e9cennies.<\/p>\n\n\n\n<figure class=\"wp-block-table\"><table class=\"has-fixed-layout\"><thead><tr><th><strong>Nom<\/strong><\/th><th><a href=\"https:\/\/en.wikipedia.org\/wiki\/Mari_Boine\" target=\"_blank\" rel=\"noopener\">Mari Brit Randi Boine<\/a><\/th><\/tr><\/thead><tbody><tr><td><strong>N\u00e9e<\/strong><\/td><td>8 novembre 1956 \u00e0 Karasjok, Norv\u00e8ge<\/td><\/tr><tr><td><strong>Nationalit\u00e9<\/strong><\/td><td>Norv\u00e9gienne<\/td><\/tr><tr><td><strong>Genres<\/strong><\/td><td>Joik, Folk Rock<\/td><\/tr><tr><td><strong>Carri\u00e8re<\/strong><\/td><td>Active depuis les ann\u00e9es 1980<\/td><\/tr><tr><td><strong>Labels<\/strong><\/td><td><a href=\"https:\/\/www.dmoz.fr\/starlettes\/tag\/real-world\/\" data-type=\"post_tag\" data-id=\"43\">Real World<\/a>, <a href=\"https:\/\/www.dmoz.fr\/starlettes\/tag\/lean-as\/\" data-type=\"post_tag\" data-id=\"44\">Lean AS<\/a><\/td><\/tr><tr><td><strong>R\u00e9compenses<\/strong><\/td><td>Prix musical \u00c1illoha\u0161, Chevalier de l&rsquo;Ordre de Saint-Olav<\/td><\/tr><tr><td><strong>Fils<\/strong><\/td><td>Inconnu (peu d\u2019informations publiques)<\/td><\/tr><\/tbody><\/table><\/figure>\n\n\n\n<h5 class=\"wp-block-heading\"><a href=\"https:\/\/www.instagram.com\/mariboine\/?hl=en\" target=\"_blank\" rel=\"noopener\">Instagram<\/a><\/h5>\n\n\n\n<h3 class=\"wp-block-heading\">Le r\u00f4le du fils de Mari Boine dans sa carri\u00e8re<\/h3>\n\n\n\n<p>Mari Boine a toujours gard\u00e9 le silence sur sa vie familiale. Son fils, dont on ne conna\u00eet pas le nom, semble \u00eatre tr\u00e8s important pour elle, tant sur le plan cr\u00e9atif qu&rsquo;\u00e9motionnel. Leur relation se distingue certainement par un transfert culturel important.<\/p>\n\n\n\n<p>La vie de Boine tourne principalement autour de la tradition samie, exprim\u00e9e \u00e0 travers le joik. Elle parlait de la n\u00e9cessit\u00e9 de transmettre ces principes \u00e0 la g\u00e9n\u00e9ration suivante. Bien que cela soit essentiellement personnel, son fils a certainement grandi dans cet \u00e9tat d&rsquo;esprit.<\/p>\n\n\n\n<h3 class=\"wp-block-heading\">Mari Boine et la transmission culturelle<\/h3>\n\n\n\n<p>Sa carri\u00e8re a d\u00e9marr\u00e9 dans les ann\u00e9es 1980, mais ce qui la distingue, c&rsquo;est son m\u00e9lange de sons modernes et de musique traditionnelle samie. Cette combinaison inhabituelle lui a valu d&rsquo;\u00eatre reconnue comme une grande artiste internationale.<\/p>\n\n\n\n<p>Sa carri\u00e8re musicale passe apr\u00e8s son d\u00e9vouement \u00e0 la culture samie. Elle a parl\u00e9 des d\u00e9fis que repr\u00e9sente le fait de grandir dans une soci\u00e9t\u00e9 qui marginalise fortement les traditions indig\u00e8nes. Cela la pousse encore plus \u00e0 prot\u00e9ger ces coutumes pour les g\u00e9n\u00e9rations futures.<\/p>\n\n\n\n<h3 class=\"wp-block-heading\">Une m\u00e8re et artiste engag\u00e9e<\/h3>\n\n\n\n<p>Boine a r\u00e9ussi \u00e0 combiner spiritualit\u00e9 et musique. Son interaction avec son fils pourrait tr\u00e8s probablement s&rsquo;inscrire dans cette continuit\u00e9. Bien que rien ne soit connu publiquement, nous pouvons d\u00e9duire de l&rsquo;\u00e9ducation de son fils un lien fort avec la culture samie.<\/p>\n\n\n\n<p>Mari Boine a \u00e9t\u00e9 nomm\u00e9e Chevalier de l&rsquo;Ordre royal de Saint-Olav en 2009. Cette distinction t\u00e9moigne non seulement de son impact artistique, mais aussi de son engagement en faveur de la culture samie. Gr\u00e2ce \u00e0 son d\u00e9vouement \u00e0 sa communaut\u00e9, cette carri\u00e8re exceptionnelle a laiss\u00e9 son empreinte sur l&rsquo;h\u00e9ritage culturel norv\u00e9gien.<\/p>\n\n\n\n<h3 class=\"wp-block-heading\">Une artiste intemporelle<\/h3>\n\n\n\n<p>Ses chansons sont un acte politique autant qu&rsquo;une forme d&rsquo;expression <a href=\"https:\/\/seattlesami.org\/2024\/01\/26\/mari-boine-intimiste\/\" target=\"_blank\" rel=\"noopener\">artistique<\/a>. Les chansons de Mari Boine contribuent \u00e0 mettre en lumi\u00e8re les critiques qu&rsquo;elle \u00e9met fr\u00e9quemment sur le sort des Samis, parmi d&rsquo;autres peuples indig\u00e8nes, en Norv\u00e8ge.<\/p>\n\n\n\n<p>Mari Boine, en tant que m\u00e8re, incarne la transmission de ces id\u00e9aux au fil des g\u00e9n\u00e9rations. Si sa relation avec son enfant reste discr\u00e8te, il est difficile d&rsquo;imaginer les effets qu&rsquo;elle pourrait avoir sur la transmission culturelle et l&rsquo;\u00e9ducation.<\/p>\n\n\n\n<p>Enracin\u00e9e dans ses traditions et ouverte sur le monde actuel, Mari Boine est une artiste \u00e0 part enti\u00e8re. Elle reste attach\u00e9e \u00e0 ses convictions les plus fortes, que ce soit dans sa vie priv\u00e9e ou dans ses chansons, et elle a une vie de famille raisonnable.<\/p>\n\n\n\n<p>Si les artistes comme <a href=\"https:\/\/www.dmoz.fr\/starlettes\/tag\/mari-boine\/\" data-type=\"post_tag\" data-id=\"42\">Mari Boine<\/a> vivent dans la discr\u00e9tion, la valeur de sa relation avec son fils, m\u00eame si elle est personnelle, peut \u00eatre d\u00e9terminante pour comprendre son \u0153uvre et son projet culturel.<\/p>\n","protected":false},"excerpt":{"rendered":"<p>Mari Boine ne d\u00e9voile pas sa vie priv\u00e9e, m\u00eame si sa musique est salu\u00e9e par tous. Sa relation avec son fils, en particulier, reste inconnue. Bien qu&rsquo;il y ait peu d&rsquo;informations \u00e0 ce sujet, son \u00e9quilibre personnel et professionnel peut d\u00e9pendre de mani\u00e8re critique de ce lien familial. N\u00e9e en 1956 \u00e0 Karasjok, Mari Boine&#8230;<\/p>\n","protected":false},"author":2,"featured_media":129,"comment_status":"open","ping_status":"open","sticky":false,"template":"","format":"standard","meta":{"_kad_post_transparent":"","_kad_post_title":"","_kad_post_layout":"","_kad_post_sidebar_id":"","_kad_post_content_style":"","_kad_post_vertical_padding":"","_kad_post_feature":"","_kad_post_feature_position":"","_kad_post_header":false,"_kad_post_footer":false,"_kad_post_classname":"","iawp_total_views":4,"footnotes":""},"categories":[11],"tags":[44,42,43],"class_list":["post-128","post","type-post","status-publish","format-standard","has-post-thumbnail","hentry","category-dernier","tag-lean-as","tag-mari-boine","tag-real-world"],"_links":{"self":[{"href":"https:\/\/www.dmoz.fr\/starlettes\/wp-json\/wp\/v2\/posts\/128","targetHints":{"allow":["GET"]}}],"collection":[{"href":"https:\/\/www.dmoz.fr\/starlettes\/wp-json\/wp\/v2\/posts"}],"about":[{"href":"https:\/\/www.dmoz.fr\/starlettes\/wp-json\/wp\/v2\/types\/post"}],"author":[{"embeddable":true,"href":"https:\/\/www.dmoz.fr\/starlettes\/wp-json\/wp\/v2\/users\/2"}],"replies":[{"embeddable":true,"href":"https:\/\/www.dmoz.fr\/starlettes\/wp-json\/wp\/v2\/comments?post=128"}],"version-history":[{"count":0,"href":"https:\/\/www.dmoz.fr\/starlettes\/wp-json\/wp\/v2\/posts\/128\/revisions"}],"wp:featuredmedia":[{"embeddable":true,"href":"https:\/\/www.dmoz.fr\/starlettes\/wp-json\/wp\/v2\/media\/129"}],"wp:attachment":[{"href":"https:\/\/www.dmoz.fr\/starlettes\/wp-json\/wp\/v2\/media?parent=128"}],"wp:term":[{"taxonomy":"category","embeddable":true,"href":"https:\/\/www.dmoz.fr\/starlettes\/wp-json\/wp\/v2\/categories?post=128"},{"taxonomy":"post_tag","embeddable":true,"href":"https:\/\/www.dmoz.fr\/starlettes\/wp-json\/wp\/v2\/tags?post=128"}],"curies":[{"name":"wp","href":"https:\/\/api.w.org\/{rel}","templated":true}]}}