{"id":150,"date":"2024-09-19T05:49:01","date_gmt":"2024-09-19T05:49:01","guid":{"rendered":"https:\/\/www.dmoz.fr\/starlettes\/?p=150"},"modified":"2024-09-19T05:49:03","modified_gmt":"2024-09-19T05:49:03","slug":"wejdene-origine-parents","status":"publish","type":"post","link":"https:\/\/www.dmoz.fr\/starlettes\/dernier\/wejdene-origine-parents\/","title":{"rendered":"Wejdene Origine Parents"},"content":{"rendered":"\n<h4 class=\"wp-block-heading\">La V\u00e9rit\u00e9 Derri\u00e8re Son Ascension<\/h4>\n\n\n\n<p><strong>N\u00e9e \u00e0 Saint-Denis, Wejdene Cha\u00efb, de son nom complet Badra Zarzis, est une chanteuse tunisienne bien connue. Malgr\u00e9 cette influence musicale, Wejdene a suivi sa propre voie. Au d\u00e9but, son p\u00e8re s&rsquo;y opposait. Le succ\u00e8s d&rsquo;Anissa a chang\u00e9 la donne.<\/strong><\/p>\n\n\n<div class=\"wp-block-image\">\n<figure class=\"aligncenter size-full\" id=\"Wejdene-Cha\u00efb\"><img fetchpriority=\"high\" decoding=\"async\" width=\"879\" height=\"588\" src=\"https:\/\/www.dmoz.fr\/starlettes\/wp-content\/uploads\/2024\/09\/download-2024-09-19T104204.786.png\" alt=\"Wejdene Cha\u00efb\" class=\"wp-image-151\" title=\"Wejdene Cha\u00efb\" srcset=\"https:\/\/www.dmoz.fr\/starlettes\/wp-content\/uploads\/2024\/09\/download-2024-09-19T104204.786.png 879w, https:\/\/www.dmoz.fr\/starlettes\/wp-content\/uploads\/2024\/09\/download-2024-09-19T104204.786-300x201.png 300w, https:\/\/www.dmoz.fr\/starlettes\/wp-content\/uploads\/2024\/09\/download-2024-09-19T104204.786-768x514.png 768w, https:\/\/www.dmoz.fr\/starlettes\/wp-content\/uploads\/2024\/09\/download-2024-09-19T104204.786-150x100.png 150w, https:\/\/www.dmoz.fr\/starlettes\/wp-content\/uploads\/2024\/09\/download-2024-09-19T104204.786-450x301.png 450w\" sizes=\"(max-width: 879px) 100vw, 879px\" \/><figcaption class=\"wp-element-caption\">Wejdene Cha\u00efb<\/figcaption><\/figure>\n<\/div>\n\n\n<figure class=\"wp-block-table\"><table class=\"has-fixed-layout\"><thead><tr><th><strong>Nom<\/strong><\/th><th><a href=\"https:\/\/www.dmoz.fr\/starlettes\/tag\/wejdene-chaib\/\" data-type=\"post_tag\" data-id=\"57\">Wejdene Cha\u00efb<\/a><\/th><\/tr><\/thead><tbody><tr><td><strong>Date de naissance<\/strong><\/td><td>23 avril 2004<\/td><\/tr><tr><td><strong>Lieu de naissance<\/strong><\/td><td>Saint-Denis, France<\/td><\/tr><tr><td><strong>Nationalit\u00e9<\/strong><\/td><td>Fran\u00e7aise<\/td><\/tr><tr><td><strong><a href=\"https:\/\/www.dmoz.fr\/starlettes\/dernier\/mari-boine-sonn-une-relation-cachee-au-coeur-de-la-tradition-sami\/\" data-type=\"link\" data-id=\"https:\/\/www.dmoz.fr\/starlettes\/dernier\/mari-boine-sonn-une-relation-cachee-au-coeur-de-la-tradition-sami\/\">Origines<\/a><\/strong><\/td><td>Tunisiennes<\/td><\/tr><tr><td><strong>Profession<\/strong><\/td><td><a href=\"https:\/\/www.dmoz.fr\/starlettes\/tag\/chanteuse\/\" data-type=\"post_tag\" data-id=\"58\">Chanteuse<\/a><\/td><\/tr><tr><td><strong>Instruments<\/strong><\/td><td><a href=\"https:\/\/www.dmoz.fr\/starlettes\/tag\/voix\/\" data-type=\"post_tag\" data-id=\"59\">Voix<\/a><\/td><\/tr><tr><td><strong>Ann\u00e9es actives<\/strong><\/td><td>2019 \u2013 pr\u00e9sent<\/td><\/tr><tr><td><strong>Label<\/strong><\/td><td><a href=\"https:\/\/www.dmoz.fr\/starlettes\/tag\/guette-music\/\" data-type=\"post_tag\" data-id=\"60\">Guette Music<\/a>, <a href=\"https:\/\/www.dmoz.fr\/starlettes\/tag\/universal-music-france\/\" data-type=\"post_tag\" data-id=\"61\">Universal Music France<\/a><\/td><\/tr><\/tbody><\/table><figcaption class=\"wp-element-caption\">Wejdene Cha\u00efb<\/figcaption><\/figure>\n\n\n\n<p><a href=\"https:\/\/www.instagram.com\/wejdene.bk\/?hl=en\" target=\"_blank\" rel=\"noopener\">Instagram<\/a><\/p>\n\n\n\n<h4 class=\"wp-block-heading\">Les relations avec ses parents et leur r\u00f4le dans sa carri\u00e8re<\/h4>\n\n\n\n<p>C&rsquo;est \u00e0 La Courneuve que Wejdene a grandi avec sa m\u00e8re et ses fr\u00e8res et s\u0153urs. Sa famille est constamment derri\u00e8re elle. D&rsquo;abord dubitatif, son p\u00e8re est aujourd&rsquo;hui fier d&rsquo;elle. Consid\u00e9r\u00e9e presque comme un manager, Wejdene a toujours \u00e9t\u00e9 proche de sa m\u00e8re et de ses s\u0153urs.<\/p>\n\n\n\n<h4 class=\"wp-block-heading\">Un parcours marqu\u00e9 par les r\u00e9seaux sociaux et TikTok<\/h4>\n\n\n\n<p>Wejdene entre dans l&rsquo;histoire en 2020 avec Anissa qui conquiert la sc\u00e8ne fran\u00e7aise. Sur TikHub, le titre est devenu un ph\u00e9nom\u00e8ne. La chanson a une histoire personnelle. Wejdene a d\u00e9couvert que son ex-compagnon l&rsquo;avait tromp\u00e9e avec sa cousine Anissa. Elle a \u00e9crit \u00e0 partir de cette trahison.<\/p>\n\n\n\n<h4 class=\"wp-block-heading\">Le succ\u00e8s inattendu d\u2019<em>Anissa<\/em><\/h4>\n\n\n\n<p>En 2020, elle sort son <a href=\"https:\/\/www.nrj.fr\/artistes\/wejdene\/biographie\" target=\"_blank\" rel=\"noopener\">premier album<\/a>, 16. Wejdene a r\u00e9ussi \u00e0 imposer son style en un an seulement. Les r\u00e9seaux sociaux ont permis \u00e0 sa carri\u00e8re de prendre un tournant. Wejdene se distingue par sa fra\u00eecheur et sa sinc\u00e9rit\u00e9 par rapport \u00e0 Aya Nakamura.<\/p>\n\n\n\n<h4 class=\"wp-block-heading\">Une carri\u00e8re prometteuse<\/h4>\n\n\n\n<p>Son deuxi\u00e8me album, Glow Up, sortira en 2022 et lui permettra de continuer \u00e0 d\u00e9velopper sa r\u00e9putation. Wejdene est rest\u00e9e proche de son public mais n&rsquo;a cess\u00e9 d&rsquo;\u00e9voluer musicalement. Elle pr\u00e9sente un nouvel EP en 2024 sous le nom de W.<\/p>\n\n\n\n<h4 class=\"wp-block-heading\">La gestion de la c\u00e9l\u00e9brit\u00e9 et l\u2019importance de la famille<\/h4>\n\n\n\n<p>Wejdene, aussi jeune soit-elle, reste connect\u00e9e \u00e0 ses origines tunisiennes. Elle aime montrer son h\u00e9ritage \u00e0 ses fans. Sa vie a toujours \u00e9t\u00e9 entour\u00e9e de musique. Son p\u00e8re \u00e9tant musicien, il a certainement fa\u00e7onn\u00e9 son style, m\u00eame si elle ne le savait pas au d\u00e9part.<\/p>\n\n\n\n<h3 class=\"wp-block-heading\">Discographie et chiffres cl\u00e9s<\/h3>\n\n\n\n<figure class=\"wp-block-table\"><table class=\"has-fixed-layout\"><thead><tr><th><strong>Albums<\/strong><\/th><th><strong>Ann\u00e9e de sortie<\/strong><\/th><th><strong>Classement (France)<\/strong><\/th><th><strong>Certification<\/strong><\/th><\/tr><\/thead><tbody><tr><td><em>16<\/em><\/td><td>2020<\/td><td>3<\/td><td>Platine<\/td><\/tr><tr><td><em>Glow Up<\/em><\/td><td>2022<\/td><td>106<\/td><td><\/td><\/tr><tr><td><em>W<\/em> (EP)<\/td><td>2024<\/td><td>&#8211;<\/td><td><\/td><\/tr><\/tbody><\/table><figcaption class=\"wp-element-caption\">Wejdene Cha\u00efb<\/figcaption><\/figure>\n\n\n\n<p>Avec plus de 82 millions de vues sur YouTube pour Anissa, Wejdene est devenue un ph\u00e9nom\u00e8ne. Ses initiatives et partenariats musicaux font des vagues. Son avenir promet de nombreuses surprises ; sa carri\u00e8re est florissante.<\/p>\n\n\n\n<h4 class=\"wp-block-heading\">Une artiste en pleine ascension<\/h4>\n\n\n\n<p>Wejdene est une artiste jeune mais dou\u00e9e, comme elle l&rsquo;a d\u00e9montr\u00e9. Le soutien continu de sa famille l&rsquo;aide \u00e0 garder les pieds sur terre. Aujourd&rsquo;hui, elle voyage musicalement avec ses parents, surtout avec son p\u00e8re.<\/p>\n\n\n\n<p>Wejdene reste modeste et concentr\u00e9e m\u00eame si elle a du succ\u00e8s. Elle est motiv\u00e9e, m\u00eame si elle comprend les difficult\u00e9s du monde de la musique. Ses nouveaux projets enthousiasment ses partisans.<\/p>\n","protected":false},"excerpt":{"rendered":"<p>La V\u00e9rit\u00e9 Derri\u00e8re Son Ascension N\u00e9e \u00e0 Saint-Denis, Wejdene Cha\u00efb, de son nom complet Badra Zarzis, est une chanteuse tunisienne bien connue. Malgr\u00e9 cette influence musicale, Wejdene a suivi sa propre voie. Au d\u00e9but, son p\u00e8re s&rsquo;y opposait. Le succ\u00e8s d&rsquo;Anissa a chang\u00e9 la donne. Nom Wejdene Cha\u00efb Date de naissance 23 avril 2004 Lieu&#8230;<\/p>\n","protected":false},"author":2,"featured_media":151,"comment_status":"open","ping_status":"open","sticky":false,"template":"","format":"standard","meta":{"_kad_post_transparent":"","_kad_post_title":"","_kad_post_layout":"","_kad_post_sidebar_id":"","_kad_post_content_style":"","_kad_post_vertical_padding":"","_kad_post_feature":"","_kad_post_feature_position":"","_kad_post_header":false,"_kad_post_footer":false,"_kad_post_classname":"","iawp_total_views":0,"footnotes":""},"categories":[11],"tags":[58,60,61,59,57],"class_list":["post-150","post","type-post","status-publish","format-standard","has-post-thumbnail","hentry","category-dernier","tag-chanteuse","tag-guette-music","tag-universal-music-france","tag-voix","tag-wejdene-chaib"],"_links":{"self":[{"href":"https:\/\/www.dmoz.fr\/starlettes\/wp-json\/wp\/v2\/posts\/150","targetHints":{"allow":["GET"]}}],"collection":[{"href":"https:\/\/www.dmoz.fr\/starlettes\/wp-json\/wp\/v2\/posts"}],"about":[{"href":"https:\/\/www.dmoz.fr\/starlettes\/wp-json\/wp\/v2\/types\/post"}],"author":[{"embeddable":true,"href":"https:\/\/www.dmoz.fr\/starlettes\/wp-json\/wp\/v2\/users\/2"}],"replies":[{"embeddable":true,"href":"https:\/\/www.dmoz.fr\/starlettes\/wp-json\/wp\/v2\/comments?post=150"}],"version-history":[{"count":0,"href":"https:\/\/www.dmoz.fr\/starlettes\/wp-json\/wp\/v2\/posts\/150\/revisions"}],"wp:featuredmedia":[{"embeddable":true,"href":"https:\/\/www.dmoz.fr\/starlettes\/wp-json\/wp\/v2\/media\/151"}],"wp:attachment":[{"href":"https:\/\/www.dmoz.fr\/starlettes\/wp-json\/wp\/v2\/media?parent=150"}],"wp:term":[{"taxonomy":"category","embeddable":true,"href":"https:\/\/www.dmoz.fr\/starlettes\/wp-json\/wp\/v2\/categories?post=150"},{"taxonomy":"post_tag","embeddable":true,"href":"https:\/\/www.dmoz.fr\/starlettes\/wp-json\/wp\/v2\/tags?post=150"}],"curies":[{"name":"wp","href":"https:\/\/api.w.org\/{rel}","templated":true}]}}