{"id":173,"date":"2024-09-23T07:22:32","date_gmt":"2024-09-23T07:22:32","guid":{"rendered":"https:\/\/www.dmoz.fr\/starlettes\/?p=173"},"modified":"2024-09-23T07:22:33","modified_gmt":"2024-09-23T07:22:33","slug":"caroline-fourest-et-son-mari-une-vie-amoureuse-et-militante","status":"publish","type":"post","link":"https:\/\/www.dmoz.fr\/starlettes\/copines\/caroline-fourest-et-son-mari-une-vie-amoureuse-et-militante\/","title":{"rendered":"Caroline Fourest et son Mari, Une Vie Amoureuse et Militante"},"content":{"rendered":"\n<p><strong>Caroline Fourest a convol\u00e9 en justes noces avec Fiammetta Venner. Elles ont form\u00e9 un couple solide pendant vingt-huit ans. Fiammetta est un v\u00e9ritable bouclier facial contre les critiques. Les temp\u00eates m\u00e9diatiques sont travers\u00e9es par eux tous.<\/strong><\/p>\n\n\n<div class=\"wp-block-image\">\n<figure class=\"aligncenter size-full is-resized\" id=\"Caroline-Fourest\"><img fetchpriority=\"high\" decoding=\"async\" width=\"559\" height=\"354\" src=\"https:\/\/www.dmoz.fr\/starlettes\/wp-content\/uploads\/2024\/09\/download-2024-09-23T121736.731.png\" alt=\"Caroline Fourest\" class=\"wp-image-174\" style=\"width:723px;height:auto\" title=\"Caroline Fourest\" srcset=\"https:\/\/www.dmoz.fr\/starlettes\/wp-content\/uploads\/2024\/09\/download-2024-09-23T121736.731.png 559w, https:\/\/www.dmoz.fr\/starlettes\/wp-content\/uploads\/2024\/09\/download-2024-09-23T121736.731-300x190.png 300w, https:\/\/www.dmoz.fr\/starlettes\/wp-content\/uploads\/2024\/09\/download-2024-09-23T121736.731-150x95.png 150w, https:\/\/www.dmoz.fr\/starlettes\/wp-content\/uploads\/2024\/09\/download-2024-09-23T121736.731-450x285.png 450w\" sizes=\"(max-width: 559px) 100vw, 559px\" \/><figcaption class=\"wp-element-caption\">Caroline Fourest<\/figcaption><\/figure>\n<\/div>\n\n\n<p>\u00ab Lorsque des attaques sont dirig\u00e9es contre moi, Fiammetta filtre les commentaires malveillants \u00bb, explique Caroline. Le soutien est toujours pr\u00e9sent. Fiammetta cherche dans les m\u00e9dias sociaux de quoi compenser la violence des messages.<\/p>\n\n\n\n<p>Leur lien reste discret et invisible. La cl\u00e9, c&rsquo;est le respect et la complicit\u00e9. Le plus souvent autour d&rsquo;un caf\u00e9 ou d&rsquo;une promenade, elles se retrouvent loin de l&rsquo;agitation m\u00e9diatique. Parfois, pour trouver le calme, il faut fermer les volets.<\/p>\n\n\n\n<h3 class=\"wp-block-heading\">Biographie et Informations sur Caroline Fourest<\/h3>\n\n\n\n<figure class=\"wp-block-table\"><table class=\"has-fixed-layout\"><thead><tr><th><strong>Nom complet<\/strong><\/th><th><a href=\"https:\/\/www.dmoz.fr\/starlettes\/tag\/caroline-fourest\/\" data-type=\"post_tag\" data-id=\"77\">Caroline Fourest<\/a><\/th><\/tr><\/thead><tbody><tr><td><strong>Date de naissance<\/strong><\/td><td>19 septembre 1975<\/td><\/tr><tr><td><strong>Lieu de naissance<\/strong><\/td><td>Aix-en-Provence, France<\/td><\/tr><tr><td><strong>Profession<\/strong><\/td><td><a href=\"https:\/\/www.dmoz.fr\/starlettes\/tag\/journaliste\/\" data-type=\"post_tag\" data-id=\"79\">Journaliste<\/a>, <a href=\"https:\/\/www.dmoz.fr\/starlettes\/tag\/essayiste\/\" data-type=\"post_tag\" data-id=\"80\">essayiste<\/a>, <a href=\"https:\/\/www.dmoz.fr\/starlettes\/tag\/realisatrice\/\" data-type=\"post_tag\" data-id=\"81\">r\u00e9alisatrice<\/a><\/td><\/tr><tr><td><strong><a href=\"https:\/\/www.dmoz.fr\/starlettes\/copines\/kameto-et-sa-copine\/\" data-type=\"link\" data-id=\"https:\/\/www.dmoz.fr\/starlettes\/copines\/kameto-et-sa-copine\/\">Partenaire<\/a><\/strong><\/td><td><a href=\"https:\/\/www.dmoz.fr\/starlettes\/tag\/fiammetta-venner\/\" data-type=\"post_tag\" data-id=\"78\">Fiammetta Venner<\/a><\/td><\/tr><tr><td><strong>Th\u00e8mes principaux<\/strong><\/td><td>La\u00efcit\u00e9, f\u00e9minisme, droits humains<\/td><\/tr><tr><td><strong>Distinctions<\/strong><\/td><td>Prix Jean-Zay, Prix du livre politique<\/td><\/tr><tr><td><strong>Publications notables<\/strong><\/td><td><em>\u00c9loge du blasph\u00e8me<\/em>, <em>La Tentation obscurantiste<\/em><\/td><\/tr><\/tbody><\/table><figcaption class=\"wp-element-caption\">Caroline Fourest<\/figcaption><\/figure>\n\n\n\n<p><a href=\"https:\/\/www.instagram.com\/caroline_fourest\/?hl=en\" target=\"_blank\" rel=\"noopener\">Instagram<\/a>  ,  <a href=\"https:\/\/en.wikipedia.org\/wiki\/Caroline_Fourest\" target=\"_blank\" rel=\"noopener\">Wiki<\/a><\/p>\n\n\n\n<h4 class=\"wp-block-heading\">Fiammetta Venner est quelqu&rsquo;un qui :<\/h4>\n\n\n\n<p>Fiammetta est une auteure, une politologue et une militante engag\u00e9e. Les droits de l&rsquo;homme et la la\u00efcit\u00e9 sont des passions que Caroline et elle partagent. Leur rencontre lors d&rsquo;un \u00e9v\u00e9nement militant a marqu\u00e9 le d\u00e9but d&rsquo;une longue relation.<\/p>\n\n\n\n<p>Elles parlent g\u00e9n\u00e9ralement de leurs engagements communs et de l&rsquo;actualit\u00e9. Leur maison est un sujet de discussion. Ces interactions renforcent leurs convictions et contribuent \u00e0 nourrir leur relation. Ils ont r\u00e9ussi \u00e0 concilier vie priv\u00e9e et vie publique.<\/p>\n\n\n\n<p>\u00ab Notre relation est comme un cocon \u00bb, remarque Caroline. Compte tenu du stress qu&rsquo;elles subissent, cette protection est vraiment vitale. Les deux femmes pr\u00e9f\u00e8rent rester discr\u00e8tes. Elles donnent la priorit\u00e9 \u00e0 leur couple et \u00e0 leur bien-\u00eatre personnel.<\/p>\n\n\n\n<h4 class=\"wp-block-heading\">Leurs int\u00e9r\u00eats communs<\/h4>\n\n\n\n<p>Caroline et Fiammetta publient r\u00e9guli\u00e8rement ensemble. Elles soutiennent la la\u00efcit\u00e9 tout en d\u00e9non\u00e7ant les dangers du radicalisme. Leur activit\u00e9 refl\u00e8te un engagement \u00e0 la fois personnel et professionnel. Elles s&rsquo;entraident dans leurs combats.<\/p>\n\n\n\n<h4 class=\"wp-block-heading\">Projets et militantisme au quotidien<\/h4>\n\n\n\n<p>Le duo se consacre aux questions <a href=\"https:\/\/fr.news.yahoo.com\/photos-caroline-fourest-couple-fiammetta-155100517.html\" target=\"_blank\" rel=\"noopener\">politiques<\/a> et sociales. Ils continuent d&rsquo;\u00e9crire sur des sujets qui leur tiennent \u00e0 c\u0153ur, publient des articles et participent \u00e0 des d\u00e9bats. Cette coop\u00e9ration militante d\u00e9pend beaucoup de Fiammetta.<\/p>\n\n\n\n<p>Leur m\u00eame d\u00e9vouement les rapproche. Leur activit\u00e9 commune leur donne de la force et elles se battent pour les m\u00eames valeurs. Ensemble, ils donnent l&rsquo;image d&rsquo;un couple qui r\u00e9siste aux exigences du monde ext\u00e9rieur.<\/p>\n\n\n\n<h4 class=\"wp-block-heading\">Une vie en dehors des projecteurs<\/h4>\n\n\n\n<p>Bien que visibles, ils tiennent \u00e0 garder intact leur jardin secret. Ils prot\u00e8gent leur relation des regards indiscrets. Leur premi\u00e8re pr\u00e9occupation est d&rsquo;honorer leur droit \u00e0 la vie priv\u00e9e. Vivre \u00e0 l&rsquo;abri des regards est vraiment vital, dit Caroline.<\/p>\n\n\n\n<p>Les deux femmes comprennent que la c\u00e9l\u00e9brit\u00e9 peut peser lourd. Elles ont trouv\u00e9 l&rsquo;\u00e9quilibre n\u00e9cessaire pour mener une vie tranquille. Loin des d\u00e9bats, elles prennent du recul et se concentrent sur ce qui est vraiment important : leur amour et leurs projets communs.<\/p>\n\n\n\n<h4 class=\"wp-block-heading\">Une analogie de r\u00e9silience<\/h4>\n\n\n\n<p>De nombreux militants et activistes s&rsquo;inspirent du duo Caroline Fourest et Fiammetta Venner. Leur soutien mutuel fait leur force. Ensemble, elles d\u00e9fendent leurs convictions sans jamais s&rsquo;en \u00e9carter sous la pression.<\/p>\n\n\n\n<p>Caroline et Fiammetta sont un exemple de r\u00e9silience et de coop\u00e9ration. Leur amour s&rsquo;interpelle avec une clart\u00e9 particuli\u00e8re et perdure au fil des ann\u00e9es.<\/p>\n","protected":false},"excerpt":{"rendered":"<p>Caroline Fourest a convol\u00e9 en justes noces avec Fiammetta Venner. Elles ont form\u00e9 un couple solide pendant vingt-huit ans. Fiammetta est un v\u00e9ritable bouclier facial contre les critiques. Les temp\u00eates m\u00e9diatiques sont travers\u00e9es par eux tous. \u00ab Lorsque des attaques sont dirig\u00e9es contre moi, Fiammetta filtre les commentaires malveillants \u00bb, explique Caroline. Le soutien est&#8230;<\/p>\n","protected":false},"author":2,"featured_media":174,"comment_status":"open","ping_status":"open","sticky":false,"template":"","format":"standard","meta":{"_kad_post_transparent":"","_kad_post_title":"","_kad_post_layout":"","_kad_post_sidebar_id":"","_kad_post_content_style":"","_kad_post_vertical_padding":"","_kad_post_feature":"","_kad_post_feature_position":"","_kad_post_header":false,"_kad_post_footer":false,"_kad_post_classname":"","iawp_total_views":9,"footnotes":""},"categories":[12],"tags":[77,80,78,79,81],"class_list":["post-173","post","type-post","status-publish","format-standard","has-post-thumbnail","hentry","category-copines","tag-caroline-fourest","tag-essayiste","tag-fiammetta-venner","tag-journaliste","tag-realisatrice"],"_links":{"self":[{"href":"https:\/\/www.dmoz.fr\/starlettes\/wp-json\/wp\/v2\/posts\/173","targetHints":{"allow":["GET"]}}],"collection":[{"href":"https:\/\/www.dmoz.fr\/starlettes\/wp-json\/wp\/v2\/posts"}],"about":[{"href":"https:\/\/www.dmoz.fr\/starlettes\/wp-json\/wp\/v2\/types\/post"}],"author":[{"embeddable":true,"href":"https:\/\/www.dmoz.fr\/starlettes\/wp-json\/wp\/v2\/users\/2"}],"replies":[{"embeddable":true,"href":"https:\/\/www.dmoz.fr\/starlettes\/wp-json\/wp\/v2\/comments?post=173"}],"version-history":[{"count":0,"href":"https:\/\/www.dmoz.fr\/starlettes\/wp-json\/wp\/v2\/posts\/173\/revisions"}],"wp:featuredmedia":[{"embeddable":true,"href":"https:\/\/www.dmoz.fr\/starlettes\/wp-json\/wp\/v2\/media\/174"}],"wp:attachment":[{"href":"https:\/\/www.dmoz.fr\/starlettes\/wp-json\/wp\/v2\/media?parent=173"}],"wp:term":[{"taxonomy":"category","embeddable":true,"href":"https:\/\/www.dmoz.fr\/starlettes\/wp-json\/wp\/v2\/categories?post=173"},{"taxonomy":"post_tag","embeddable":true,"href":"https:\/\/www.dmoz.fr\/starlettes\/wp-json\/wp\/v2\/tags?post=173"}],"curies":[{"name":"wp","href":"https:\/\/api.w.org\/{rel}","templated":true}]}}