{"id":191,"date":"2024-09-26T12:54:56","date_gmt":"2024-09-26T12:54:56","guid":{"rendered":"https:\/\/www.dmoz.fr\/starlettes\/?p=191"},"modified":"2024-09-26T12:54:58","modified_gmt":"2024-09-26T12:54:58","slug":"mari-de-gisele-pelicot-un-proces-sous-les-projecteurs","status":"publish","type":"post","link":"https:\/\/www.dmoz.fr\/starlettes\/copines\/mari-de-gisele-pelicot-un-proces-sous-les-projecteurs\/","title":{"rendered":"Mari de Gis\u00e8le Pelicot, Un proc\u00e8s sous les projecteurs"},"content":{"rendered":"\n<p><strong>Gis\u00e8le Pelicot face \u00e0 son ex-mari Dominique Pelicot<\/strong><\/p>\n\n\n\n<p><strong>Gis\u00e8le Pelicot a \u00e9cout\u00e9 pendant le proc\u00e8s d&rsquo;Avignon Dominique, son ex-mari, t\u00e9moigner. Sans son autorisation, il reconna\u00eet avoir viol\u00e9 sa femme et demande pardon. Il d\u00e9clare : \u00ab Je suis un violeur, comme ceux qui sont dans cette salle. \u00bb<\/strong><\/p>\n\n\n<div class=\"wp-block-image\">\n<figure class=\"aligncenter size-full is-resized\" id=\"Gis\u00e8le-Pelicot\"><img fetchpriority=\"high\" decoding=\"async\" width=\"305\" height=\"217\" src=\"https:\/\/www.dmoz.fr\/starlettes\/wp-content\/uploads\/2024\/09\/image-1.png\" alt=\"Gis\u00e8le Pelicot\" class=\"wp-image-192\" style=\"width:747px;height:auto\" title=\"Gis\u00e8le Pelicot\" srcset=\"https:\/\/www.dmoz.fr\/starlettes\/wp-content\/uploads\/2024\/09\/image-1.png 305w, https:\/\/www.dmoz.fr\/starlettes\/wp-content\/uploads\/2024\/09\/image-1-300x213.png 300w, https:\/\/www.dmoz.fr\/starlettes\/wp-content\/uploads\/2024\/09\/image-1-150x107.png 150w\" sizes=\"(max-width: 305px) 100vw, 305px\" \/><figcaption class=\"wp-element-caption\">Gis\u00e8le Pelicot<\/figcaption><\/figure>\n<\/div>\n\n\n<p>Le proc\u00e8s devient repr\u00e9sentatif. Gis\u00e8le a accept\u00e9 de le rendre public pour que \u00ab la honte change de camp \u00bb. Des milliers de victimes de violences sexuelles sont motiv\u00e9es par ce courage.<\/p>\n\n\n\n<h4 class=\"wp-block-heading\">L&rsquo;autobiographie de Gis\u00e8le Pelicot<\/h4>\n\n\n\n<figure class=\"wp-block-table\"><table class=\"has-fixed-layout\"><thead><tr><th><strong>Information<\/strong><\/th><th><strong>D\u00e9tail<\/strong><\/th><\/tr><\/thead><tbody><tr><td><strong>Nom complet<\/strong><\/td><td><a href=\"https:\/\/www.dmoz.fr\/starlettes\/tag\/gisele-pelicot\/\" data-type=\"post_tag\" data-id=\"95\">Gis\u00e8le Pelicot<\/a><\/td><\/tr><tr><td><strong>Date de naissance<\/strong><\/td><td>1952 (\u00e2ge : 71 ans)<\/td><\/tr><tr><td><strong>Profession<\/strong><\/td><td><a href=\"https:\/\/www.dmoz.fr\/starlettes\/tag\/femme-au-foyer\/\" data-type=\"post_tag\" data-id=\"97\">Femme au foyer<\/a>, <a href=\"https:\/\/www.dmoz.fr\/starlettes\/tag\/activiste-feministe\/\" data-type=\"post_tag\" data-id=\"98\">activiste f\u00e9ministe<\/a><\/td><\/tr><tr><td><strong>Ex-mari<\/strong><\/td><td><a href=\"https:\/\/www.dmoz.fr\/starlettes\/tag\/dominique-pelicot\/\" data-type=\"post_tag\" data-id=\"96\">Dominique Pelicot<\/a><\/td><\/tr><tr><td><strong>Nombre d\u2019enfants<\/strong><\/td><td>Trois<\/td><\/tr><tr><td><strong>R\u00f4le dans l\u2019affaire<\/strong><\/td><td>Victime dans un proc\u00e8s pour viol<\/td><\/tr><tr><td><strong>Cause soutenue<\/strong><\/td><td>Lutte contre les violences sexuelles<\/td><\/tr><tr><td><strong>R\u00e9f\u00e9rence<\/strong><\/td><td><a href=\"https:\/\/www.bfmtv.com\/police-justice\/ce-n-est-pas-un-violeur-au-proces-pelicot-ces-femmes-viennent-soutenir-leur-mari-accuse_GN-202409230148.html\" target=\"_blank\" rel=\"noopener\">Proc\u00e8s de Mazan<\/a><\/td><\/tr><\/tbody><\/table><figcaption class=\"wp-element-caption\">Gis\u00e8le Pelicot<\/figcaption><\/figure>\n\n\n\n<h4 class=\"wp-block-heading\">Une exp\u00e9rience pour \u00ab changer de camp \u00bb sur la honte<\/h4>\n\n\n\n<p>L&rsquo;accus\u00e9, Lionel R., a lui aussi reconnu le viol de Gis\u00e8le tout au long du proc\u00e8s. Il s&rsquo;est retourn\u00e9 pour s&rsquo;excuser. \u00ab J&rsquo;avais l&rsquo;intention de ne pas violer \u00bb, a-t-il d\u00e9clar\u00e9. Il a demand\u00e9 \u00e0 la victime de lui pardonner son comportement. Ses excuses ne peuvent pas faire dispara\u00eetre la souffrance.<\/p>\n\n\n\n<p>Des vid\u00e9os montrant l&rsquo;absence de permission de Gis\u00e8le ont \u00e9t\u00e9 diffus\u00e9es. La cour a \u00e9t\u00e9 stup\u00e9faite par cette preuve, qui a soulign\u00e9 le poids des accusations. Pour la lutte contre les violences sexuelles, ce proc\u00e8s est embl\u00e9matique.<\/p>\n\n\n\n<h4 class=\"wp-block-heading\">Dominique Pelicot assume ses fautes<\/h4>\n\n\n\n<p>Des ann\u00e9es de silence ont suivi jusqu&rsquo;\u00e0 ce que Dominique Pelicot avoue ses crimes. Je demande pardon \u00e0 Gis\u00e8le, elle ne m\u00e9ritait pas \u00e7a \u00bb, a-t-il d\u00e9clar\u00e9.<\/p>\n\n\n\n<h4 class=\"wp-block-heading\">Il y a 51 co-accus\u00e9s engag\u00e9s dans le proc\u00e8s<\/h4>\n\n\n\n<p>Le proc\u00e8s compte 51 hommes. Ils sont accus\u00e9s d&rsquo;avoir aid\u00e9 Dominique \u00e0 organiser les viols. Comme Lionel R., d&rsquo;autres ont reconnu leur <a href=\"https:\/\/www.dmoz.fr\/starlettes\/copines\/roman-doduik-en-couple-avec-emma-semoun\/\">culpabilit\u00e9<\/a>. Les donn\u00e9es sont tout simplement trop fortes.<\/p>\n\n\n\n<h4 class=\"wp-block-heading\">Les implications du proc\u00e8s<\/h4>\n\n\n\n<p>Gis\u00e8le est d\u00e9sormais un manager solide. Elle a d\u00e9cid\u00e9 de rompre le silence en rendant son proc\u00e8s public. Pour beaucoup de femmes, son combat repr\u00e9sente d\u00e9sormais un symbole.<\/p>\n\n\n\n<h4 class=\"wp-block-heading\">Effets sur la soci\u00e9t\u00e9 et la lutte contre la violence<\/h4>\n\n\n\n<p>Ce proc\u00e8s met l&rsquo;accent sur le probl\u00e8me du consentement. Il a amen\u00e9 la soci\u00e9t\u00e9 \u00e0 r\u00e9\u00e9valuer la mani\u00e8re dont les victimes sont prot\u00e9g\u00e9es. Des lois plus s\u00e9v\u00e8res sont demand\u00e9es et se multiplient. Le r\u00e9cit de Gis\u00e8le a motiv\u00e9 la mont\u00e9e d&rsquo;un mouvement f\u00e9ministe.<\/p>\n\n\n\n<p>Le proc\u00e8s reste une illustration du courage et de la t\u00e9nacit\u00e9 contre les abus sexuels.<\/p>\n","protected":false},"excerpt":{"rendered":"<p>Gis\u00e8le Pelicot face \u00e0 son ex-mari Dominique Pelicot Gis\u00e8le Pelicot a \u00e9cout\u00e9 pendant le proc\u00e8s d&rsquo;Avignon Dominique, son ex-mari, t\u00e9moigner. Sans son autorisation, il reconna\u00eet avoir viol\u00e9 sa femme et demande pardon. Il d\u00e9clare : \u00ab Je suis un violeur, comme ceux qui sont dans cette salle. \u00bb Le proc\u00e8s devient repr\u00e9sentatif. Gis\u00e8le a accept\u00e9&#8230;<\/p>\n","protected":false},"author":2,"featured_media":192,"comment_status":"open","ping_status":"open","sticky":false,"template":"","format":"standard","meta":{"_kad_post_transparent":"","_kad_post_title":"","_kad_post_layout":"","_kad_post_sidebar_id":"","_kad_post_content_style":"","_kad_post_vertical_padding":"","_kad_post_feature":"","_kad_post_feature_position":"","_kad_post_header":false,"_kad_post_footer":false,"_kad_post_classname":"","iawp_total_views":0,"footnotes":""},"categories":[12],"tags":[98,96,97,95],"class_list":["post-191","post","type-post","status-publish","format-standard","has-post-thumbnail","hentry","category-copines","tag-activiste-feministe","tag-dominique-pelicot","tag-femme-au-foyer","tag-gisele-pelicot"],"_links":{"self":[{"href":"https:\/\/www.dmoz.fr\/starlettes\/wp-json\/wp\/v2\/posts\/191","targetHints":{"allow":["GET"]}}],"collection":[{"href":"https:\/\/www.dmoz.fr\/starlettes\/wp-json\/wp\/v2\/posts"}],"about":[{"href":"https:\/\/www.dmoz.fr\/starlettes\/wp-json\/wp\/v2\/types\/post"}],"author":[{"embeddable":true,"href":"https:\/\/www.dmoz.fr\/starlettes\/wp-json\/wp\/v2\/users\/2"}],"replies":[{"embeddable":true,"href":"https:\/\/www.dmoz.fr\/starlettes\/wp-json\/wp\/v2\/comments?post=191"}],"version-history":[{"count":0,"href":"https:\/\/www.dmoz.fr\/starlettes\/wp-json\/wp\/v2\/posts\/191\/revisions"}],"wp:featuredmedia":[{"embeddable":true,"href":"https:\/\/www.dmoz.fr\/starlettes\/wp-json\/wp\/v2\/media\/192"}],"wp:attachment":[{"href":"https:\/\/www.dmoz.fr\/starlettes\/wp-json\/wp\/v2\/media?parent=191"}],"wp:term":[{"taxonomy":"category","embeddable":true,"href":"https:\/\/www.dmoz.fr\/starlettes\/wp-json\/wp\/v2\/categories?post=191"},{"taxonomy":"post_tag","embeddable":true,"href":"https:\/\/www.dmoz.fr\/starlettes\/wp-json\/wp\/v2\/tags?post=191"}],"curies":[{"name":"wp","href":"https:\/\/api.w.org\/{rel}","templated":true}]}}