{"id":194,"date":"2024-09-26T13:06:01","date_gmt":"2024-09-26T13:06:01","guid":{"rendered":"https:\/\/www.dmoz.fr\/starlettes\/?p=194"},"modified":"2024-09-26T13:06:03","modified_gmt":"2024-09-26T13:06:03","slug":"didier-roustan-origine-et-parents-une-vie-entre-passion-et-discretion","status":"publish","type":"post","link":"https:\/\/www.dmoz.fr\/starlettes\/dernier\/didier-roustan-origine-et-parents-une-vie-entre-passion-et-discretion\/","title":{"rendered":"Didier Roustan Origine et Parents, une vie entre passion et discr\u00e9tion"},"content":{"rendered":"\n<p><strong>Le 10 octobre 1957 na\u00eet Didier Roustan \u00e0 Brazzaville, au Congo. Il a surtout grandi \u00e0 Cannes, loin de ses parents. Ce sont ses grands-parents qui l&rsquo;ont \u00e9lev\u00e9. L&rsquo;installation \u00e0 Cannes marque le d\u00e9but d&rsquo;une vie d&rsquo;exploration et de voyages.<\/strong><\/p>\n\n\n<div class=\"wp-block-image\">\n<figure class=\"aligncenter size-full is-resized\" id=\"Didier-Roustan-\"><img fetchpriority=\"high\" decoding=\"async\" width=\"590\" height=\"420\" src=\"https:\/\/www.dmoz.fr\/starlettes\/wp-content\/uploads\/2024\/09\/image-2.png\" alt=\"Didier Roustan \" class=\"wp-image-195\" style=\"width:676px;height:auto\" title=\"Didier Roustan \" srcset=\"https:\/\/www.dmoz.fr\/starlettes\/wp-content\/uploads\/2024\/09\/image-2.png 590w, https:\/\/www.dmoz.fr\/starlettes\/wp-content\/uploads\/2024\/09\/image-2-300x214.png 300w, https:\/\/www.dmoz.fr\/starlettes\/wp-content\/uploads\/2024\/09\/image-2-150x107.png 150w, https:\/\/www.dmoz.fr\/starlettes\/wp-content\/uploads\/2024\/09\/image-2-450x320.png 450w\" sizes=\"(max-width: 590px) 100vw, 590px\" \/><figcaption class=\"wp-element-caption\">Didier Roustan <\/figcaption><\/figure>\n<\/div>\n\n\n<p>Roustan \u00e9tait g\u00e9n\u00e9ralement discret sur sa vie familiale. Il ne parle que tr\u00e8s rarement de ses parents. Il d\u00e9crit une enfance pass\u00e9e \u00e0 voyager constamment, principalement entre l&rsquo;Afrique et la France.<\/p>\n\n\n\n<h4 class=\"wp-block-heading\">Histoire personnelle<\/h4>\n\n\n\n<figure class=\"wp-block-table\"><table class=\"has-fixed-layout\"><thead><tr><th><strong>Informations Biographiques<\/strong><\/th><th><strong>D\u00e9tails<\/strong><\/th><\/tr><\/thead><tbody><tr><td><strong>Nom complet<\/strong><\/td><td><a href=\"https:\/\/www.dmoz.fr\/starlettes\/tag\/didier-roustan\/\" data-type=\"post_tag\" data-id=\"99\">Didier Roustan<\/a><\/td><\/tr><tr><td><strong>Date de naissance<\/strong><\/td><td>10 octobre 1957<\/td><\/tr><tr><td><strong>Lieu de naissance<\/strong><\/td><td>Brazzaville, Congo<\/td><\/tr><tr><td><strong>Nationalit\u00e9<\/strong><\/td><td>Fran\u00e7aise<\/td><\/tr><tr><td><strong>Date de d\u00e9c\u00e8s<\/strong><\/td><td>11 septembre 2024 (66 ans)<\/td><\/tr><tr><td><strong>Profession<\/strong><\/td><td><a href=\"https:\/\/www.dmoz.fr\/starlettes\/tag\/journaliste-sportif\/\" data-type=\"post_tag\" data-id=\"100\">Journaliste sportif<\/a><\/td><\/tr><tr><td><strong>Cha\u00eenes<\/strong><\/td><td>TF1, Canal+, France 2, L&rsquo;\u00c9quipe<\/td><\/tr><\/tbody><\/table><figcaption class=\"wp-element-caption\">Didier Roustan <\/figcaption><\/figure>\n\n\n\n<p><a href=\"https:\/\/en.wikipedia.org\/wiki\/Didier_Roustan#:~:text=Argentina%20and%20Canada.-,Personal%20life%20and%20death,grew%20up%20in%20Cannes%2C%20France.\" target=\"_blank\" rel=\"noopener\">Wiki<\/a><\/p>\n\n\n\n<h4 class=\"wp-block-heading\">Une carri\u00e8re exceptionnelle dans le journalisme sportif<\/h4>\n\n\n\n<p>Roustan fait ses d\u00e9buts \u00e0 TF1 en 1976. Il est arriv\u00e9 \u00e0 T\u00e9l\u00e9foot pouss\u00e9 par son amour du football. Il s&rsquo;est rapidement impos\u00e9 comme un acteur majeur du journalisme sportif fran\u00e7ais.<\/p>\n\n\n\n<p>Il a parl\u00e9 des grandes occasions comme l&rsquo;Euro 1984. La France a gagn\u00e9 cet \u00e9v\u00e9nement, un \u00e9v\u00e9nement historique dans les annales du sport fran\u00e7ais. Pour des millions de t\u00e9l\u00e9spectateurs, Roustan est devenu la voix du football.<\/p>\n\n\n\n<h4 class=\"wp-block-heading\">Amiti\u00e9s avec des stars du football<\/h4>\n\n\n\n<p>Didier Roustan a tiss\u00e9 des liens au fil du temps avec de grands joueurs comme Diego Maradona et \u00c9ric Cantona. En 1995, il cofonde avec Cantona et Maradona l&rsquo;Association internationale des joueurs professionnels.<\/p>\n\n\n\n<p>Cette soci\u00e9t\u00e9 a pour but de prot\u00e9ger les athl\u00e8tes. Le football devient de plus en plus ax\u00e9 sur l&rsquo;argent et Roustan veut prot\u00e9ger les joueurs, qui sont la base du jeu.<\/p>\n\n\n\n<h4 class=\"wp-block-heading\">Vie priv\u00e9e : discr\u00e9tion<\/h4>\n\n\n\n<p>Malgr\u00e9 sa notori\u00e9t\u00e9, Didier Roustan a toujours gard\u00e9 sa vie priv\u00e9e. Il s&rsquo;est tenu \u00e0 l&rsquo;\u00e9cart des projecteurs en ce qui concerne sa <a href=\"https:\/\/www.gala.fr\/stars_et_gotha\/didier_roustan\" target=\"_blank\" rel=\"noopener\">famille<\/a>. Sa vie personnelle est inconnue. Cette d\u00e9cision de ne pas m\u00e9diatiser sa vie familiale a toujours \u00e9t\u00e9 appr\u00e9ci\u00e9e.<\/p>\n\n\n\n<p>Lors d&rsquo;une interview, il a bri\u00e8vement \u00e9voqu\u00e9 les d\u00e9fis que repr\u00e9sente le fait de mener une vie coh\u00e9rente tout en \u00e9tant toujours sur la route. \u00ab Il est difficile de voir son enfant demander \u00e0 rester quand on doit partir \u00bb, a-t-il d\u00e9clar\u00e9.<\/p>\n\n\n\n<h4 class=\"wp-block-heading\">Un lien \u00e9troit avec Cannes<\/h4>\n\n\n\n<p>Roustan est rest\u00e9 tr\u00e8s proche de Cannes. Il y revient souvent pour se ressourcer. Il retrouvait ses copains d&rsquo;enfance et passait avec eux des moments vrais, honn\u00eates. Cannes a toujours \u00e9t\u00e9 pour lui un refuge \u00e0 l&rsquo;abri des projecteurs.<\/p>\n\n\n\n<p>Apr\u00e8s sa mort, le maire de Cannes, David Lisnard, a rendu hommage \u00e0 Roustan. Il a fait l&rsquo;\u00e9loge d&rsquo;un \u00ab Cannois passionn\u00e9 \u00bb qui n&rsquo;a jamais laiss\u00e9 la n\u00e9gativit\u00e9 l&#8217;emporter. Roustan restera un homme solidement enracin\u00e9 dans sa ville natale.<\/p>\n\n\n\n<h4 class=\"wp-block-heading\">un h\u00e9ritage sans \u00e2ge<\/h4>\n\n\n\n<p>Le 11 septembre 2024, Didier Roustan d\u00e9c\u00e8de des suites d&rsquo;un cancer du foie. Il avait soixante-six ans. Sa disparition a suscit\u00e9 une vague d&rsquo;\u00e9motion dans le monde du sport. D&rsquo;anciens coll\u00e8gues ont exprim\u00e9 leur peine, \u00e9voquant une \u00ab bible du sport \u00bb qui nous a quitt\u00e9s.<\/p>\n\n\n\n<p>L&rsquo;\u00c9quipe a rendu hommage \u00e0 sa carri\u00e8re et salu\u00e9 ses grandes contributions au <a href=\"https:\/\/www.dmoz.fr\/starlettes\/dernier\/maeva-ghennam-origine-parcours-et-vie-familiale\/\">journalisme sportif<\/a>. L&rsquo;histoire du sport et de la t\u00e9l\u00e9vision portera toujours son empreinte et son amour du football.<\/p>\n","protected":false},"excerpt":{"rendered":"<p>Le 10 octobre 1957 na\u00eet Didier Roustan \u00e0 Brazzaville, au Congo. Il a surtout grandi \u00e0 Cannes, loin de ses parents. Ce sont ses grands-parents qui l&rsquo;ont \u00e9lev\u00e9. L&rsquo;installation \u00e0 Cannes marque le d\u00e9but d&rsquo;une vie d&rsquo;exploration et de voyages. Roustan \u00e9tait g\u00e9n\u00e9ralement discret sur sa vie familiale. Il ne parle que tr\u00e8s rarement de&#8230;<\/p>\n","protected":false},"author":2,"featured_media":195,"comment_status":"open","ping_status":"open","sticky":false,"template":"","format":"standard","meta":{"_kad_post_transparent":"","_kad_post_title":"","_kad_post_layout":"","_kad_post_sidebar_id":"","_kad_post_content_style":"","_kad_post_vertical_padding":"","_kad_post_feature":"","_kad_post_feature_position":"","_kad_post_header":false,"_kad_post_footer":false,"_kad_post_classname":"","iawp_total_views":0,"footnotes":""},"categories":[11],"tags":[103,99,102,100,104,101],"class_list":["post-194","post","type-post","status-publish","format-standard","has-post-thumbnail","hentry","category-dernier","tag-canal","tag-didier-roustan","tag-france-2","tag-journaliste-sportif","tag-lequipe","tag-tf1"],"_links":{"self":[{"href":"https:\/\/www.dmoz.fr\/starlettes\/wp-json\/wp\/v2\/posts\/194","targetHints":{"allow":["GET"]}}],"collection":[{"href":"https:\/\/www.dmoz.fr\/starlettes\/wp-json\/wp\/v2\/posts"}],"about":[{"href":"https:\/\/www.dmoz.fr\/starlettes\/wp-json\/wp\/v2\/types\/post"}],"author":[{"embeddable":true,"href":"https:\/\/www.dmoz.fr\/starlettes\/wp-json\/wp\/v2\/users\/2"}],"replies":[{"embeddable":true,"href":"https:\/\/www.dmoz.fr\/starlettes\/wp-json\/wp\/v2\/comments?post=194"}],"version-history":[{"count":0,"href":"https:\/\/www.dmoz.fr\/starlettes\/wp-json\/wp\/v2\/posts\/194\/revisions"}],"wp:featuredmedia":[{"embeddable":true,"href":"https:\/\/www.dmoz.fr\/starlettes\/wp-json\/wp\/v2\/media\/195"}],"wp:attachment":[{"href":"https:\/\/www.dmoz.fr\/starlettes\/wp-json\/wp\/v2\/media?parent=194"}],"wp:term":[{"taxonomy":"category","embeddable":true,"href":"https:\/\/www.dmoz.fr\/starlettes\/wp-json\/wp\/v2\/categories?post=194"},{"taxonomy":"post_tag","embeddable":true,"href":"https:\/\/www.dmoz.fr\/starlettes\/wp-json\/wp\/v2\/tags?post=194"}],"curies":[{"name":"wp","href":"https:\/\/api.w.org\/{rel}","templated":true}]}}