{"id":208,"date":"2024-10-01T08:51:58","date_gmt":"2024-10-01T08:51:58","guid":{"rendered":"https:\/\/www.dmoz.fr\/starlettes\/?p=208"},"modified":"2024-10-01T08:52:00","modified_gmt":"2024-10-01T08:52:00","slug":"dany-boonl-pere-devoue-de-cinq-enfants","status":"publish","type":"post","link":"https:\/\/www.dmoz.fr\/starlettes\/copines\/dany-boonl-pere-devoue-de-cinq-enfants\/","title":{"rendered":"Dany Boon,l P\u00e8re d\u00e9vou\u00e9 de cinq enfants"},"content":{"rendered":"\n<h4 class=\"wp-block-heading\">Une famille mixte compliqu\u00e9e mais coh\u00e9sive<\/h4>\n\n\n\n<p><strong>Dany Boon a cinq enfants issus de trois partenariats distincts. Chaque jeune a trouv\u00e9 sa place dans ce grand m\u00e9nage. Les relations de la fratrie sont harmonieuses. Celles de la fratrie le sont aussi.<\/strong><\/p>\n\n\n<div class=\"wp-block-image\">\n<figure class=\"aligncenter size-full is-resized\" id=\"Dany-Boon-Enfants\"><img fetchpriority=\"high\" decoding=\"async\" width=\"411\" height=\"280\" src=\"https:\/\/www.dmoz.fr\/starlettes\/wp-content\/uploads\/2024\/10\/download-86.png\" alt=\"Dany Boon Enfants\" class=\"wp-image-209\" style=\"width:683px;height:auto\" title=\"Dany Boon Enfants\" srcset=\"https:\/\/www.dmoz.fr\/starlettes\/wp-content\/uploads\/2024\/10\/download-86.png 411w, https:\/\/www.dmoz.fr\/starlettes\/wp-content\/uploads\/2024\/10\/download-86-300x204.png 300w, https:\/\/www.dmoz.fr\/starlettes\/wp-content\/uploads\/2024\/10\/download-86-150x102.png 150w\" sizes=\"(max-width: 411px) 100vw, 411px\" \/><figcaption class=\"wp-element-caption\">Dany Boon Enfants<\/figcaption><\/figure>\n<\/div>\n\n\n<h4 class=\"wp-block-heading\">Liste des enfants de Dany Boon<\/h4>\n\n\n\n<figure class=\"wp-block-table\"><table class=\"has-fixed-layout\"><thead><tr><th><strong>Nom<\/strong><\/th><th><strong>Enfants de <a href=\"https:\/\/www.dmoz.fr\/starlettes\/tag\/dany-boon\/\" data-type=\"post_tag\" data-id=\"120\">Dany Boon<\/a><\/strong><\/th><\/tr><\/thead><tbody><tr><td><strong>Mehdi Boon<\/strong><\/td><td>N\u00e9 en 1997 de l&rsquo;union avec Sophie Hermelin.<\/td><\/tr><tr><td><strong>No\u00e9 Boon<\/strong><\/td><td>N\u00e9 en 1999 de son amour avec Judith Godr\u00e8che.<\/td><\/tr><tr><td><strong>Eytan Boon<\/strong><\/td><td>N\u00e9 en 2005, fruit de sa relation avec Ya\u00ebl Harris.<\/td><\/tr><tr><td><strong>\u00c9lia Boon<\/strong><\/td><td>N\u00e9 en 2006, issu \u00e9galement de sa relation avec Ya\u00ebl Harris.<\/td><\/tr><tr><td><strong>Sarah Boon<\/strong><\/td><td>N\u00e9e en 2010, la petite derni\u00e8re, \u00e9galement de Ya\u00ebl Harris.<\/td><\/tr><\/tbody><\/table><figcaption class=\"wp-element-caption\">Dany Boon Enfants<\/figcaption><\/figure>\n\n\n\n<p><a href=\"https:\/\/en.wikipedia.org\/wiki\/Dany_Boon\" target=\"_blank\" rel=\"noopener\">Wiki<\/a>  ,  <a href=\"https:\/\/www.instagram.com\/danyboon\/?hl=en\" target=\"_blank\" rel=\"noopener\">Instagram<\/a><\/p>\n\n\n\n<h4 class=\"wp-block-heading\">Une passion commune : la musique<\/h4>\n\n\n\n<p>Ses deux a\u00een\u00e9s, <a href=\"https:\/\/www.dmoz.fr\/starlettes\/tag\/mehdi\/\" data-type=\"post_tag\" data-id=\"121\">Mehdi<\/a> et No\u00e9, aiment la musique. No\u00e9 confie souvent \u00e0 Mehdi qu&rsquo;il s&rsquo;inspire de lui pour sa carri\u00e8re. Ils composent et explorent ensemble plusieurs styles musicaux. No\u00e9, qui a appris le jazz \u00e0 New York, respecte beaucoup son fr\u00e8re a\u00een\u00e9.<\/p>\n\n\n\n<h4 class=\"wp-block-heading\">Les difficult\u00e9s inh\u00e9rentes \u00e0 une famille recompos\u00e9e<\/h4>\n\n\n\n<p>Dany Boon a eu de nombreuses relations. Il a fond\u00e9 une grande famille. Il a des liens assez \u00e9troits avec ses enfants. Ils sont rest\u00e9s proches m\u00eame s&rsquo;ils vivent s\u00e9par\u00e9ment. La m\u00e8re de trois de ses enfants, <a href=\"https:\/\/www.dmoz.fr\/starlettes\/tag\/yael-harris\/\" data-type=\"post_tag\" data-id=\"123\">Ya\u00ebl Harris<\/a>, son ex-femme, a des contacts amicaux avec lui.<\/p>\n\n\n\n<h4 class=\"wp-block-heading\">L&rsquo;amour entre jeunes<\/h4>\n\n\n\n<p>Pour cette famille mixte, un r\u00e9cit inattendu s&rsquo;est impos\u00e9. Pendant deux ans, Sarah, fille de Dany, et Rapha\u00ebl, fils de Laurence Arn\u00e9, se sont aim\u00e9s. Bien que leur relation se soit s\u00e9par\u00e9e, les deux jeunes gens sont rest\u00e9s amis.<\/p>\n\n\n\n<h4 class=\"wp-block-heading\">Les enfants au premier rang de ses pr\u00e9occupations<\/h4>\n\n\n\n<p>Dany Boon est un parent impliqu\u00e9. Malgr\u00e9 son emploi du temps charg\u00e9, il passe beaucoup de temps avec ses <a href=\"https:\/\/photo.gala.fr\/photos-dany-boon-qui-sont-ses-5-enfants-44974#dany-boon-et-son-fils-eytan-pour-le-match-amical-qui-oppose-la-france-a-la-jamaique-au-stade-pierre-mauroy-a-lille-le-8-juin-2014-59ccc\" target=\"_blank\" rel=\"noopener\">enfants<\/a>. Il ch\u00e9rit le temps qu&rsquo;il passe avec eux. Il se rend toujours disponible pour les aider et les conseiller.<\/p>\n\n\n\n<h4 class=\"wp-block-heading\">La famille, un mod\u00e8le d&rsquo;inspiration<\/h4>\n\n\n\n<p>C&rsquo;est leur grande famille qui a motiv\u00e9 Dany et Laurence Arn\u00e9 \u00e0 r\u00e9aliser la com\u00e9die La famille Hennedricks. Le film montre les hauts et les bas d&rsquo;une famille mixte, une r\u00e9alit\u00e9 que le couple conna\u00eet bien. Leurs enfants se reconnaissent dans ce projet.<\/p>\n\n\n\n<h4 class=\"wp-block-heading\">L&rsquo;harmonie retrouv\u00e9e<\/h4>\n\n\n\n<p>Aujourd&rsquo;hui mari\u00e9 \u00e0 Laurence Arn\u00e9, Dany Boon a su reproduire l&rsquo;unit\u00e9 familiale. Tous ensemble, ils forment une famille contente et soud\u00e9e. Leur quotidien regorge d&rsquo;\u00e9v\u00e9nements amusants et pr\u00e9cieux. Les enfants appr\u00e9cient ces moments de coop\u00e9ration et d&rsquo;harmonie.<\/p>\n\n\n\n<h4 class=\"wp-block-heading\">Les intentions futures des jeunes<\/h4>\n\n\n\n<p>Mehdi et No\u00e9 se destinent \u00e0 des professions musicales. Tout en restant proches de leur p\u00e8re, Eytan et \u00c9lia suivent leurs propres int\u00e9r\u00eats. Soutenue par toute la famille, Sarah, bien que jeune, d\u00e9couvre ses dons.<\/p>\n\n\n\n<h4 class=\"wp-block-heading\">Souvenirs communs de l&rsquo;enfance<\/h4>\n\n\n\n<p>Les jeunes se souviennent bien des heures pass\u00e9es avec leur p\u00e8re. Dany Boon a produit des souvenirs tout \u00e0 fait remarquables. Sa responsabilit\u00e9 de p\u00e8re fait partie int\u00e9grante de sa vie. Chacun de ses enfants s&rsquo;attache particuli\u00e8rement \u00e0 lui.<\/p>\n\n\n\n<h4 class=\"wp-block-heading\">un p\u00e8re mod\u00e8le<\/h4>\n\n\n\n<p>Parent impliqu\u00e9, Dany Boon est pr\u00eat \u00e0 tout pour le bien-\u00eatre de ses <a href=\"https:\/\/www.dmoz.fr\/starlettes\/copines\/dalida-la-tragedie-de-ses-relations-amoureuses-et-de-sa-vie-privee\/\">enfants<\/a>. Il leur raconte ses r\u00e9ussites et ses \u00e9checs. Il est un parent aim\u00e9 et v\u00e9n\u00e9r\u00e9 en raison de son authenticit\u00e9 et de son d\u00e9vouement.<\/p>\n","protected":false},"excerpt":{"rendered":"<p>Une famille mixte compliqu\u00e9e mais coh\u00e9sive Dany Boon a cinq enfants issus de trois partenariats distincts. Chaque jeune a trouv\u00e9 sa place dans ce grand m\u00e9nage. Les relations de la fratrie sont harmonieuses. Celles de la fratrie le sont aussi. Liste des enfants de Dany Boon Nom Enfants de Dany Boon Mehdi Boon N\u00e9 en&#8230;<\/p>\n","protected":false},"author":2,"featured_media":209,"comment_status":"open","ping_status":"open","sticky":false,"template":"","format":"standard","meta":{"_kad_post_transparent":"","_kad_post_title":"","_kad_post_layout":"","_kad_post_sidebar_id":"","_kad_post_content_style":"","_kad_post_vertical_padding":"","_kad_post_feature":"","_kad_post_feature_position":"","_kad_post_header":false,"_kad_post_footer":false,"_kad_post_classname":"","iawp_total_views":0,"footnotes":""},"categories":[12],"tags":[120,122,121,123],"class_list":["post-208","post","type-post","status-publish","format-standard","has-post-thumbnail","hentry","category-copines","tag-dany-boon","tag-judith-godreche","tag-mehdi","tag-yael-harris"],"_links":{"self":[{"href":"https:\/\/www.dmoz.fr\/starlettes\/wp-json\/wp\/v2\/posts\/208","targetHints":{"allow":["GET"]}}],"collection":[{"href":"https:\/\/www.dmoz.fr\/starlettes\/wp-json\/wp\/v2\/posts"}],"about":[{"href":"https:\/\/www.dmoz.fr\/starlettes\/wp-json\/wp\/v2\/types\/post"}],"author":[{"embeddable":true,"href":"https:\/\/www.dmoz.fr\/starlettes\/wp-json\/wp\/v2\/users\/2"}],"replies":[{"embeddable":true,"href":"https:\/\/www.dmoz.fr\/starlettes\/wp-json\/wp\/v2\/comments?post=208"}],"version-history":[{"count":0,"href":"https:\/\/www.dmoz.fr\/starlettes\/wp-json\/wp\/v2\/posts\/208\/revisions"}],"wp:featuredmedia":[{"embeddable":true,"href":"https:\/\/www.dmoz.fr\/starlettes\/wp-json\/wp\/v2\/media\/209"}],"wp:attachment":[{"href":"https:\/\/www.dmoz.fr\/starlettes\/wp-json\/wp\/v2\/media?parent=208"}],"wp:term":[{"taxonomy":"category","embeddable":true,"href":"https:\/\/www.dmoz.fr\/starlettes\/wp-json\/wp\/v2\/categories?post=208"},{"taxonomy":"post_tag","embeddable":true,"href":"https:\/\/www.dmoz.fr\/starlettes\/wp-json\/wp\/v2\/tags?post=208"}],"curies":[{"name":"wp","href":"https:\/\/api.w.org\/{rel}","templated":true}]}}