{"id":223,"date":"2024-10-04T07:01:37","date_gmt":"2024-10-04T07:01:37","guid":{"rendered":"https:\/\/www.dmoz.fr\/starlettes\/?p=223"},"modified":"2024-10-04T07:01:39","modified_gmt":"2024-10-04T07:01:39","slug":"iris-mittenaere-et-diego-el-glaoui-la-rupture-inattendue","status":"publish","type":"post","link":"https:\/\/www.dmoz.fr\/starlettes\/copines\/iris-mittenaere-et-diego-el-glaoui-la-rupture-inattendue\/","title":{"rendered":"Iris Mittenaere et Diego El Glaoui, la rupture inattendue"},"content":{"rendered":"\n<p><strong>Le couple cr\u00e9\u00e9 par Diego El Glaoui et Iris Mittenaere a d\u00e9clar\u00e9 sa s\u00e9paration. L&rsquo;ancienne Miss Univers a post\u00e9 sur Instagram qu&rsquo;apr\u00e8s plus de quatre ans de mariage, la vie les a s\u00e9par\u00e9s. Le mariage pr\u00e9vu pour 2023 n&rsquo;aura pas lieu. \u00ab Nous annon\u00e7ons cette d\u00e9cision avec dignit\u00e9 \u00bb, a-t-elle d\u00e9clar\u00e9.<\/strong><\/p>\n\n\n<div class=\"wp-block-image\">\n<figure class=\"aligncenter size-full\" id=\"Iris-Mittenaere-et-Diego-El-Glaoui\"><img fetchpriority=\"high\" decoding=\"async\" width=\"819\" height=\"555\" src=\"https:\/\/www.dmoz.fr\/starlettes\/wp-content\/uploads\/2024\/10\/image-1.png\" alt=\"Iris Mittenaere et Diego El Glaoui\" class=\"wp-image-225\" title=\"Iris Mittenaere et Diego El Glaoui\" srcset=\"https:\/\/www.dmoz.fr\/starlettes\/wp-content\/uploads\/2024\/10\/image-1.png 819w, https:\/\/www.dmoz.fr\/starlettes\/wp-content\/uploads\/2024\/10\/image-1-300x203.png 300w, https:\/\/www.dmoz.fr\/starlettes\/wp-content\/uploads\/2024\/10\/image-1-768x520.png 768w, https:\/\/www.dmoz.fr\/starlettes\/wp-content\/uploads\/2024\/10\/image-1-150x102.png 150w, https:\/\/www.dmoz.fr\/starlettes\/wp-content\/uploads\/2024\/10\/image-1-450x305.png 450w\" sizes=\"(max-width: 819px) 100vw, 819px\" \/><figcaption class=\"wp-element-caption\">Iris Mittenaere et Diego El Glaoui<\/figcaption><\/figure>\n<\/div>\n\n\n<figure class=\"wp-block-table\"><table class=\"has-fixed-layout\"><thead><tr><th><strong>Nom complet<\/strong><\/th><th><a href=\"https:\/\/www.dmoz.fr\/starlettes\/tag\/iris-mittenaere\/\" data-type=\"post_tag\" data-id=\"137\">Iris Mittenaere<\/a><\/th><\/tr><\/thead><tbody><tr><td><strong>Date de naissance<\/strong><\/td><td>25 janvier 1993<\/td><\/tr><tr><td><strong>\u00c2ge<\/strong><\/td><td>30 ans<\/td><\/tr><tr><td><strong>Lieu de naissance<\/strong><\/td><td>Lille, France<\/td><\/tr><tr><td><strong>Nationalit\u00e9<\/strong><\/td><td>Fran\u00e7aise<\/td><\/tr><tr><td><strong>Profession<\/strong><\/td><td><a href=\"https:\/\/www.dmoz.fr\/starlettes\/tag\/mannequin\/\" data-type=\"post_tag\" data-id=\"139\">Mannequin<\/a>, <a href=\"https:\/\/www.dmoz.fr\/starlettes\/tag\/presentatrice-tv\/\" data-type=\"post_tag\" data-id=\"140\">pr\u00e9sentatrice TV<\/a><\/td><\/tr><tr><td><strong>Ex-partenaire<\/strong><\/td><td>Diego El Glaoui<\/td><\/tr><tr><td><strong>Titre<\/strong><\/td><td>Miss Univers 2016, Miss France 2016<\/td><\/tr><\/tbody><\/table><figcaption class=\"wp-element-caption\">Iris Mittenaere <\/figcaption><\/figure>\n\n\n\n<p><a href=\"https:\/\/www.instagram.com\/irismittenaeremf\/?utm_source=ig_embed&amp;ig_rid=1c4aeeee-5702-418c-8bb2-4f206aed1ad9\" target=\"_blank\" rel=\"noopener\">Instagram<\/a><\/p>\n\n\n\n<h4 class=\"wp-block-heading\">Retour sur leur participation<\/h4>\n\n\n\n<p>Diego a fait sa demande en mariage le 20 ao\u00fbt 2022 lors d&rsquo;un beau voyage au lac de C\u00f4me. Une Iris \u00e9mue a post\u00e9 sur les m\u00e9dias sociaux le moment. De nombreuses personnes se sont concentr\u00e9es sur le diamant de la bague. Iris portait de temps en temps un double pour l&rsquo;aider \u00e0 r\u00e9sister \u00e0 la convoitise.<\/p>\n\n\n\n<p>Bien qu&rsquo;ils aient voulu prendre des chemins diff\u00e9rents, ils r\u00eavaient d&rsquo;un mariage \u00e0 leur image. \u00ab Nous voulions un grand \u00e9v\u00e9nement, mais il est pr\u00e9f\u00e9rable d&rsquo;accepter cette d\u00e9cision \u00bb, a-t-elle d\u00e9clar\u00e9. Tous deux travaillent actuellement \u00e0 des t\u00e2ches professionnelles distinctes.<\/p>\n\n\n\n<h4 class=\"wp-block-heading\">Justification de la division<\/h4>\n\n\n\n<p>Le couple a omis de pr\u00e9ciser les raisons exactes de la s\u00e9paration. Iris et Diego ont d\u00e9clar\u00e9 en substance qu&rsquo;il s&rsquo;agissait d&rsquo;un choix mutuel. Le fait de les voir comme une paire parfaite a choqu\u00e9 plusieurs fans. Iris a d\u00e9clar\u00e9 : \u00ab Nous devons suivre notre propre chemin, m\u00eame si nous avons pass\u00e9 de bons moments \u00bb.<\/p>\n\n\n\n<h4 class=\"wp-block-heading\">Leurs parcours professionnels apr\u00e8s la rupture<\/h4>\n\n\n\n<p><a href=\"https:\/\/www.femmeactuelle.fr\/actu\/news-actu\/iris-mittenaere-ses-revelations-sur-son-mariage-au-milieu-de-nulle-part-prevu-avec-diego-el-glaoui-2170150\" target=\"_blank\" rel=\"noopener\">Diego et Iris<\/a> ont travaill\u00e9 en \u00e9troite collaboration. Par l&rsquo;interm\u00e9diaire de son agence, il contr\u00f4lait certains aspects de l&rsquo;image d&rsquo;Iris. Leur s\u00e9paration pourrait affecter plusieurs initiatives de coop\u00e9ration. Ils ont d\u00e9clar\u00e9 qu&rsquo;ils resteraient amis et qu&rsquo;ils continueraient \u00e0 s&rsquo;entraider.<\/p>\n\n\n\n<h4 class=\"wp-block-heading\">Missions individuelles<\/h4>\n\n\n\n<p>Iris Mittenaere accordera toute son attention \u00e0 ses projets. Elle s&rsquo;occupe activement de mode et d&rsquo;animation t\u00e9l\u00e9visuelle. Diego, quant \u00e0 lui, continuera \u00e0 se d\u00e9velopper au sein de l&rsquo;agence. L&rsquo;influence est ce que nous sommes. Tous deux se concentrent sur leurs diff\u00e9rents objectifs.<\/p>\n\n\n\n<h4 class=\"wp-block-heading\">Leur derni\u00e8re apparition publique<\/h4>\n\n\n\n<p>Leur derni\u00e8re apparition publique pour pr\u00e9senter leur s\u00e9rie de documentaires remonte \u00e0 f\u00e9vrier 2024. Dans cette pr\u00e9sentation, ils ont montr\u00e9 les coulisses de l&rsquo;organisation d&rsquo;un mariage. Sur le film, il y a eu quelques conflits, mais rien ne laissait pr\u00e9sager cette rupture.<\/p>\n\n\n\n<h4 class=\"wp-block-heading\">R\u00e9actions des fans<\/h4>\n\n\n\n<p>La nouvelle a d\u00e9clench\u00e9 un raz-de-mar\u00e9e de r\u00e9actions. De nombreux messages d&rsquo;encouragement ont \u00e9t\u00e9 publi\u00e9s. Les internautes complimentent la fa\u00e7on dont ils g\u00e8rent cette distance. \u00ab Ils ont fait le meilleur choix pour eux-m\u00eames \u00bb, a d\u00e9clar\u00e9 un admirateur.<\/p>\n\n\n\n<h4 class=\"wp-block-heading\">La prochaine \u00e9tape est Iris Mittenaere<\/h4>\n\n\n\n<p>Iris cherche de nouvelles opportunit\u00e9s. L&rsquo;une d&rsquo;entre elles a \u00e9voqu\u00e9 un retour \u00e0 la t\u00e9l\u00e9vision en tant que jur\u00e9 dans une \u00e9mission bien connue. Ses partisans attendent avec impatience son retour dans les m\u00e9dias. Ses d\u00e9cisions et ses exp\u00e9riences devraient motiver d&rsquo;autres femmes, esp\u00e8re-t-elle.<\/p>\n\n\n\n<h4 class=\"wp-block-heading\">Les perspectives de Diego El Glaoui<\/h4>\n\n\n\n<p>Diego se consacrera \u00e0 ses t\u00e2ches au sein de l&rsquo;agence. Il semble vouloir changer de page alors qu&rsquo;il a pass\u00e9 de nombreux moments avec Iris. Nous devons continuer \u00e0 d\u00e9velopper notre influence. Diego veut maintenant se concentrer sur de nouveaux projets.<\/p>\n\n\n\n<figure class=\"wp-block-table\"><table class=\"has-fixed-layout\"><thead><tr><th><strong>Nom complet<\/strong><\/th><th><a href=\"https:\/\/www.dmoz.fr\/starlettes\/tag\/diego-el-glaoui\/\" data-type=\"post_tag\" data-id=\"138\">Diego El Glaoui<\/a><\/th><\/tr><\/thead><tbody><tr><td><strong>Date de naissance<\/strong><\/td><td>1991<\/td><\/tr><tr><td><strong>\u00c2ge<\/strong><\/td><td>32 ans<\/td><\/tr><tr><td><strong>Profession<\/strong><\/td><td>Entrepreneur<\/td><\/tr><tr><td><strong>Agence<\/strong><\/td><td>We are Influence<\/td><\/tr><tr><td><strong>Nationalit\u00e9<\/strong><\/td><td>Fran\u00e7aise-Marocaine<\/td><\/tr><\/tbody><\/table><figcaption class=\"wp-element-caption\">Diego El Glaoui<\/figcaption><\/figure>\n\n\n\n<h4 class=\"wp-block-heading\">R\u00e9ponse du public<\/h4>\n\n\n\n<p>Le voisinage d&rsquo;Iris et de Diego a r\u00e9agi favorablement. Sur Instagram, beaucoup ont exprim\u00e9 leur respect pour leur franchise et leur maturit\u00e9. Un abonn\u00e9 a d\u00e9clar\u00e9 : \u00ab Il est rare de voir des personnes publiques aborder une s\u00e9paration avec autant de respect. \u00bb<\/p>\n\n\n\n<h4 class=\"wp-block-heading\">En ligne avec un nouveau d\u00e9part<\/h4>\n\n\n\n<p>Leur impact ne s&rsquo;arr\u00eate pas avec leur <a href=\"https:\/\/www.dmoz.fr\/starlettes\/copines\/francois-baroin-mariage-en-toute-discretion-avec-stephanie-lochard\/\">relation<\/a>. Iris et Diego sont d\u00e9termin\u00e9s \u00e0 sauvegarder honorablement leurs souvenirs communs. Ils affirment que l&rsquo;on peut toujours s&rsquo;appr\u00e9cier l&rsquo;un l&rsquo;autre, m\u00eame si la relation amoureuse prend fin.<\/p>\n\n\n\n<h4 class=\"wp-block-heading\">Des projets d&rsquo;avenir uniques pour chacun<\/h4>\n\n\n\n<p>L&rsquo;avenir d&rsquo;Iris semble prometteur. Elle a l&rsquo;intention de reprendre des \u00e9missions de t\u00e9l\u00e9vision et d&rsquo;accorder plus d&rsquo;attention \u00e0 la mode. Diego continuera \u00e0 se d\u00e9velopper au sein de l&rsquo;agence. Tous deux ont de grandes aspirations.<\/p>\n","protected":false},"excerpt":{"rendered":"<p>Le couple cr\u00e9\u00e9 par Diego El Glaoui et Iris Mittenaere a d\u00e9clar\u00e9 sa s\u00e9paration. L&rsquo;ancienne Miss Univers a post\u00e9 sur Instagram qu&rsquo;apr\u00e8s plus de quatre ans de mariage, la vie les a s\u00e9par\u00e9s. Le mariage pr\u00e9vu pour 2023 n&rsquo;aura pas lieu. \u00ab Nous annon\u00e7ons cette d\u00e9cision avec dignit\u00e9 \u00bb, a-t-elle d\u00e9clar\u00e9. Nom complet Iris Mittenaere&#8230;<\/p>\n","protected":false},"author":2,"featured_media":225,"comment_status":"open","ping_status":"open","sticky":false,"template":"","format":"standard","meta":{"_kad_post_transparent":"","_kad_post_title":"","_kad_post_layout":"","_kad_post_sidebar_id":"","_kad_post_content_style":"","_kad_post_vertical_padding":"","_kad_post_feature":"","_kad_post_feature_position":"","_kad_post_header":false,"_kad_post_footer":false,"_kad_post_classname":"","iawp_total_views":0,"footnotes":""},"categories":[12],"tags":[138,137,139,140],"class_list":["post-223","post","type-post","status-publish","format-standard","has-post-thumbnail","hentry","category-copines","tag-diego-el-glaoui","tag-iris-mittenaere","tag-mannequin","tag-presentatrice-tv"],"_links":{"self":[{"href":"https:\/\/www.dmoz.fr\/starlettes\/wp-json\/wp\/v2\/posts\/223","targetHints":{"allow":["GET"]}}],"collection":[{"href":"https:\/\/www.dmoz.fr\/starlettes\/wp-json\/wp\/v2\/posts"}],"about":[{"href":"https:\/\/www.dmoz.fr\/starlettes\/wp-json\/wp\/v2\/types\/post"}],"author":[{"embeddable":true,"href":"https:\/\/www.dmoz.fr\/starlettes\/wp-json\/wp\/v2\/users\/2"}],"replies":[{"embeddable":true,"href":"https:\/\/www.dmoz.fr\/starlettes\/wp-json\/wp\/v2\/comments?post=223"}],"version-history":[{"count":0,"href":"https:\/\/www.dmoz.fr\/starlettes\/wp-json\/wp\/v2\/posts\/223\/revisions"}],"wp:featuredmedia":[{"embeddable":true,"href":"https:\/\/www.dmoz.fr\/starlettes\/wp-json\/wp\/v2\/media\/225"}],"wp:attachment":[{"href":"https:\/\/www.dmoz.fr\/starlettes\/wp-json\/wp\/v2\/media?parent=223"}],"wp:term":[{"taxonomy":"category","embeddable":true,"href":"https:\/\/www.dmoz.fr\/starlettes\/wp-json\/wp\/v2\/categories?post=223"},{"taxonomy":"post_tag","embeddable":true,"href":"https:\/\/www.dmoz.fr\/starlettes\/wp-json\/wp\/v2\/tags?post=223"}],"curies":[{"name":"wp","href":"https:\/\/api.w.org\/{rel}","templated":true}]}}