{"id":230,"date":"2024-10-04T07:36:17","date_gmt":"2024-10-04T07:36:17","guid":{"rendered":"https:\/\/www.dmoz.fr\/starlettes\/?p=230"},"modified":"2024-10-04T07:36:19","modified_gmt":"2024-10-04T07:36:19","slug":"tahar-rahim-et-sa-famille-confidences-sur-ses-enfants","status":"publish","type":"post","link":"https:\/\/www.dmoz.fr\/starlettes\/dernier\/tahar-rahim-et-sa-famille-confidences-sur-ses-enfants\/","title":{"rendered":"Tahar Rahim et sa famille, confidences sur ses enfants"},"content":{"rendered":"\n<p><strong>Tahar Rahim s&rsquo;est r\u00e9cemment exprim\u00e9 sur sa vie priv\u00e9e. Le c\u00e9l\u00e8bre acteur est mari\u00e9 depuis quatorze ans \u00e0 Le\u00efla Bekhti. Ils ont quatre enfants pris ensemble. Le couple est plut\u00f4t discret, voulant prot\u00e9ger leurs enfants du regard du public et des m\u00e9dias.<\/strong><\/p>\n\n\n<div class=\"wp-block-image\">\n<figure class=\"aligncenter size-full is-resized\" id=\"Tahar-Rahim\"><img fetchpriority=\"high\" decoding=\"async\" width=\"512\" height=\"387\" src=\"https:\/\/www.dmoz.fr\/starlettes\/wp-content\/uploads\/2024\/10\/download-2024-10-04T122843.165.png\" alt=\"Tahar Rahim\" class=\"wp-image-231\" style=\"width:708px;height:auto\" title=\"Tahar Rahim\" srcset=\"https:\/\/www.dmoz.fr\/starlettes\/wp-content\/uploads\/2024\/10\/download-2024-10-04T122843.165.png 512w, https:\/\/www.dmoz.fr\/starlettes\/wp-content\/uploads\/2024\/10\/download-2024-10-04T122843.165-300x227.png 300w, https:\/\/www.dmoz.fr\/starlettes\/wp-content\/uploads\/2024\/10\/download-2024-10-04T122843.165-150x113.png 150w, https:\/\/www.dmoz.fr\/starlettes\/wp-content\/uploads\/2024\/10\/download-2024-10-04T122843.165-450x340.png 450w\" sizes=\"(max-width: 512px) 100vw, 512px\" \/><figcaption class=\"wp-element-caption\">Tahar Rahim<\/figcaption><\/figure>\n<\/div>\n\n\n<h4 class=\"wp-block-heading\">Le besoin de rester discret<\/h4>\n\n\n\n<p>Pour prot\u00e9ger leur vie priv\u00e9e, Tahar et Le\u00efla se tiennent \u00e0 l&rsquo;\u00e9cart du public. Leurs enfants doivent grandir loin de la sc\u00e8ne. Tahar Rahim confie : \u00ab Je veux qu&rsquo;ils aient une enfance normale \u00bb. Bien que connus, ils choisissent une vie de famille modeste.<\/p>\n\n\n\n<figure class=\"wp-block-table\"><table class=\"has-fixed-layout\"><thead><tr><th><strong>Nom complet<\/strong><\/th><th><a href=\"https:\/\/www.dmoz.fr\/starlettes\/tag\/tahar-rahim\/\" data-type=\"post_tag\" data-id=\"144\">Tahar Rahim<\/a><\/th><\/tr><\/thead><tbody><tr><td><strong>Date de naissance<\/strong><\/td><td>4 juillet 1981<\/td><\/tr><tr><td><strong>\u00c2ge<\/strong><\/td><td>43 ans<\/td><\/tr><tr><td><strong>Lieu de naissance<\/strong><\/td><td>Belfort, France<\/td><\/tr><tr><td><strong>Nationalit\u00e9<\/strong><\/td><td>Fran\u00e7aise<\/td><\/tr><tr><td><strong>Profession<\/strong><\/td><td><a href=\"https:\/\/www.dmoz.fr\/starlettes\/tag\/acteur\/\" data-type=\"post_tag\" data-id=\"146\">Acteur<\/a><\/td><\/tr><tr><td><strong>\u00c9pouse<\/strong><\/td><td>Le\u00efla Bekhti<\/td><\/tr><tr><td><strong>Enfants<\/strong><\/td><td>4<\/td><\/tr><tr><td><strong>Film embl\u00e9matique<\/strong><\/td><td><em>Un proph\u00e8te<\/em><\/td><\/tr><tr><td><strong>Projets r\u00e9cents<\/strong><\/td><td><em>Monsieur Aznavour<\/em><\/td><\/tr><\/tbody><\/table><figcaption class=\"wp-element-caption\">Tahar Rahim<\/figcaption><\/figure>\n\n\n\n<p><a href=\"https:\/\/www.instagram.com\/taharrahimofficiel\/\" target=\"_blank\" rel=\"noopener\">Instagram<\/a><\/p>\n\n\n\n<h4 class=\"wp-block-heading\">Leur histoire d&rsquo;amour<\/h4>\n\n\n\n<p>En 2007, Le\u00efla et Tahar se croisent. C&rsquo;\u00e9tait sur le tournage d&rsquo;Un Proph\u00e8te. Au premier regard, c&rsquo;est l&rsquo;amour. Ils se marient en 2010 apr\u00e8s plusieurs ann\u00e9es de relation. Souleiman, leur premier enfant, a eu trois ans en 2017. Depuis, leur famille s&rsquo;est agrandie.<\/p>\n\n\n\n<h4 class=\"wp-block-heading\">Croyances familiales<\/h4>\n\n\n\n<p>Le <a href=\"https:\/\/www.programme-television.org\/news\/people\/vie-privee\/leila-bekhti-et-tahar-rahim-parents-pourquoi-cachent-ils-leur-notoriete-a-leurs-enfants-4733071\" target=\"_blank\" rel=\"noopener\">couple<\/a> souhaite inculquer \u00e0 ses enfants une solide morale. En premier lieu, le respect, l&rsquo;humilit\u00e9 et la gentillesse. \u00ab \u00catre de bonnes personnes compte quel que soit notre niveau de c\u00e9l\u00e9brit\u00e9 \u00bb, d\u00e9clare Tahar. Les jeunes doivent comprendre qu&rsquo;ils ne sont pas privil\u00e9gi\u00e9s.<\/p>\n\n\n\n<h4 class=\"wp-block-heading\">Tahar nous donne des d\u00e9tails sur leur vie de famille<\/h4>\n\n\n\n<p>Tahar a racont\u00e9 une histoire amusante \u00e0 propos de son a\u00een\u00e9. Il a remarqu\u00e9 des posters de sa m\u00e8re dans la voiture. Pour r\u00e9pondre aux questions de son fils, Tahar lui dit : \u00ab Elle est l\u00e0 pour te dire qu&rsquo;elle t&rsquo;aime et qu&rsquo;elle pense \u00e0 toi \u00bb. Ce petit mensonge a fait rire son bambin.<\/p>\n\n\n\n<h4 class=\"wp-block-heading\">Une famille soud\u00e9e<\/h4>\n\n\n\n<p>Le\u00efva et Tahar construisent une famille tr\u00e8s unie malgr\u00e9 les contraintes de leur carri\u00e8re. Ils s&rsquo;arrangent pour \u00eatre pr\u00e9sents lors des \u00e9v\u00e9nements importants. Le\u00efla a confi\u00e9 r\u00e9cemment que sa famille id\u00e9ale est assez nombreuse. Elle d\u00e9clare : \u00ab Je vis ce r\u00eave avec Tahar et nos enfants \u00bb.<\/p>\n\n\n\n<h4 class=\"wp-block-heading\">La responsabilit\u00e9 de Tahar en tant que parent<\/h4>\n\n\n\n<p>La plus grande responsabilit\u00e9 de Tahar Rahim est celle de p\u00e8re. Il aime partager avec ses enfants les petits \u00e9v\u00e9nements. Il veille \u00e0 passer du temps avec sa famille malgr\u00e9 son emploi du temps charg\u00e9. Bien que sa famille passe avant tout, sa carri\u00e8re est vitale pour lui.<\/p>\n\n\n\n<h4 class=\"wp-block-heading\">L&rsquo;aide des amis proches et de la famille<\/h4>\n\n\n\n<p>Les familles s\u00e9par\u00e9es aident le couple. Tahar et Le\u00efla savent que leurs proches sont l\u00e0 pour les aider. Le\u00efla admet que \u00ab sans eux, ce serait beaucoup plus compliqu\u00e9 \u00bb. L&rsquo;affection et l&rsquo;aide qu&rsquo;ils re\u00e7oivent les rendent heureux.<\/p>\n\n\n\n<h4 class=\"wp-block-heading\">Informations sur Le\u00efla Bekhti<\/h4>\n\n\n\n<figure class=\"wp-block-table\"><table class=\"has-fixed-layout\"><thead><tr><th><strong>Nom<\/strong><\/th><th><a href=\"https:\/\/www.dmoz.fr\/starlettes\/tag\/leila-bekhti\/\" data-type=\"post_tag\" data-id=\"145\">Le\u00efla Bekhti<\/a><\/th><\/tr><\/thead><tbody><tr><td><strong>Date de naissance<\/strong><\/td><td>6 mars 1984<\/td><\/tr><tr><td><strong>Lieu de naissance<\/strong><\/td><td>Issy-les-Moulineaux, France<\/td><\/tr><tr><td><strong>Profession<\/strong><\/td><td>Actrice<\/td><\/tr><tr><td><strong>Conjoint<\/strong><\/td><td>Tahar Rahim<\/td><\/tr><tr><td><strong>Enfants<\/strong><\/td><td>4<\/td><\/tr><tr><td><strong>R\u00e9seaux sociaux<\/strong><\/td><td><a href=\"https:\/\/www.instagram.com\/leilabekhti\/?hl=en\" target=\"_blank\" rel=\"noopener\">@leilabekhti<\/a>&nbsp;(Instagram)<\/td><\/tr><\/tbody><\/table><\/figure>\n\n\n\n<h4 class=\"wp-block-heading\">pr\u00e9server leur dignit\u00e9<\/h4>\n\n\n\n<p>Les parents refusent de montrer des photos de leurs enfants. La pr\u00e9servation de l&rsquo;anonymat de leurs enfants passe avant tout. Ils veulent que leurs enfants soient libres de prendre des d\u00e9cisions sans subir la pression de parents renomm\u00e9s.<\/p>\n\n\n\n<h4 class=\"wp-block-heading\">Des jeunes loin du devant de la sc\u00e8ne<\/h4>\n\n\n\n<p><a href=\"https:\/\/www.dmoz.fr\/starlettes\/copines\/bob-lennon-et-sa-mysterieuse-copine-la-verite-revelee\/\">Tahar et Le\u00efla<\/a> veillent \u00e0 ce que leurs enfants restent loin des feux de la rampe. Ils pensent que leur progression en d\u00e9pend. Tahar insiste : \u00ab Je ne veux pas que mes enfants pensent qu&rsquo;ils sont diff\u00e9rents des autres parce que leurs parents sont c\u00e9l\u00e8bres.<\/p>\n\n\n\n<h4 class=\"wp-block-heading\">Des id\u00e9aux fondamentaux<\/h4>\n\n\n\n<p>Les jeunes vivent dans un environnement \u00e9quilibr\u00e9 et sain. Le\u00efla et Tahar aiment la simplicit\u00e9 et l&rsquo;humanit\u00e9. Ils apprennent \u00e0 leurs enfants \u00e0 valoriser les gens et \u00e0 s&rsquo;appr\u00e9cier eux-m\u00eames. C&rsquo;est ainsi qu&rsquo;ils se pr\u00e9parent \u00e0 affronter la vie avec dignit\u00e9.<\/p>\n\n\n\n<h4 class=\"wp-block-heading\">Tahar en voyage<\/h4>\n\n\n\n<p>Tahar Rahim commercialise actuellement son film Monsieur Aznavour. La position de Charles Aznavour a affect\u00e9 sa vie familiale. \u00ab Le\u00efla s&#8217;emportait en m&rsquo;entendant chanter Aznavour \u00e0 la maison \u00bb, raconte-t-il.<\/p>\n\n\n\n<h4 class=\"wp-block-heading\">Des histoires dr\u00f4les<\/h4>\n\n\n\n<p>Tahar raconte souvent des histoires sur ses enfants. Un jour, son fils lui a demand\u00e9 pourquoi il ne pouvait pas \u00eatre un super-h\u00e9ros. Tahar lui a r\u00e9pondu : \u00ab Je pr\u00e9f\u00e9rerais \u00eatre un super-p\u00e8re \u00bb. Son enfant a souri en r\u00e9ponse et s&rsquo;est senti bien.<\/p>\n\n\n\n<h4 class=\"wp-block-heading\">Amour et d\u00e9cence<\/h4>\n\n\n\n<p>Le couple s&rsquo;aime et se respecte. M\u00eame si la vie est faite de hauts et de bas, ils restent unis. Le\u00efla d\u00e9clare : \u00ab Mon mari est mon meilleur ami \u00bb. Gr\u00e2ce \u00e0 leur sinc\u00e9rit\u00e9 et \u00e0 leur coop\u00e9ration, le couple motive de nombreux partisans.<\/p>\n\n\n\n<h4 class=\"wp-block-heading\">une famille motivante<\/h4>\n\n\n\n<p>Les soutiens de Tahar et Le\u00efla honorent leur sagesse. On respecte leur d\u00e9cision de prot\u00e9ger leurs enfants. Les internautes soulignent leur honn\u00eatet\u00e9 et leur capacit\u00e9 \u00e0 rester proches malgr\u00e9 leurs professions.<\/p>\n","protected":false},"excerpt":{"rendered":"<p>Tahar Rahim s&rsquo;est r\u00e9cemment exprim\u00e9 sur sa vie priv\u00e9e. Le c\u00e9l\u00e8bre acteur est mari\u00e9 depuis quatorze ans \u00e0 Le\u00efla Bekhti. Ils ont quatre enfants pris ensemble. Le couple est plut\u00f4t discret, voulant prot\u00e9ger leurs enfants du regard du public et des m\u00e9dias. Le besoin de rester discret Pour prot\u00e9ger leur vie priv\u00e9e, Tahar et Le\u00efla&#8230;<\/p>\n","protected":false},"author":2,"featured_media":231,"comment_status":"open","ping_status":"open","sticky":false,"template":"","format":"standard","meta":{"_kad_post_transparent":"","_kad_post_title":"","_kad_post_layout":"","_kad_post_sidebar_id":"","_kad_post_content_style":"","_kad_post_vertical_padding":"","_kad_post_feature":"","_kad_post_feature_position":"","_kad_post_header":false,"_kad_post_footer":false,"_kad_post_classname":"","iawp_total_views":1,"footnotes":""},"categories":[12,11],"tags":[146,145,144],"class_list":["post-230","post","type-post","status-publish","format-standard","has-post-thumbnail","hentry","category-copines","category-dernier","tag-acteur","tag-leila-bekhti","tag-tahar-rahim"],"_links":{"self":[{"href":"https:\/\/www.dmoz.fr\/starlettes\/wp-json\/wp\/v2\/posts\/230","targetHints":{"allow":["GET"]}}],"collection":[{"href":"https:\/\/www.dmoz.fr\/starlettes\/wp-json\/wp\/v2\/posts"}],"about":[{"href":"https:\/\/www.dmoz.fr\/starlettes\/wp-json\/wp\/v2\/types\/post"}],"author":[{"embeddable":true,"href":"https:\/\/www.dmoz.fr\/starlettes\/wp-json\/wp\/v2\/users\/2"}],"replies":[{"embeddable":true,"href":"https:\/\/www.dmoz.fr\/starlettes\/wp-json\/wp\/v2\/comments?post=230"}],"version-history":[{"count":0,"href":"https:\/\/www.dmoz.fr\/starlettes\/wp-json\/wp\/v2\/posts\/230\/revisions"}],"wp:featuredmedia":[{"embeddable":true,"href":"https:\/\/www.dmoz.fr\/starlettes\/wp-json\/wp\/v2\/media\/231"}],"wp:attachment":[{"href":"https:\/\/www.dmoz.fr\/starlettes\/wp-json\/wp\/v2\/media?parent=230"}],"wp:term":[{"taxonomy":"category","embeddable":true,"href":"https:\/\/www.dmoz.fr\/starlettes\/wp-json\/wp\/v2\/categories?post=230"},{"taxonomy":"post_tag","embeddable":true,"href":"https:\/\/www.dmoz.fr\/starlettes\/wp-json\/wp\/v2\/tags?post=230"}],"curies":[{"name":"wp","href":"https:\/\/api.w.org\/{rel}","templated":true}]}}