{"id":233,"date":"2024-10-04T07:56:28","date_gmt":"2024-10-04T07:56:28","guid":{"rendered":"https:\/\/www.dmoz.fr\/starlettes\/?p=233"},"modified":"2024-10-04T07:56:30","modified_gmt":"2024-10-04T07:56:30","slug":"anne-genetet-nommee-ministre-de-leducation-nationale-quel-impact-pour-ses-enfants","status":"publish","type":"post","link":"https:\/\/www.dmoz.fr\/starlettes\/dernier\/anne-genetet-nommee-ministre-de-leducation-nationale-quel-impact-pour-ses-enfants\/","title":{"rendered":"Anne Genetet nomm\u00e9e ministre de l&rsquo;\u00c9ducation nationale, quel impact pour ses enfants ?"},"content":{"rendered":"\n<p><strong>Anne Genetet, m\u00e8re de quatre enfants, a remplac\u00e9 le pr\u00e9c\u00e9dent ministre de l&rsquo;\u00e9ducation. Elle a \u00e9t\u00e9 choisie sous la direction du gouvernement dirig\u00e9 par Michel Barnier. Elle est bien d\u00e9cid\u00e9e \u00e0 laisser sa marque, m\u00eame si elle a moins de connaissances dans le domaine de l&rsquo;\u00e9ducation.<\/strong><\/p>\n\n\n<div class=\"wp-block-image\">\n<figure class=\"aligncenter size-full\" id=\"Anne-Genetet\"><img fetchpriority=\"high\" decoding=\"async\" width=\"684\" height=\"492\" src=\"https:\/\/www.dmoz.fr\/starlettes\/wp-content\/uploads\/2024\/10\/download-2024-10-04T124720.458.png\" alt=\"Anne Genetet\" class=\"wp-image-234\" title=\"Anne Genetet\" srcset=\"https:\/\/www.dmoz.fr\/starlettes\/wp-content\/uploads\/2024\/10\/download-2024-10-04T124720.458.png 684w, https:\/\/www.dmoz.fr\/starlettes\/wp-content\/uploads\/2024\/10\/download-2024-10-04T124720.458-300x216.png 300w, https:\/\/www.dmoz.fr\/starlettes\/wp-content\/uploads\/2024\/10\/download-2024-10-04T124720.458-150x108.png 150w, https:\/\/www.dmoz.fr\/starlettes\/wp-content\/uploads\/2024\/10\/download-2024-10-04T124720.458-450x324.png 450w\" sizes=\"(max-width: 684px) 100vw, 684px\" \/><figcaption class=\"wp-element-caption\">Anne Genetet<\/figcaption><\/figure>\n<\/div>\n\n\n<h4 class=\"wp-block-heading\">Son parcours<\/h4>\n\n\n\n<p>Le 20 avril 1963 na\u00eet Anne Genetet \u00e0 Neuilly-sur-Seine. Elle a aujourd&rsquo;hui soixante et un ans. M\u00e9decin de formation, elle a \u00e9migr\u00e9 \u00e0 Singapour en 2005. Parmi les autres ONG pour lesquelles elle a travaill\u00e9, il y a la Croix-Rouge. Elle conna\u00eet bien les difficult\u00e9s de l&rsquo;\u00e9ducation internationale pour avoir v\u00e9cu plus de quinze ans en Asie.<\/p>\n\n\n\n<h4 class=\"wp-block-heading\">Liste d&rsquo;informations<\/h4>\n\n\n\n<figure class=\"wp-block-table\"><table class=\"has-fixed-layout\"><thead><tr><th><strong>Nom complet<\/strong><\/th><th><a href=\"https:\/\/www.dmoz.fr\/starlettes\/tag\/anne-genetet\/\" data-type=\"post_tag\" data-id=\"147\">Anne Genetet<\/a><\/th><\/tr><\/thead><tbody><tr><td><strong>Date de naissance<\/strong><\/td><td>20 avril 1963<\/td><\/tr><tr><td><strong>\u00c2ge<\/strong><\/td><td>61 ans<\/td><\/tr><tr><td><strong>Lieu de naissance<\/strong><\/td><td>Neuilly-sur-Seine, France<\/td><\/tr><tr><td><strong>Nationalit\u00e9<\/strong><\/td><td>Fran\u00e7aise<\/td><\/tr><tr><td><strong>Formation<\/strong><\/td><td>M\u00e9decin (Universit\u00e9 Paris-Descartes)<\/td><\/tr><tr><td><strong>Parcours politique<\/strong><\/td><td><a href=\"https:\/\/www.dmoz.fr\/starlettes\/tag\/deputee\/\" data-type=\"post_tag\" data-id=\"148\">D\u00e9put\u00e9e<\/a>, <a href=\"https:\/\/www.dmoz.fr\/starlettes\/tag\/membre-de-renaissance\/\" data-type=\"post_tag\" data-id=\"149\">membre de Renaissance<\/a> (ex-LaREM)<\/td><\/tr><tr><td><strong>Nomination r\u00e9cente<\/strong><\/td><td><a href=\"https:\/\/www.dmoz.fr\/starlettes\/tag\/ministre-de-leducation-nationale\/\" data-type=\"post_tag\" data-id=\"150\">Ministre de l&rsquo;\u00c9ducation nationale<\/a><\/td><\/tr><tr><td><strong>Nombre d\u2019enfants<\/strong><\/td><td>4<\/td><\/tr><tr><td><strong>Minist\u00e8re pr\u00e9c\u00e9dent<\/strong><\/td><td>D\u00e9fense (Commission)<\/td><\/tr><\/tbody><\/table><figcaption class=\"wp-element-caption\">Anne Genetet<\/figcaption><\/figure>\n\n\n\n<p><a href=\"https:\/\/www.instagram.com\/anne_genetet\/?hl=en\" target=\"_blank\" rel=\"noopener\">Instagram<\/a>  ,  <a href=\"https:\/\/fr.wikipedia.org\/wiki\/Anne_Genetet\" target=\"_blank\" rel=\"noopener\">Wiki<\/a><\/p>\n\n\n\n<h4 class=\"wp-block-heading\">Valeurs familiales<\/h4>\n\n\n\n<p>Dans ses pr\u00e9sentations, Anne a toujours pens\u00e9 en premier lieu \u00e0 ses enfants. Elle se pr\u00e9occupe d&rsquo;abord de leur bien-\u00eatre. Elle souhaite porter le m\u00eame regard sur les jeunes citoyens fran\u00e7ais. Sa position de m\u00e8re fa\u00e7onne son point de vue sur l&rsquo;\u00e9ducation.<\/p>\n\n\n\n<h4 class=\"wp-block-heading\">Une \u00e9ducation cosmopolite pour ses enfants<\/h4>\n\n\n\n<p>Anne Genetet, qui vit \u00e0 Singapour, a d\u00e9cid\u00e9 d&rsquo;envoyer ses enfants dans des universit\u00e9s \u00e9trang\u00e8res. Ils y ont ouvert leur esprit et ont \u00e9t\u00e9 confront\u00e9s \u00e0 un large \u00e9ventail de strat\u00e9gies d&rsquo;enseignement. Cette exp\u00e9rience les a, selon elle, enrichis.<\/p>\n\n\n\n<h4 class=\"wp-block-heading\">La nature inattendue de sa nomination<\/h4>\n\n\n\n<p>Personne ne s&rsquo;attendait \u00e0 ce qu&rsquo;Anne Genetet h\u00e9rite du minist\u00e8re fran\u00e7ais de l&rsquo;\u00e9ducation nationale. Acclam\u00e9e pour ses opinions en mati\u00e8re de d\u00e9fense et de politique \u00e9trang\u00e8re, elle est impatiente de s&rsquo;atteler \u00e0 la t\u00e2che. Elle veut entamer une conversation avec les \u00e9ducateurs.<\/p>\n\n\n\n<h4 class=\"wp-block-heading\">Le devoir de ministre et de m\u00e8re<\/h4>\n\n\n\n<p>Il est difficile d&rsquo;\u00eatre m\u00e8re et ministre. Anne Genetet en est consciente. Elle a d\u00e9clar\u00e9 qu&rsquo;elle essaierait de concilier ses deux fonctions. Pour elle, ses enfants ont toujours \u00e9t\u00e9 une motivation principale. Ils l&rsquo;inspirent et la poussent \u00e0 se surpasser.<\/p>\n\n\n\n<h4 class=\"wp-block-heading\">R\u00e9actions des syndicats<\/h4>\n\n\n\n<p>Cette nomination laisse les syndicats dubitatifs. Anne leur semble inexp\u00e9riment\u00e9e en mati\u00e8re d&rsquo;\u00e9ducation. Pourtant, la ministre veut montrer qu&rsquo;elle est qualifi\u00e9e pour mettre en \u0153uvre les changements n\u00e9cessaires. Elle pousse \u00e0 la conversation et \u00e0 l&rsquo;\u00e9coute.<\/p>\n\n\n\n<h4 class=\"wp-block-heading\">D\u00e9fendre l&rsquo;enseignement public<\/h4>\n\n\n\n<p>Anne Genetet plaide pour la d\u00e9fense de l&rsquo;enseignement public. Elle souhaite que les cours dispens\u00e9s dans les \u00e9coles soient adapt\u00e9s \u00e0 la r\u00e9alit\u00e9 d&rsquo;aujourd&rsquo;hui. Elle veut offrir des cours bas\u00e9s sur les technologies modernes. Elle mise \u00e9galement sur le d\u00e9veloppement des langues \u00e9trang\u00e8res dans les \u00e9tablissements d&rsquo;enseignement.<\/p>\n\n\n\n<h4 class=\"wp-block-heading\">Ses connaissances de terrain<\/h4>\n\n\n\n<p>Son exp\u00e9rience de la vie \u00e0 l&rsquo;\u00e9tranger a fa\u00e7onn\u00e9 ses d\u00e9cisions <a href=\"https:\/\/www.telerama.fr\/debats-reportages\/qui-est-anne-genetet-nouvelle-ministre-de-l-education-du-gouvernement-barnier-7022226.php\" target=\"_blank\" rel=\"noopener\">politiques<\/a>. Elle comprend la n\u00e9cessit\u00e9 de s&rsquo;adapter \u00e0 la soci\u00e9t\u00e9 mondialis\u00e9e. Elle veut que les \u00e9l\u00e8ves fran\u00e7ais soient pr\u00eats \u00e0 affronter les difficult\u00e9s de l&rsquo;avenir. Elle appr\u00e9cie la capacit\u00e9 d&rsquo;adaptation et la cr\u00e9ativit\u00e9.<\/p>\n\n\n\n<h4 class=\"wp-block-heading\">Tenir les jeunes \u00e0 l&rsquo;\u00e9cart du devant de la sc\u00e8ne<\/h4>\n\n\n\n<p>Anne prot\u00e8ge ses jeunes des m\u00e9dias. Loin de la demande des m\u00e9dias, elle veut qu&rsquo;ils aient une vie normale. Contrairement \u00e0 d&rsquo;autres c\u00e9l\u00e9brit\u00e9s, elle pr\u00e9f\u00e8re garder sa vie priv\u00e9e secr\u00e8te. Elle aborde cette question de mani\u00e8re tr\u00e8s subtile.<\/p>\n\n\n\n<h4 class=\"wp-block-heading\">Un pr\u00eatre et une m\u00e8re d\u00e9vou\u00e9s<\/h4>\n\n\n\n<p>Anne est une femme tr\u00e8s engag\u00e9e. Elle ne recule pas devant les d\u00e9fis. Ses enfants l&rsquo;ont beaucoup vue se battre. Elle veut qu&rsquo;ils soient fiers d&rsquo;elle aujourd&rsquo;hui. Elle esp\u00e8re que les enfants appr\u00e9cieront les sacrifices faits pour eux.<\/p>\n\n\n\n<h4 class=\"wp-block-heading\">Soutien familial<\/h4>\n\n\n\n<p>Anne a beaucoup parl\u00e9 de la valeur du soutien familial. Ses enfants et son partenaire sont toujours \u00e0 ses c\u00f4t\u00e9s. Elle leur parle avant de prendre une d\u00e9cision importante. Elle dit que sa carri\u00e8re politique d\u00e9pend de leurs conseils.<\/p>\n\n\n\n<h4 class=\"wp-block-heading\">Une bonne morale pour ses enfants<\/h4>\n\n\n\n<p>Anne veut que ses enfants soient tr\u00e8s moraux. Leur scolarit\u00e9 est principalement ax\u00e9e sur le respect, la tol\u00e9rance et l&rsquo;ouverture d&rsquo;esprit. Elle attend d&rsquo;eux qu&rsquo;ils deviennent des citoyens engag\u00e9s. Leur \u00e9ducation est, pour elle, sa plus grande r\u00e9ussite.<\/p>\n\n\n\n<h4 class=\"wp-block-heading\">L&rsquo;objectif d&rsquo;Anne Genetet<\/h4>\n\n\n\n<p>A la t\u00eate du minist\u00e8re de l&rsquo;Education, Anne cherche \u00e0 am\u00e9liorer les infrastructures. Chaque \u00e9l\u00e8ve doit trouver sa place, souhaite-t-elle. Elle r\u00eave tr\u00e8s haut pour l&rsquo;\u00e9ducation nationale. Elle est pr\u00eate \u00e0 faire de gros efforts pour atteindre ses objectifs.<\/p>\n\n\n\n<h4 class=\"wp-block-heading\">avant tout une m\u00e8re<\/h4>\n\n\n\n<p>Bien qu&rsquo;Anne ait beaucoup \u00e0 faire, elle s&rsquo;identifie d&rsquo;abord et avant tout comme une m\u00e8re. Elle affirme que ses enfants passeront toujours en premier. Pour elle, la famille est comme un pilier sur lequel elle s&rsquo;appuie chaque jour.<\/p>\n\n\n\n<h4 class=\"wp-block-heading\">Projets et changements pour l&rsquo;avenir<\/h4>\n\n\n\n<p>Anne Genetet a d\u00e9j\u00e0 rendu publics plusieurs changements \u00e0 venir. Elle souhaite que l&rsquo;acquisition des langues devienne plus solide. Elle souhaite moderniser les b\u00e2timents scolaires. Elle souhaite \u00e9galement que la formation des enseignants soit am\u00e9lior\u00e9e.<\/p>\n\n\n\n<h4 class=\"wp-block-heading\">Une nomination sous haute surveillance<\/h4>\n\n\n\n<p>Anne Genetet est attendue au tournant. Son arriv\u00e9e sera tr\u00e8s observ\u00e9e. Elle est consciente qu&rsquo;elle doit montrer qu&rsquo;elle est qualifi\u00e9e pour le poste. Mais elle reste confiante. Elle est pr\u00eate \u00e0 montrer ce qu&rsquo;elle sait faire et \u00e0 relever le d\u00e9fi.<\/p>\n\n\n\n<h4 class=\"wp-block-heading\">Ses choix sont centr\u00e9s sur les valeurs familiales<\/h4>\n\n\n\n<p>Anne a toujours fait des choix en pensant \u00e0 sa <a href=\"https:\/\/www.dmoz.fr\/starlettes\/copines\/dany-boonl-pere-devoue-de-cinq-enfants\/\">famille<\/a>. Elle esp\u00e8re que ses enfants seront heureux de ses succ\u00e8s. Elle veut leur montrer qu&rsquo;avec de l&rsquo;assiduit\u00e9 et de la t\u00e9nacit\u00e9, tout est possible. Pour elle, sa famille reste la premi\u00e8re priorit\u00e9.<\/p>\n","protected":false},"excerpt":{"rendered":"<p>Anne Genetet, m\u00e8re de quatre enfants, a remplac\u00e9 le pr\u00e9c\u00e9dent ministre de l&rsquo;\u00e9ducation. Elle a \u00e9t\u00e9 choisie sous la direction du gouvernement dirig\u00e9 par Michel Barnier. Elle est bien d\u00e9cid\u00e9e \u00e0 laisser sa marque, m\u00eame si elle a moins de connaissances dans le domaine de l&rsquo;\u00e9ducation. Son parcours Le 20 avril 1963 na\u00eet Anne Genetet&#8230;<\/p>\n","protected":false},"author":2,"featured_media":234,"comment_status":"open","ping_status":"open","sticky":false,"template":"","format":"standard","meta":{"_kad_post_transparent":"","_kad_post_title":"","_kad_post_layout":"","_kad_post_sidebar_id":"","_kad_post_content_style":"","_kad_post_vertical_padding":"","_kad_post_feature":"","_kad_post_feature_position":"","_kad_post_header":false,"_kad_post_footer":false,"_kad_post_classname":"","iawp_total_views":0,"footnotes":""},"categories":[11],"tags":[147,148,149,150],"class_list":["post-233","post","type-post","status-publish","format-standard","has-post-thumbnail","hentry","category-dernier","tag-anne-genetet","tag-deputee","tag-membre-de-renaissance","tag-ministre-de-leducation-nationale"],"_links":{"self":[{"href":"https:\/\/www.dmoz.fr\/starlettes\/wp-json\/wp\/v2\/posts\/233","targetHints":{"allow":["GET"]}}],"collection":[{"href":"https:\/\/www.dmoz.fr\/starlettes\/wp-json\/wp\/v2\/posts"}],"about":[{"href":"https:\/\/www.dmoz.fr\/starlettes\/wp-json\/wp\/v2\/types\/post"}],"author":[{"embeddable":true,"href":"https:\/\/www.dmoz.fr\/starlettes\/wp-json\/wp\/v2\/users\/2"}],"replies":[{"embeddable":true,"href":"https:\/\/www.dmoz.fr\/starlettes\/wp-json\/wp\/v2\/comments?post=233"}],"version-history":[{"count":0,"href":"https:\/\/www.dmoz.fr\/starlettes\/wp-json\/wp\/v2\/posts\/233\/revisions"}],"wp:featuredmedia":[{"embeddable":true,"href":"https:\/\/www.dmoz.fr\/starlettes\/wp-json\/wp\/v2\/media\/234"}],"wp:attachment":[{"href":"https:\/\/www.dmoz.fr\/starlettes\/wp-json\/wp\/v2\/media?parent=233"}],"wp:term":[{"taxonomy":"category","embeddable":true,"href":"https:\/\/www.dmoz.fr\/starlettes\/wp-json\/wp\/v2\/categories?post=233"},{"taxonomy":"post_tag","embeddable":true,"href":"https:\/\/www.dmoz.fr\/starlettes\/wp-json\/wp\/v2\/tags?post=233"}],"curies":[{"name":"wp","href":"https:\/\/api.w.org\/{rel}","templated":true}]}}