{"id":246,"date":"2024-10-08T07:32:22","date_gmt":"2024-10-08T07:32:22","guid":{"rendered":"https:\/\/www.dmoz.fr\/starlettes\/?p=246"},"modified":"2024-10-08T07:32:24","modified_gmt":"2024-10-08T07:32:24","slug":"noemie-schulz-mari-qui-est-le-mari-de-la-journaliste-qui-a-quitte-cnews","status":"publish","type":"post","link":"https:\/\/www.dmoz.fr\/starlettes\/copines\/noemie-schulz-mari-qui-est-le-mari-de-la-journaliste-qui-a-quitte-cnews\/","title":{"rendered":"No\u00e9mie Schulz Mari, Qui est le mari de la journaliste qui a quitt\u00e9 CNews ?"},"content":{"rendered":"\n<p><strong>Gr\u00e2ce \u00e0 son professionnalisme, la c\u00e9l\u00e8bre \u00e9crivaine No\u00e9mie Schulz a conquis les t\u00e9l\u00e9spectateurs. Elle a couvert les \u00e9v\u00e9nements judiciaires pour CNews pendant plusieurs ann\u00e9es. Sa vie priv\u00e9e me laisse cependant perplexe. Qui est son mari ? Pourquoi a-t-elle choisi de quitter la cha\u00eene ?<\/strong><\/p>\n\n\n<div class=\"wp-block-image\">\n<figure class=\"aligncenter size-full is-resized\" id=\"No\u00e9mie-Schulz-\"><img fetchpriority=\"high\" decoding=\"async\" width=\"536\" height=\"396\" src=\"https:\/\/www.dmoz.fr\/starlettes\/wp-content\/uploads\/2024\/10\/download-2024-10-08T122614.820.png\" alt=\"No\u00e9mie Schulz \" class=\"wp-image-247\" style=\"width:712px;height:auto\" title=\"No\u00e9mie Schulz \" srcset=\"https:\/\/www.dmoz.fr\/starlettes\/wp-content\/uploads\/2024\/10\/download-2024-10-08T122614.820.png 536w, https:\/\/www.dmoz.fr\/starlettes\/wp-content\/uploads\/2024\/10\/download-2024-10-08T122614.820-300x222.png 300w, https:\/\/www.dmoz.fr\/starlettes\/wp-content\/uploads\/2024\/10\/download-2024-10-08T122614.820-150x111.png 150w, https:\/\/www.dmoz.fr\/starlettes\/wp-content\/uploads\/2024\/10\/download-2024-10-08T122614.820-450x332.png 450w\" sizes=\"(max-width: 536px) 100vw, 536px\" \/><figcaption class=\"wp-element-caption\">No\u00e9mie Schulz <\/figcaption><\/figure>\n<\/div>\n\n\n<h4 class=\"wp-block-heading\">Une rupture impr\u00e9vue avec CNews<\/h4>\n\n\n\n<p>Les t\u00e9l\u00e9spectateurs de CNews ont trouv\u00e9 le d\u00e9part de No\u00e9mie Schulz inattendu. Pascal Praud a fondu en larmes lors de son dernier jour d&rsquo;antenne. Il a fait part de son respect pour sa coll\u00e8gue. Tu vas nous manquer. La cha\u00eene perd l\u00e0 un \u00e9l\u00e9ment formidable. Il a parl\u00e9 avec passion.<\/p>\n\n\n\n<h4 class=\"wp-block-heading\">La vie priv\u00e9e de No\u00e9mie Schulz<\/h4>\n\n\n\n<p>Malgr\u00e9 son profil public, No\u00e9mie a toujours tenu sa vie priv\u00e9e \u00e0 l&rsquo;\u00e9cart de la presse. Elle s&rsquo;est mari\u00e9e, mais elle pr\u00e9f\u00e8re ne pas r\u00e9v\u00e9ler le nom de son mari. Cette d\u00e9cision t\u00e9moigne de sa volont\u00e9 de pr\u00e9server sa famille et de donner la priorit\u00e9 \u00e0 sa carri\u00e8re.<\/p>\n\n\n\n<h4 class=\"wp-block-heading\">Fiche de Not\u00e9mie Schulz<\/h4>\n\n\n\n<figure class=\"wp-block-table\"><table class=\"has-fixed-layout\"><thead><tr><th><strong>Cat\u00e9gorie<\/strong><\/th><th><strong>D\u00e9tails<\/strong><\/th><\/tr><\/thead><tbody><tr><td><strong>Nom complet<\/strong><\/td><td><a href=\"https:\/\/www.dmoz.fr\/starlettes\/tag\/noemie-schulz\/\" data-type=\"post_tag\" data-id=\"159\">No\u00e9mie Schulz<\/a><\/td><\/tr><tr><td><strong>Profession<\/strong><\/td><td><a href=\"https:\/\/www.dmoz.fr\/starlettes\/tag\/journaliste\/\" data-type=\"post_tag\" data-id=\"79\">Journaliste<\/a><\/td><\/tr><tr><td><strong>D\u00e9partement<\/strong><\/td><td>Justice et police<\/td><\/tr><tr><td><strong>Cha\u00eene<\/strong><\/td><td><a href=\"https:\/\/www.dmoz.fr\/starlettes\/tag\/ancienne-journaliste-de-cnews\/\" data-type=\"post_tag\" data-id=\"160\">Ancienne journaliste de CNews<\/a><\/td><\/tr><tr><td><strong>D\u00e9part de CNews<\/strong><\/td><td>6 septembre 2024<\/td><\/tr><tr><td><strong><a href=\"https:\/\/www.dmoz.fr\/starlettes\/dernier\/didier-roustan-origine-et-parents-une-vie-entre-passion-et-discretion\/\" data-type=\"link\" data-id=\"https:\/\/www.dmoz.fr\/starlettes\/dernier\/didier-roustan-origine-et-parents-une-vie-entre-passion-et-discretion\/\">Mari<\/a><\/strong><\/td><td>Non divulgu\u00e9<\/td><\/tr><tr><td><strong>Enfants<\/strong><\/td><td>Information priv\u00e9e<\/td><\/tr><tr><td><strong>Ann\u00e9es de carri\u00e8re<\/strong><\/td><td>Plus de 7 ans<\/td><\/tr><tr><td><strong>Prochaine \u00e9tape<\/strong><\/td><td>D\u00e9fi professionnel non encore r\u00e9v\u00e9l\u00e9<\/td><\/tr><\/tbody><\/table><figcaption class=\"wp-element-caption\">No\u00e9mie Schulz <\/figcaption><\/figure>\n\n\n\n<h4 class=\"wp-block-heading\">un lien discret mais fort avec son mari<\/h4>\n\n\n\n<p>No\u00e9mie a d\u00e9cid\u00e9 de garder sa romance secr\u00e8te. Elle reste discr\u00e8te, mais nous savons que son mari la soutient dans ses d\u00e9cisions professionnelles. C&rsquo;est gr\u00e2ce \u00e0 ce soutien qu&rsquo;elle a pu se concentrer sur son travail et surmonter des circonstances difficiles.<\/p>\n\n\n\n<h4 class=\"wp-block-heading\">L&rsquo;aide sans rel\u00e2che de Pascal Praud<\/h4>\n\n\n\n<p>Pascal Praud a tenu \u00e0 t\u00e9moigner de son respect et de son admiration lors de sa derni\u00e8re visite sur CNews. No\u00e9mie est une tr\u00e8s bonne journaliste. Son travail est reconnu dans le milieu, elle va nous manquer, a-t-il d\u00e9clar\u00e9. Elle \u00e9tait tr\u00e8s professionnelle et d\u00e9vou\u00e9e.<\/p>\n\n\n\n<h4 class=\"wp-block-heading\">Le respect de la discr\u00e9tion<\/h4>\n\n\n\n<p>No\u00e9mie Schulz n&rsquo;a jamais partag\u00e9 sa vie de famille. Les t\u00e9l\u00e9spectateurs ont souvent sp\u00e9cul\u00e9 sur son mariage et ses enfants. Elle a d\u00e9fini avec pr\u00e9cision la place de la vie publique et de la vie priv\u00e9e. Cette d\u00e9cision t\u00e9moigne de sa volont\u00e9 de prot\u00e9ger sa famille des feux de la rampe.<\/p>\n\n\n\n<h4 class=\"wp-block-heading\">Un autre voyage pour No\u00e9mie Schulz<\/h4>\n\n\n\n<p>No\u00e9mie est partie et n&rsquo;a pas encore d\u00e9voil\u00e9 la suite de son parcours. On parle d&rsquo;une formation ou d&rsquo;un poste dans les m\u00e9dias \u00e9trangers. Mais rien n&rsquo;est encore v\u00e9rifi\u00e9.<\/p>\n\n\n\n<h4 class=\"wp-block-heading\">La carri\u00e8re de No\u00e9mie Schulz<\/h4>\n\n\n\n<p>No\u00e9mie Schulz a commenc\u00e9 son parcours il y a plus de sept ans. Elle s&rsquo;est rapidement hiss\u00e9e parmi les reporters les plus estim\u00e9s de la station. Elle se concentre sur les affaires judiciaires. Son exp\u00e9rience lui a permis de traiter avec rigueur et pr\u00e9cision des sujets difficiles.<\/p>\n\n\n\n<h4 class=\"wp-block-heading\">Une belle conclusion pour sa carri\u00e8re<\/h4>\n\n\n\n<p>Elle a remerci\u00e9 son personnel lors de son dernier jour \u00e0 <a href=\"https:\/\/www.telestar.fr\/actu_tv\/pascal-praud-en-larmes-il-perd-lune-de-ses-chroniqueuses-historiques-et-ne-sen-remet-pas-1689377\" target=\"_blank\" rel=\"noopener\">CNews<\/a>. \u00ab J&rsquo;ai beaucoup appris ici. M\u00eame si les d\u00e9buts ont \u00e9t\u00e9 difficiles, vous m&rsquo;avez aid\u00e9e \u00e0 grandir \u00bb, a-t-elle poursuivi, visiblement \u00e9mue. Elle a \u00e9galement remerci\u00e9 Pascal Praud pour ses conseils et ses encouragements.<\/p>\n\n\n\n<h4 class=\"wp-block-heading\">Pour la journaliste, quelle est la prochaine \u00e9tape ?<\/h4>\n\n\n\n<p>Bien que son d\u00e9part soit encore frais, No\u00e9mie a d\u00e9clar\u00e9 qu&rsquo;elle ne quitterait pas la sc\u00e8ne m\u00e9diatique. Les conjectures vont bon train quant \u00e0 son prochain lieu de travail. S&rsquo;installera-t-elle \u00e0 l&rsquo;\u00e9tranger ou restera-t-elle en France ? Travailler avec d&rsquo;autres cha\u00eenes. Son avenir est encore inconnu.<\/p>\n\n\n\n<h4 class=\"wp-block-heading\">un changement de carri\u00e8re<\/h4>\n\n\n\n<p>Selon des sources proches, No\u00e9mie Schulz envisagerait de se lancer dans un tout autre domaine. Peut-\u00eatre l&rsquo;\u00e9dition ou l&rsquo;\u00e9criture ? Ses partisans suivent de pr\u00e8s son \u00e9volution jusqu&rsquo;\u00e0 ce que nous en sachions plus. Elle devrait prochainement revenir sur le devant de la sc\u00e8ne.<\/p>\n\n\n\n<h4 class=\"wp-block-heading\">Fin de l&rsquo;aventure, mais pas du chemin<\/h4>\n\n\n\n<p>Si le d\u00e9part de No\u00e9mie Schulz marque un tournant, sa carri\u00e8re ne s&rsquo;arr\u00eate pas d\u00e9finitivement l\u00e0. Son mari l&rsquo;accompagne dans ce changement, il a \u00e9t\u00e9 un soutien de tous les instants. Elle compte bien affronter de nouvelles difficult\u00e9s en s&rsquo;appuyant sur son expertise et ses connaissances.<\/p>\n","protected":false},"excerpt":{"rendered":"<p>Gr\u00e2ce \u00e0 son professionnalisme, la c\u00e9l\u00e8bre \u00e9crivaine No\u00e9mie Schulz a conquis les t\u00e9l\u00e9spectateurs. Elle a couvert les \u00e9v\u00e9nements judiciaires pour CNews pendant plusieurs ann\u00e9es. Sa vie priv\u00e9e me laisse cependant perplexe. Qui est son mari ? Pourquoi a-t-elle choisi de quitter la cha\u00eene ? Une rupture impr\u00e9vue avec CNews Les t\u00e9l\u00e9spectateurs de CNews ont trouv\u00e9&#8230;<\/p>\n","protected":false},"author":2,"featured_media":247,"comment_status":"open","ping_status":"open","sticky":false,"template":"","format":"standard","meta":{"_kad_post_transparent":"","_kad_post_title":"","_kad_post_layout":"","_kad_post_sidebar_id":"","_kad_post_content_style":"","_kad_post_vertical_padding":"","_kad_post_feature":"","_kad_post_feature_position":"","_kad_post_header":false,"_kad_post_footer":false,"_kad_post_classname":"","iawp_total_views":47,"footnotes":""},"categories":[12],"tags":[160,79,159],"class_list":["post-246","post","type-post","status-publish","format-standard","has-post-thumbnail","hentry","category-copines","tag-ancienne-journaliste-de-cnews","tag-journaliste","tag-noemie-schulz"],"_links":{"self":[{"href":"https:\/\/www.dmoz.fr\/starlettes\/wp-json\/wp\/v2\/posts\/246","targetHints":{"allow":["GET"]}}],"collection":[{"href":"https:\/\/www.dmoz.fr\/starlettes\/wp-json\/wp\/v2\/posts"}],"about":[{"href":"https:\/\/www.dmoz.fr\/starlettes\/wp-json\/wp\/v2\/types\/post"}],"author":[{"embeddable":true,"href":"https:\/\/www.dmoz.fr\/starlettes\/wp-json\/wp\/v2\/users\/2"}],"replies":[{"embeddable":true,"href":"https:\/\/www.dmoz.fr\/starlettes\/wp-json\/wp\/v2\/comments?post=246"}],"version-history":[{"count":0,"href":"https:\/\/www.dmoz.fr\/starlettes\/wp-json\/wp\/v2\/posts\/246\/revisions"}],"wp:featuredmedia":[{"embeddable":true,"href":"https:\/\/www.dmoz.fr\/starlettes\/wp-json\/wp\/v2\/media\/247"}],"wp:attachment":[{"href":"https:\/\/www.dmoz.fr\/starlettes\/wp-json\/wp\/v2\/media?parent=246"}],"wp:term":[{"taxonomy":"category","embeddable":true,"href":"https:\/\/www.dmoz.fr\/starlettes\/wp-json\/wp\/v2\/categories?post=246"},{"taxonomy":"post_tag","embeddable":true,"href":"https:\/\/www.dmoz.fr\/starlettes\/wp-json\/wp\/v2\/tags?post=246"}],"curies":[{"name":"wp","href":"https:\/\/api.w.org\/{rel}","templated":true}]}}