{"id":275,"date":"2024-10-15T08:19:41","date_gmt":"2024-10-15T08:19:41","guid":{"rendered":"https:\/\/www.dmoz.fr\/starlettes\/?p=275"},"modified":"2024-10-15T08:19:43","modified_gmt":"2024-10-15T08:19:43","slug":"mariage-roberto-alagna-et-aleksandra-kurzak-une-rencontre-artistique","status":"publish","type":"post","link":"https:\/\/www.dmoz.fr\/starlettes\/copines\/mariage-roberto-alagna-et-aleksandra-kurzak-une-rencontre-artistique\/","title":{"rendered":"Mariage Roberto Alagna et Aleksandra Kurzak, Une Rencontre Artistique"},"content":{"rendered":"\n<p><strong>L&rsquo;histoire du mariage de Roberto Alagna et Aleksandra Kurzak est intrigante. C&rsquo;est sur sc\u00e8ne, lors d&rsquo;une repr\u00e9sentation de L&rsquo;\u00c9lixir d&rsquo;amour, que leur amour s&rsquo;est \u00e9panoui. Roberto a scell\u00e9 leur relation par l&rsquo;art en demandant Aleksandra en mariage quelques jours apr\u00e8s leur rencontre musicale.<\/strong><\/p>\n\n\n<div class=\"wp-block-image\">\n<figure class=\"aligncenter size-full is-resized\" id=\"Mariage-Roberto-Alagna-et-Aleksandra-Kurzak\"><img decoding=\"async\" width=\"218\" height=\"171\" src=\"https:\/\/www.dmoz.fr\/starlettes\/wp-content\/uploads\/2024\/10\/download-2024-10-15T131403.007.png\" alt=\"Mariage Roberto Alagna et Aleksandra Kurzak\" class=\"wp-image-276\" style=\"width:672px;height:auto\" title=\"Mariage Roberto Alagna et Aleksandra Kurzak\" srcset=\"https:\/\/www.dmoz.fr\/starlettes\/wp-content\/uploads\/2024\/10\/download-2024-10-15T131403.007.png 218w, https:\/\/www.dmoz.fr\/starlettes\/wp-content\/uploads\/2024\/10\/download-2024-10-15T131403.007-150x118.png 150w\" sizes=\"(max-width: 218px) 100vw, 218px\" \/><figcaption class=\"wp-element-caption\">Mariage Roberto Alagna et Aleksandra Kurzak<\/figcaption><\/figure>\n<\/div>\n\n\n<h4 class=\"wp-block-heading\">D\u00e9tails sur le couple et leur biographie<\/h4>\n\n\n\n<figure class=\"wp-block-table\"><table class=\"has-fixed-layout\"><thead><tr><th><strong>Cat\u00e9gorie<\/strong><\/th><th><strong>D\u00e9tails<\/strong><\/th><\/tr><\/thead><tbody><tr><td><strong>Nom<\/strong><\/td><td><a href=\"https:\/\/www.dmoz.fr\/starlettes\/tag\/roberto-alagna\/\" data-type=\"post_tag\" data-id=\"188\">Roberto Alagna<\/a> et <a href=\"https:\/\/www.dmoz.fr\/starlettes\/tag\/aleksandra-kurzak\/\" data-type=\"post_tag\" data-id=\"189\">Aleksandra Kurzak<\/a><\/td><\/tr><tr><td><strong>Profession<\/strong><\/td><td><a href=\"https:\/\/www.dmoz.fr\/starlettes\/tag\/tenor-et-soprano\/\" data-type=\"post_tag\" data-id=\"190\">T\u00e9nor et soprano<\/a><\/td><\/tr><tr><td><strong>Nationalit\u00e9<\/strong><\/td><td>Franco-italienne \/ Polonaise<\/td><\/tr><tr><td><strong>Mariage<\/strong><\/td><td>2015<\/td><\/tr><tr><td><strong>Premier Duo<\/strong><\/td><td><em>Puccini in Love<\/em> (2018)<\/td><\/tr><tr><td><strong>Rencontre<\/strong><\/td><td>Sur sc\u00e8ne<\/td><\/tr><tr><td><strong>\u00c9mission TV<\/strong><\/td><td><em>Le Grand \u00c9chiquier<\/em><\/td><\/tr><\/tbody><\/table><figcaption class=\"wp-element-caption\">Roberto Alagna et Aleksandra Kurzak<\/figcaption><\/figure>\n\n\n\n<p>(Source : <a href=\"https:\/\/www.wqxr.org\/story\/powerful-elixir-roberto-alagna-and-aleksandra-kurzak-classical-valentines-day\/\" target=\"_blank\" rel=\"noopener\">France 3<\/a>)  ,  <a href=\"https:\/\/en.wikipedia.org\/wiki\/Aleksandra_Kurzak\" target=\"_blank\" rel=\"noopener\">Wiki<\/a>  , <a href=\"https:\/\/www.instagram.com\/aleksandra_kurzak\/?hl=en\" target=\"_blank\" rel=\"noopener\">Instagram<\/a><\/p>\n\n\n\n<h4 class=\"wp-block-heading\">Une connexion aliment\u00e9e par la musique<\/h4>\n\n\n\n<p>Aleksandra et Roberto r\u00e9v\u00e8lent que leur int\u00e9r\u00eat commun pour leurs voix a servi de catalyseur \u00e0 leur romance. Ils se sont rapidement rapproch\u00e9s gr\u00e2ce \u00e0 leur partenariat artistique. Roberto les a demand\u00e9s en mariage dix jours apr\u00e8s leur premi\u00e8re rencontre. Selon Aleksandra, Roberto est un homme r\u00e9solu qui n&rsquo;h\u00e9site jamais.<\/p>\n\n\n\n<h4 class=\"wp-block-heading\">Informations g\u00e9n\u00e9rales sur Aleksandra Kurzak<\/h4>\n\n\n\n<p>Aleksandra, n\u00e9e \u00e0 Brzeg Dolny, est tomb\u00e9e amoureuse du chant d\u00e8s son plus jeune \u00e2ge. Avant de rejoindre l&rsquo;Op\u00e9ra de Hambourg, elle a \u00e9tudi\u00e9 \u00e0 Hambourg et \u00e0 Wroclaw. Elle s&rsquo;est produite sur les plus grandes sc\u00e8nes de sa carri\u00e8re mondiale. Elle et Roberto se produisent fr\u00e9quemment depuis 2015, cr\u00e9ant un combo bien connu.<\/p>\n\n\n\n<h4 class=\"wp-block-heading\">Roberto Alagna : un vocaliste remarquable<\/h4>\n\n\n\n<p>Avant de s&rsquo;imposer dans le monde de l&rsquo;op\u00e9ra, Roberto Alagna a commenc\u00e9 sa carri\u00e8re dans les cabarets. Sa victoire au concours Pavarotti en 1988 a \u00e9t\u00e9 d\u00e9terminante. La diversit\u00e9 de son r\u00e9pertoire et sa capacit\u00e9 \u00e0 passer de projets populaires \u00e0 la musique classique font de lui une personnalit\u00e9 incontournable.<\/p>\n\n\n\n<h4 class=\"wp-block-heading\">Leur partenariat cr\u00e9atif<\/h4>\n\n\n\n<p>L&rsquo;album Puccini in Love, sorti en 2018, qui comprend des duos m\u00e9morables, rend hommage \u00e0 l&rsquo;amour. Leur collaboration est \u00e9vidente \u00e0 chaque repr\u00e9sentation. Les r\u00e9citations et les apparitions sur sc\u00e8ne continuent de captiver le public, et le projet a recueilli des critiques positives.<\/p>\n\n\n\n<h4 class=\"wp-block-heading\">R\u00e9actions au Grand \u00c9chiquier<\/h4>\n\n\n\n<p>Roberto et Aleksandra ont parl\u00e9 ouvertement de leur relation lors de leur passage \u00e0 l&rsquo;\u00e9mission Le Grand \u00c9chiquier. Jane Birkin, une invit\u00e9e, a parl\u00e9 de ses r\u00e9flexions sur l&rsquo;amour et de la valeur des moments. Le public a \u00e9t\u00e9 s\u00e9duit par l&rsquo;humour et la collaboration du <a href=\"https:\/\/www.dmoz.fr\/starlettes\/copines\/franck-noplp-mari-promesse-damour-et-gains-spectaculaires\/\">couple<\/a>.<\/p>\n\n\n\n<h4 class=\"wp-block-heading\">Projets d&rsquo;avenir et vie de famille<\/h4>\n\n\n\n<p>Roberto et Aleksandra, qui sont mari\u00e9s depuis 2015, partagent leur vie entre la vie priv\u00e9e et les apparitions publiques. Ils parviennent \u00e0 jongler avec leur vie de famille et leur vie professionnelle. Leur lien personnel et leur passion pour la musique sont une source d&rsquo;inspiration pour l&rsquo;art et la vie quotidienne.<\/p>\n\n\n\n<h4 class=\"wp-block-heading\">Les points forts de ma carri\u00e8re<\/h4>\n\n\n\n<figure class=\"wp-block-table\"><table class=\"has-fixed-layout\"><thead><tr><th><strong>Aspect<\/strong><\/th><th><strong>R\u00e9alisations<\/strong><\/th><\/tr><\/thead><tbody><tr><td><strong>Mariage<\/strong><\/td><td>Depuis 2015<\/td><\/tr><tr><td><strong>Album Ensemble<\/strong><\/td><td><em>Puccini in Love<\/em><\/td><\/tr><tr><td><strong>Performances Sc\u00e9niques<\/strong><\/td><td>Duos r\u00e9guliers<\/td><\/tr><tr><td><strong>Participation TV<\/strong><\/td><td><em>Le Grand \u00c9chiquier<\/em><\/td><\/tr><tr><td><strong>Carri\u00e8re Solo<\/strong><\/td><td>Succ\u00e8s individuels dans l\u2019op\u00e9ra<\/td><\/tr><\/tbody><\/table><\/figure>\n\n\n\n<h4 class=\"wp-block-heading\">Une passion pour la vie et l&rsquo;art<\/h4>\n\n\n\n<p>Le mariage d&rsquo;Aleksandra Kurzak et de Roberto Alagna est un exemple de la mani\u00e8re dont l&rsquo;art et la vie peuvent coexister. Leur talent est renforc\u00e9 par leur relation professionnelle et personnelle. Ils d\u00e9montrent comment l&rsquo;amour et la musique peuvent se combiner pour raconter une histoire puissante \u00e0 travers leurs efforts de collaboration.<\/p>\n","protected":false},"excerpt":{"rendered":"<p>L&rsquo;histoire du mariage de Roberto Alagna et Aleksandra Kurzak est intrigante. C&rsquo;est sur sc\u00e8ne, lors d&rsquo;une repr\u00e9sentation de L&rsquo;\u00c9lixir d&rsquo;amour, que leur amour s&rsquo;est \u00e9panoui. Roberto a scell\u00e9 leur relation par l&rsquo;art en demandant Aleksandra en mariage quelques jours apr\u00e8s leur rencontre musicale. D\u00e9tails sur le couple et leur biographie Cat\u00e9gorie D\u00e9tails Nom Roberto Alagna&#8230;<\/p>\n","protected":false},"author":2,"featured_media":276,"comment_status":"closed","ping_status":"closed","sticky":false,"template":"","format":"standard","meta":{"_kad_post_transparent":"","_kad_post_title":"","_kad_post_layout":"","_kad_post_sidebar_id":"","_kad_post_content_style":"","_kad_post_vertical_padding":"","_kad_post_feature":"","_kad_post_feature_position":"","_kad_post_header":false,"_kad_post_footer":false,"_kad_post_classname":"","iawp_total_views":70,"footnotes":""},"categories":[12],"tags":[189,188,190],"class_list":["post-275","post","type-post","status-publish","format-standard","has-post-thumbnail","hentry","category-copines","tag-aleksandra-kurzak","tag-roberto-alagna","tag-tenor-et-soprano"],"_links":{"self":[{"href":"https:\/\/www.dmoz.fr\/starlettes\/wp-json\/wp\/v2\/posts\/275","targetHints":{"allow":["GET"]}}],"collection":[{"href":"https:\/\/www.dmoz.fr\/starlettes\/wp-json\/wp\/v2\/posts"}],"about":[{"href":"https:\/\/www.dmoz.fr\/starlettes\/wp-json\/wp\/v2\/types\/post"}],"author":[{"embeddable":true,"href":"https:\/\/www.dmoz.fr\/starlettes\/wp-json\/wp\/v2\/users\/2"}],"replies":[{"embeddable":true,"href":"https:\/\/www.dmoz.fr\/starlettes\/wp-json\/wp\/v2\/comments?post=275"}],"version-history":[{"count":0,"href":"https:\/\/www.dmoz.fr\/starlettes\/wp-json\/wp\/v2\/posts\/275\/revisions"}],"wp:featuredmedia":[{"embeddable":true,"href":"https:\/\/www.dmoz.fr\/starlettes\/wp-json\/wp\/v2\/media\/276"}],"wp:attachment":[{"href":"https:\/\/www.dmoz.fr\/starlettes\/wp-json\/wp\/v2\/media?parent=275"}],"wp:term":[{"taxonomy":"category","embeddable":true,"href":"https:\/\/www.dmoz.fr\/starlettes\/wp-json\/wp\/v2\/categories?post=275"},{"taxonomy":"post_tag","embeddable":true,"href":"https:\/\/www.dmoz.fr\/starlettes\/wp-json\/wp\/v2\/tags?post=275"}],"curies":[{"name":"wp","href":"https:\/\/api.w.org\/{rel}","templated":true}]}}