{"id":298,"date":"2024-10-17T11:02:35","date_gmt":"2024-10-17T11:02:35","guid":{"rendered":"https:\/\/www.dmoz.fr\/starlettes\/?p=298"},"modified":"2024-10-17T11:02:37","modified_gmt":"2024-10-17T11:02:37","slug":"sophie-jovillard-et-son-mari-la-grande-discretion","status":"publish","type":"post","link":"https:\/\/www.dmoz.fr\/starlettes\/copines\/sophie-jovillard-et-son-mari-la-grande-discretion\/","title":{"rendered":"Sophie Jovillard et son mari, La grande discr\u00e9tion"},"content":{"rendered":"\n<p><strong>L&rsquo;animatrice d&rsquo;\u00c9chapp\u00e9es belles, Sophie Jovillard, garde sa vie priv\u00e9e secr\u00e8te. Fr\u00e9quemment aper\u00e7ue avec des personnes influentes, elle n&rsquo;\u00e9voque jamais sa vie sentimentale. Les fans s&rsquo;enqui\u00e8rent de son petit ami lors de ses rares apparitions publiques.<\/strong><\/p>\n\n\n<div class=\"wp-block-image\">\n<figure class=\"aligncenter size-full\" id=\"Sophie-Jovillard\"><img fetchpriority=\"high\" decoding=\"async\" width=\"634\" height=\"481\" src=\"https:\/\/www.dmoz.fr\/starlettes\/wp-content\/uploads\/2024\/10\/image-7.png\" alt=\"Sophie Jovillard\" class=\"wp-image-299\" title=\"Sophie Jovillard\" srcset=\"https:\/\/www.dmoz.fr\/starlettes\/wp-content\/uploads\/2024\/10\/image-7.png 634w, https:\/\/www.dmoz.fr\/starlettes\/wp-content\/uploads\/2024\/10\/image-7-300x228.png 300w, https:\/\/www.dmoz.fr\/starlettes\/wp-content\/uploads\/2024\/10\/image-7-150x114.png 150w, https:\/\/www.dmoz.fr\/starlettes\/wp-content\/uploads\/2024\/10\/image-7-450x341.png 450w\" sizes=\"(max-width: 634px) 100vw, 634px\" \/><figcaption class=\"wp-element-caption\">Sophie Jovillard<\/figcaption><\/figure>\n<\/div>\n\n\n<h4 class=\"wp-block-heading\">Une carri\u00e8re remarquable<\/h4>\n\n\n\n<p>Sophie, n\u00e9e \u00e0 Lyon en 1973, devient rapidement journaliste. En 1996, elle entre \u00e0 T\u00e9l\u00e9 Lyon M\u00e9tropole apr\u00e8s un stage \u00e0 RTL. Elle rejoint France T\u00e9l\u00e9visions deux ans plus tard, et en 2006, elle est nomm\u00e9e animatrice d&rsquo;\u00c9chapp\u00e9es belles. C&rsquo;est gr\u00e2ce \u00e0 cette \u00e9mission qu&rsquo;elle s&rsquo;est fait conna\u00eetre.<\/p>\n\n\n\n<h4 class=\"wp-block-heading\">\u00c9l\u00e9ments biographiques de Sophie Jovillard<\/h4>\n\n\n\n<figure class=\"wp-block-table\"><table class=\"has-fixed-layout\"><thead><tr><th><strong>Nom<\/strong><\/th><th><a href=\"https:\/\/www.dmoz.fr\/starlettes\/tag\/sophie-jovillard\/\" data-type=\"post_tag\" data-id=\"208\">Sophie Jovillard<\/a><\/th><\/tr><\/thead><tbody><tr><td><strong>Date de naissance<\/strong><\/td><td>1973<\/td><\/tr><tr><td><strong>Lieu de naissance<\/strong><\/td><td>Lyon, France<\/td><\/tr><tr><td><strong>Profession<\/strong><\/td><td><a href=\"https:\/\/www.dmoz.fr\/starlettes\/tag\/animatrice-tv\/\" data-type=\"post_tag\" data-id=\"209\">Animatrice TV<\/a>, <a href=\"https:\/\/www.dmoz.fr\/starlettes\/tag\/journaliste\/\" data-type=\"post_tag\" data-id=\"79\">Journaliste<\/a><\/td><\/tr><tr><td><strong>\u00c9mission phare<\/strong><\/td><td><em>\u00c9chapp\u00e9es belles<\/em> (France 5)<\/td><\/tr><tr><td><strong>Livres publi\u00e9s<\/strong><\/td><td><em>Les carnets de Sophie en France<\/em><\/td><\/tr><tr><td><strong>R\u00e9seaux sociaux<\/strong><\/td><td> <a href=\"https:\/\/www.instagram.com\/so_jovillard\/?hl=en\" target=\"_blank\" rel=\"noopener\">Instagram<\/a> , Twitter<\/td><\/tr><\/tbody><\/table><figcaption class=\"wp-element-caption\">Sophie Jovillard<\/figcaption><\/figure>\n\n\n\n<p><a href=\"https:\/\/fr.wikipedia.org\/wiki\/Sophie_Jovillard\" target=\"_blank\" rel=\"noopener\">Wiki<\/a>  <\/p>\n\n\n\n<h4 class=\"wp-block-heading\">Passionn\u00e9e de voyages<\/h4>\n\n\n\n<p>Sophie publie fr\u00e9quemment des articles sur ses voyages dans les m\u00e9dias sociaux. Elle partage des photos de ses nombreuses exp\u00e9riences sur Instagram. En f\u00e9vrier 2022, elle a partag\u00e9 une photo d&rsquo;animaux sauvages dans le parc national d&rsquo;Etosha en Namibie. Ses posts passionnent ses followers.<\/p>\n\n\n\n<h4 class=\"wp-block-heading\">discr\u00e9tion sur sa vie priv\u00e9e<\/h4>\n\n\n\n<p>Malgr\u00e9 sa notori\u00e9t\u00e9, Sophie ne donne pas de d\u00e9tails sur sa <a href=\"https:\/\/www.dmoz.fr\/starlettes\/copines\/mona-chollet-et-son-mari-la-vie-discrete-dune-feministe-engagee\/\">vie priv\u00e9e<\/a>. Il n&rsquo;y a pas beaucoup d&rsquo;indices concernant sa vie sentimentale ou son partenaire. Cela favorise les conjectures. Certains pensent qu&rsquo;elle pr\u00e9f\u00e8re vivre loin des projecteurs et pr\u00e9server sa solitude.<\/p>\n\n\n\n<h4 class=\"wp-block-heading\">Une figure m\u00e9diatique de premier plan<\/h4>\n\n\n\n<p>Sophie Jovillard continue de marquer le paysage m\u00e9diatique fran\u00e7ais. Elle anime toujours \u00c9chapp\u00e9es belles avec assiduit\u00e9 et passion. L&rsquo;attachement de ses sympathisants est renforc\u00e9 par son image de femme discr\u00e8te et professionnelle. Une journaliste qui excelle sans se faire remarquer.<\/p>\n\n\n\n<h4 class=\"wp-block-heading\">Une vie priv\u00e9e pr\u00e9serv\u00e9e<\/h4>\n\n\n\n<p>L&rsquo;histoire sentimentale de Sophie n&rsquo;est pas encore connue. Elle d\u00e9cide de garder cette partie de sa vie priv\u00e9e malgr\u00e9 ses succ\u00e8s. Elle conserve son influence m\u00e9diatique et m\u00e8ne une <a href=\"https:\/\/selcius.fr\/mariage-de-sophie-jovillard-son-portrait\/\" target=\"_blank\" rel=\"noopener\">carri\u00e8re<\/a> professionnelle exceptionnelle, qu&rsquo;elle soit mari\u00e9e ou non. Une femme fascinante et inspirante.<\/p>\n\n\n\n<h3 class=\"wp-block-heading\">FAQ sur Sophie Jovillard et sa vie priv\u00e9e<\/h3>\n\n\n\n<p><strong>Sophie Jovillard est-elle mari\u00e9e ?<\/strong> <\/p>\n\n\n\n<p>Sophie Jovillard est tr\u00e8s discr\u00e8te sur sa vie priv\u00e9e, et aucune information publique ne confirme son mariage. Elle pr\u00e9f\u00e8re garder ses relations amoureuses hors des projecteurs.<\/p>\n\n\n\n<p><strong>Sophie Jovillard parle-t-elle de son mari ou compagnon ?<\/strong><\/p>\n\n\n\n<p>Non, Sophie Jovillard parle rarement de sa vie amoureuse ou de son compagnon, pr\u00e9f\u00e9rant concentrer son discours sur sa carri\u00e8re et ses voyages.<\/p>\n\n\n\n<p><strong>Sophie Jovillard a-t-elle des enfants ?<\/strong> <\/p>\n\n\n\n<p>Il n&rsquo;y a aucune information publique disponible concernant d&rsquo;\u00e9ventuels enfants de Sophie Jovillard. Elle garde sa vie familiale tr\u00e8s priv\u00e9e.<\/p>\n\n\n\n<p><strong>Avec qui Sophie Jovillard est-elle souvent vue ?<\/strong><\/p>\n\n\n\n<p> Sophie Jovillard est souvent vue avec des coll\u00e8gues ou des personnalit\u00e9s comme Rapha\u00ebl de Casabianca, avec qui elle a travaill\u00e9 sur <em>\u00c9chapp\u00e9es belles<\/em>, mais ces apparitions sont purement professionnelles.<\/p>\n\n\n\n<p><strong>Quels sont les projets de Sophie Jovillard en dehors de la t\u00e9l\u00e9vision ?<\/strong> <\/p>\n\n\n\n<p>Sophie est aussi auteure et chroniqueuse. Elle a publi\u00e9 des livres tels que <em>Les carnets de Sophie en France<\/em> et a travaill\u00e9 pour <em>Lonely Planet<\/em>. Elle continue \u00e9galement de partager ses aventures sur les r\u00e9seaux sociaux.<\/p>\n\n\n\n<p><strong>Sophie Jovillard est-elle active sur les r\u00e9seaux sociaux ?<\/strong> <\/p>\n\n\n\n<p>Oui, Sophie Jovillard est active sur Instagram et Twitter, o\u00f9 elle partage ses exp\u00e9riences de voyage, des rencontres et des moments de sa vie professionnelle.<\/p>\n\n\n\n<p><strong>Quelles \u00e9missions a anim\u00e9es Sophie Jovillard ?<\/strong> <\/p>\n\n\n\n<p>Sophie est principalement connue pour \u00eatre l&rsquo;animatrice de l&rsquo;\u00e9mission <em>\u00c9chapp\u00e9es belles<\/em> sur France 5. Elle a \u00e9galement pr\u00e9sent\u00e9 d&rsquo;autres programmes, collabor\u00e9 avec des radios et contribu\u00e9 \u00e0 plusieurs m\u00e9dias \u00e9crits.<\/p>\n","protected":false},"excerpt":{"rendered":"<p>L&rsquo;animatrice d&rsquo;\u00c9chapp\u00e9es belles, Sophie Jovillard, garde sa vie priv\u00e9e secr\u00e8te. Fr\u00e9quemment aper\u00e7ue avec des personnes influentes, elle n&rsquo;\u00e9voque jamais sa vie sentimentale. Les fans s&rsquo;enqui\u00e8rent de son petit ami lors de ses rares apparitions publiques. Une carri\u00e8re remarquable Sophie, n\u00e9e \u00e0 Lyon en 1973, devient rapidement journaliste. En 1996, elle entre \u00e0 T\u00e9l\u00e9 Lyon M\u00e9tropole&#8230;<\/p>\n","protected":false},"author":2,"featured_media":299,"comment_status":"closed","ping_status":"closed","sticky":false,"template":"","format":"standard","meta":{"_kad_post_transparent":"","_kad_post_title":"","_kad_post_layout":"","_kad_post_sidebar_id":"","_kad_post_content_style":"","_kad_post_vertical_padding":"","_kad_post_feature":"","_kad_post_feature_position":"","_kad_post_header":false,"_kad_post_footer":false,"_kad_post_classname":"","iawp_total_views":17,"footnotes":""},"categories":[12],"tags":[209,79,208],"class_list":["post-298","post","type-post","status-publish","format-standard","has-post-thumbnail","hentry","category-copines","tag-animatrice-tv","tag-journaliste","tag-sophie-jovillard"],"_links":{"self":[{"href":"https:\/\/www.dmoz.fr\/starlettes\/wp-json\/wp\/v2\/posts\/298","targetHints":{"allow":["GET"]}}],"collection":[{"href":"https:\/\/www.dmoz.fr\/starlettes\/wp-json\/wp\/v2\/posts"}],"about":[{"href":"https:\/\/www.dmoz.fr\/starlettes\/wp-json\/wp\/v2\/types\/post"}],"author":[{"embeddable":true,"href":"https:\/\/www.dmoz.fr\/starlettes\/wp-json\/wp\/v2\/users\/2"}],"replies":[{"embeddable":true,"href":"https:\/\/www.dmoz.fr\/starlettes\/wp-json\/wp\/v2\/comments?post=298"}],"version-history":[{"count":0,"href":"https:\/\/www.dmoz.fr\/starlettes\/wp-json\/wp\/v2\/posts\/298\/revisions"}],"wp:featuredmedia":[{"embeddable":true,"href":"https:\/\/www.dmoz.fr\/starlettes\/wp-json\/wp\/v2\/media\/299"}],"wp:attachment":[{"href":"https:\/\/www.dmoz.fr\/starlettes\/wp-json\/wp\/v2\/media?parent=298"}],"wp:term":[{"taxonomy":"category","embeddable":true,"href":"https:\/\/www.dmoz.fr\/starlettes\/wp-json\/wp\/v2\/categories?post=298"},{"taxonomy":"post_tag","embeddable":true,"href":"https:\/\/www.dmoz.fr\/starlettes\/wp-json\/wp\/v2\/tags?post=298"}],"curies":[{"name":"wp","href":"https:\/\/api.w.org\/{rel}","templated":true}]}}