{"id":353,"date":"2025-01-07T13:18:19","date_gmt":"2025-01-07T13:18:19","guid":{"rendered":"https:\/\/www.dmoz.fr\/starlettes\/?p=353"},"modified":"2025-07-29T14:40:27","modified_gmt":"2025-07-29T14:40:27","slug":"emma-zoug-une-vie-en-danger-jai-du-sauter-par-la-fenetre-pour-men-sortir","status":"publish","type":"post","link":"https:\/\/www.dmoz.fr\/starlettes\/all\/emma-zoug-une-vie-en-danger-jai-du-sauter-par-la-fenetre-pour-men-sortir\/","title":{"rendered":"Emma Zoug, une vie en danger : &lsquo;j\u2019ai d\u00fb sauter par la fen\u00eatre pour m\u2019en sortir&rsquo;"},"content":{"rendered":"<h2>Une vie marqu\u00e9e par la violence<\/h2>\n<p>Emma Zoug, une jeune femme autrefois pleine de r\u00eaves, a r\u00e9cemment r\u00e9v\u00e9l\u00e9 une v\u00e9rit\u00e9 terrifiante : elle a \u00e9t\u00e9 victime de violences conjugales. Ce calvaire s&rsquo;est d\u00e9roul\u00e9 il y a quelques mois, lorsqu\u2019elle vivait une relation tumultueuse avec un ex-compagnon footballeur professionnel. L\u2019histoire a choqu\u00e9 le public et relance le d\u00e9bat sur les violences faites aux femmes.<\/p>\n<p>Emma a t\u00e9moign\u00e9 du jour o\u00f9 sa vie a bascul\u00e9. Les tensions dans son couple s\u2019\u00e9taient multipli\u00e9es, et les disputes \u00e9taient devenues fr\u00e9quentes. Toutefois, jamais elle n&rsquo;aurait imagin\u00e9 que son partenaire pourrait mettre sa vie en danger. \u00ab J\u2019ai d\u00fb sauter par la fen\u00eatre pour m\u2019en sortir \u00bb, confie-t-elle avec une \u00e9motion palpable.<\/p>\n<h2>Le jour o\u00f9 tout a chang\u00e9<\/h2>\n<p>Le point culminant de cette relation toxique a \u00e9t\u00e9 atteint lorsqu\u2019une altercation a d\u00e9g\u00e9n\u00e9r\u00e9. Emma a senti que sa vie \u00e9tait en p\u00e9ril. Pi\u00e9g\u00e9e dans son propre appartement et terroris\u00e9e, elle n\u2019avait d\u2019autre choix que de fuir par la fen\u00eatre pour \u00e9chapper \u00e0 son agresseur. Ce geste d\u00e9sesp\u00e9r\u00e9 a non seulement sauv\u00e9 sa vie, mais a aussi marqu\u00e9 le d\u00e9but d\u2019un long processus de reconstruction.<\/p>\n<p>Apr\u00e8s avoir surv\u00e9cu \u00e0 cet \u00e9v\u00e9nement traumatisant, Emma a d\u00e9cid\u00e9 de briser le silence. Elle a port\u00e9 plainte et commenc\u00e9 \u00e0 partager son histoire pour sensibiliser \u00e0 la r\u00e9alit\u00e9 des violences conjugales. Son t\u00e9moignage est un rappel poignant de la gravit\u00e9 de cette probl\u00e9matique sociale.<\/p>\n<figure id=\"attachment_356\" aria-describedby=\"caption-attachment-356\" style=\"width: 514px\" class=\"wp-caption aligncenter\"><img fetchpriority=\"high\" decoding=\"async\" class=\"size-full wp-image-356\" src=\"https:\/\/www.dmoz.fr\/starlettes\/wp-content\/uploads\/2025\/01\/emma-zoug-avocat.jpg\" alt=\"\" width=\"514\" height=\"632\" srcset=\"https:\/\/www.dmoz.fr\/starlettes\/wp-content\/uploads\/2025\/01\/emma-zoug-avocat.jpg 514w, https:\/\/www.dmoz.fr\/starlettes\/wp-content\/uploads\/2025\/01\/emma-zoug-avocat-244x300.jpg 244w, https:\/\/www.dmoz.fr\/starlettes\/wp-content\/uploads\/2025\/01\/emma-zoug-avocat-150x184.jpg 150w, https:\/\/www.dmoz.fr\/starlettes\/wp-content\/uploads\/2025\/01\/emma-zoug-avocat-450x553.jpg 450w\" sizes=\"(max-width: 514px) 100vw, 514px\" \/><figcaption id=\"caption-attachment-356\" class=\"wp-caption-text\">emma zoug et son avocat sur instagram<\/figcaption><\/figure>\n<h2>Les chiffres alarmants des violences conjugales<\/h2>\n<p>Les violences conjugales ne sont pas un cas isol\u00e9. Voici quelques statistiques pour mieux comprendre l\u2019ampleur du ph\u00e9nom\u00e8ne :<\/p>\n<table>\n<tbody>\n<tr>\n<th>Statistique<\/th>\n<th>Source<\/th>\n<\/tr>\n<tr>\n<td>1 femme sur 3 dans le monde subit des violences physiques ou sexuelles au cours de sa vie.<\/td>\n<td>OMS<\/td>\n<\/tr>\n<tr>\n<td>En France, une femme meurt tous les trois jours sous les coups de son partenaire ou ex-partenaire.<\/td>\n<td>Minist\u00e8re de l&rsquo;Int\u00e9rieur<\/td>\n<\/tr>\n<tr>\n<td>80 % des victimes de violences conjugales ne portent jamais plainte.<\/td>\n<td>INSEE<\/td>\n<\/tr>\n<\/tbody>\n<\/table>\n<h2>Emma Zoug, un exemple de r\u00e9silience<\/h2>\n<p>Malgr\u00e9 les \u00e9preuves qu\u2019elle a travers\u00e9es, Emma Zoug se concentre aujourd\u2019hui sur sa gu\u00e9rison et sur l\u2019avenir. En partageant son exp\u00e9rience, elle esp\u00e8re inspirer d\u2019autres victimes \u00e0 demander de l\u2019aide et \u00e0 d\u00e9noncer leurs agresseurs. Elle collabore \u00e9galement avec des associations pour sensibiliser le public et promouvoir des ressources pour les personnes en d\u00e9tresse.<\/p>\n<p>Son message est clair : \u00ab Vous n\u2019\u00eates pas seul(e). Il existe des solutions et des personnes pr\u00eates \u00e0 vous aider. \u00bb<\/p>\n<h2>FAQ : questions fr\u00e9quentes sur les violences conjugales<\/h2>\n<ul>\n<li style=\"list-style-type: none;\">\n<ul>\n<li><strong>Quelles sont les premi\u00e8res \u00e9tapes pour sortir d\u2019une relation violente ?<\/strong><\/li>\n<\/ul>\n<\/li>\n<\/ul>\n<p>Il est crucial de contacter une association ou une ligne d\u2019\u00e9coute sp\u00e9cialis\u00e9e comme le 3919 en France. \u00c9laborez un plan pour votre s\u00e9curit\u00e9 et parlez-en \u00e0 une personne de confiance.<\/p>\n<ul>\n<li style=\"list-style-type: none;\">\n<ul>\n<li><strong>Quels signes doivent alerter sur une relation abusive ?<\/strong><\/li>\n<\/ul>\n<\/li>\n<\/ul>\n<p>Les signes incluent le contr\u00f4le excessif, les insultes, les menaces, les violences physiques ou psychologiques, et l\u2019isolement social impos\u00e9 par le partenaire.<\/p>\n<ul>\n<li style=\"list-style-type: none;\">\n<ul>\n<li><strong>Comment peut-on aider une victime de violences conjugales ?<\/strong><\/li>\n<\/ul>\n<\/li>\n<\/ul>\n<p>\u00c9coutez sans juger, proposez de l\u2019accompagner vers des services sp\u00e9cialis\u00e9s, et assurez-vous qu\u2019elle se sente en s\u00e9curit\u00e9 pour parler.<\/p>\n<p>En partageant l\u2019histoire d\u2019Emma Zoug, nous esp\u00e9rons contribuer \u00e0 une prise de conscience collective. Si vous \u00eates t\u00e9moin ou victime de violences, sachez qu\u2019il existe des ressources pour vous aider.<\/p>\n","protected":false},"excerpt":{"rendered":"<p>Une vie marqu\u00e9e par la violence Emma Zoug, une jeune femme autrefois pleine de r\u00eaves, a r\u00e9cemment r\u00e9v\u00e9l\u00e9 une v\u00e9rit\u00e9 terrifiante : elle a \u00e9t\u00e9 victime de violences conjugales. Ce calvaire s&rsquo;est d\u00e9roul\u00e9 il y a quelques mois, lorsqu\u2019elle vivait une relation tumultueuse avec un ex-compagnon footballeur professionnel. L\u2019histoire a choqu\u00e9 le public et relance&#8230;<\/p>\n","protected":false},"author":1,"featured_media":354,"comment_status":"closed","ping_status":"closed","sticky":false,"template":"","format":"standard","meta":{"_kad_post_transparent":"default","_kad_post_title":"default","_kad_post_layout":"default","_kad_post_sidebar_id":"","_kad_post_content_style":"default","_kad_post_vertical_padding":"default","_kad_post_feature":"","_kad_post_feature_position":"","_kad_post_header":false,"_kad_post_footer":false,"_kad_post_classname":"","iawp_total_views":9,"footnotes":""},"categories":[1],"tags":[],"class_list":["post-353","post","type-post","status-publish","format-standard","has-post-thumbnail","hentry","category-all"],"_links":{"self":[{"href":"https:\/\/www.dmoz.fr\/starlettes\/wp-json\/wp\/v2\/posts\/353","targetHints":{"allow":["GET"]}}],"collection":[{"href":"https:\/\/www.dmoz.fr\/starlettes\/wp-json\/wp\/v2\/posts"}],"about":[{"href":"https:\/\/www.dmoz.fr\/starlettes\/wp-json\/wp\/v2\/types\/post"}],"author":[{"embeddable":true,"href":"https:\/\/www.dmoz.fr\/starlettes\/wp-json\/wp\/v2\/users\/1"}],"replies":[{"embeddable":true,"href":"https:\/\/www.dmoz.fr\/starlettes\/wp-json\/wp\/v2\/comments?post=353"}],"version-history":[{"count":0,"href":"https:\/\/www.dmoz.fr\/starlettes\/wp-json\/wp\/v2\/posts\/353\/revisions"}],"wp:featuredmedia":[{"embeddable":true,"href":"https:\/\/www.dmoz.fr\/starlettes\/wp-json\/wp\/v2\/media\/354"}],"wp:attachment":[{"href":"https:\/\/www.dmoz.fr\/starlettes\/wp-json\/wp\/v2\/media?parent=353"}],"wp:term":[{"taxonomy":"category","embeddable":true,"href":"https:\/\/www.dmoz.fr\/starlettes\/wp-json\/wp\/v2\/categories?post=353"},{"taxonomy":"post_tag","embeddable":true,"href":"https:\/\/www.dmoz.fr\/starlettes\/wp-json\/wp\/v2\/tags?post=353"}],"curies":[{"name":"wp","href":"https:\/\/api.w.org\/{rel}","templated":true}]}}