{"id":377,"date":"2025-06-03T14:25:13","date_gmt":"2025-06-03T14:25:13","guid":{"rendered":"https:\/\/www.dmoz.fr\/starlettes\/?p=377"},"modified":"2025-06-03T14:47:41","modified_gmt":"2025-06-03T14:47:41","slug":"jean-paul-belmondo-qui-sont-ses-4-enfants-paul-florence-patricia-et-stella","status":"publish","type":"post","link":"https:\/\/www.dmoz.fr\/starlettes\/richesse\/jean-paul-belmondo-qui-sont-ses-4-enfants-paul-florence-patricia-et-stella\/","title":{"rendered":"Jean-Paul Belmondo : qui sont ses 4 enfants Paul, Florence, Patricia et Stella ?"},"content":{"rendered":"<blockquote class=\"instagram-media\" style=\"background: #FFF; border: 0; border-radius: 3px; box-shadow: 0 0 1px 0 rgba(0,0,0,0.5),0 1px 10px 0 rgba(0,0,0,0.15); margin: 1px; max-width: 540px; min-width: 326px; padding: 0; width: calc(100% - 2px);\" data-instgrm-captioned=\"\" data-instgrm-permalink=\"https:\/\/www.instagram.com\/p\/C_gCoFkNWd9\/?utm_source=ig_embed&amp;utm_campaign=loading\" data-instgrm-version=\"14\">\n<div style=\"padding: 16px;\">\n<p>&nbsp;<\/p>\n<div style=\"display: flex; flex-direction: row; align-items: center;\">\n<div style=\"background-color: #f4f4f4; border-radius: 50%; flex-grow: 0; height: 40px; margin-right: 14px; width: 40px;\"><\/div>\n<div style=\"display: flex; flex-direction: column; flex-grow: 1; justify-content: center;\">\n<div style=\"background-color: #f4f4f4; border-radius: 4px; flex-grow: 0; height: 14px; margin-bottom: 6px; width: 100px;\"><\/div>\n<div style=\"background-color: #f4f4f4; border-radius: 4px; flex-grow: 0; height: 14px; width: 60px;\"><\/div>\n<\/div>\n<\/div>\n<div style=\"padding: 19% 0;\"><\/div>\n<div style=\"display: block; height: 50px; margin: 0 auto 12px; width: 50px;\"><\/div>\n<div style=\"padding-top: 8px;\">\n<div style=\"color: #3897f0; font-family: Arial,sans-serif; font-size: 14px; font-style: normal; font-weight: 550; line-height: 18px;\">Voir cette publication sur Instagram<\/div>\n<\/div>\n<div style=\"padding: 12.5% 0;\"><\/div>\n<div style=\"display: flex; flex-direction: row; margin-bottom: 14px; align-items: center;\">\n<div>\n<div style=\"background-color: #f4f4f4; border-radius: 50%; height: 12.5px; width: 12.5px; transform: translateX(0px) translateY(7px);\"><\/div>\n<div style=\"background-color: #f4f4f4; height: 12.5px; transform: rotate(-45deg) translateX(3px) translateY(1px); width: 12.5px; flex-grow: 0; margin-right: 14px; margin-left: 2px;\"><\/div>\n<div style=\"background-color: #f4f4f4; border-radius: 50%; height: 12.5px; width: 12.5px; transform: translateX(9px) translateY(-18px);\"><\/div>\n<\/div>\n<div style=\"margin-left: 8px;\">\n<div style=\"background-color: #f4f4f4; border-radius: 50%; flex-grow: 0; height: 20px; width: 20px;\"><\/div>\n<div style=\"width: 0; height: 0; border-top: 2px solid transparent; border-left: 6px solid #f4f4f4; border-bottom: 2px solid transparent; transform: translateX(16px) translateY(-4px) rotate(30deg);\"><\/div>\n<\/div>\n<div style=\"margin-left: auto;\">\n<div style=\"width: 0px; border-top: 8px solid #F4F4F4; border-right: 8px solid transparent; transform: translateY(16px);\"><\/div>\n<div style=\"background-color: #f4f4f4; flex-grow: 0; height: 12px; width: 16px; transform: translateY(-4px);\"><\/div>\n<div style=\"width: 0; height: 0; border-top: 8px solid #F4F4F4; border-left: 8px solid transparent; transform: translateY(-4px) translateX(8px);\"><\/div>\n<\/div>\n<\/div>\n<div style=\"display: flex; flex-direction: column; flex-grow: 1; justify-content: center; margin-bottom: 24px;\">\n<div style=\"background-color: #f4f4f4; border-radius: 4px; flex-grow: 0; height: 14px; margin-bottom: 6px; width: 224px;\"><\/div>\n<div style=\"background-color: #f4f4f4; border-radius: 4px; flex-grow: 0; height: 14px; width: 144px;\"><\/div>\n<\/div>\n<p>&nbsp;<\/p>\n<p style=\"color: #c9c8cd; font-family: Arial,sans-serif; font-size: 14px; line-height: 17px; margin-bottom: 0; margin-top: 8px; overflow: hidden; padding: 8px 0 7px; text-align: center; text-overflow: ellipsis; white-space: nowrap;\"><a style=\"color: #c9c8cd; font-family: Arial,sans-serif; font-size: 14px; font-style: normal; font-weight: normal; line-height: 17px; text-decoration: none;\" href=\"https:\/\/www.instagram.com\/p\/C_gCoFkNWd9\/?utm_source=ig_embed&amp;utm_campaign=loading\" target=\"_blank\" rel=\"noopener\">Une publication partag\u00e9e par Belmondo (@paulbelmondo)<\/a><\/p>\n<\/div>\n<\/blockquote>\n<p><script async src=\"\/\/www.instagram.com\/embed.js\"><\/script><br \/>\nJean-Paul Belmondo, figure embl\u00e9matique du cin\u00e9ma fran\u00e7ais, a laiss\u00e9 derri\u00e8re lui un h\u00e9ritage artistique immense mais aussi une famille nombreuse. L&rsquo;acteur mythique, d\u00e9c\u00e9d\u00e9 le 6 septembre 2021 \u00e0 l&rsquo;\u00e2ge de 88 ans, \u00e9tait p\u00e8re de quatre enfants issus de deux unions diff\u00e9rentes. Sa descendance continue aujourd&rsquo;hui de faire vivre son nom dans divers domaines artistiques et sportifs. \u00c9tudions qui sont ces quatre enfants qui ont partag\u00e9 la vie de \u00ab\u00a0Bebel\u00a0\u00bb et comment ils perp\u00e9tuent son h\u00e9ritage.<\/p>\n<h2>Les quatre enfants de Jean-Paul Belmondo: une grande famille dans l&rsquo;ombre d&rsquo;une l\u00e9gende<\/h2>\n<p>Jean-Paul Belmondo a construit sa famille au fil de deux unions marquantes. De son premier mariage avec \u00c9lodie Constantin (1952-1968) sont n\u00e9s trois enfants : Patricia (1953-1994), Florence (n\u00e9e en 1960) et Paul (n\u00e9 en 1963). Bien plus tard, avec sa seconde \u00e9pouse Natty Tardivel, il accueillera Stella en 2003, alors qu&rsquo;il avait d\u00e9j\u00e0 70 ans.<\/p>\n<p>Patricia, l&rsquo;a\u00een\u00e9e de la fratrie, a malheureusement connu un destin tragique. Sc\u00e9nariste de talent, elle a notamment contribu\u00e9 au film \u00ab\u00a0Les Galettes de Pont-Aven\u00a0\u00bb (1975). Sa vie s&rsquo;est brutalement interrompue en 1994, dans l&rsquo;incendie de son appartement parisien, rue de Rennes. Elle avait 41 ans, laissant un vide immense dans la famille Belmondo.<\/p>\n<p>Florence, la deuxi\u00e8me fille, a choisi un chemin plus discret. Apr\u00e8s une carri\u00e8re de mannequin, elle s&rsquo;est install\u00e9e aux \u00c9tats-Unis o\u00f9 elle m\u00e8ne une vie loin des projecteurs. Elle est m\u00e8re de trois enfants : Annabelle (n\u00e9e en 1988), Christopher (n\u00e9 en 1993) et Nicolas (n\u00e9 en 1997). Sa fille Annabelle s&rsquo;est fait conna\u00eetre comme mannequin et a fait quelques apparitions au cin\u00e9ma, perp\u00e9tuant ainsi la tradition artistique familiale.<\/p>\n<p>Les diff\u00e9rents enfants de Jean-Paul Belmondo ont suivi des trajectoires professionnelles vari\u00e9es :<\/p>\n<ol>\n<li>Patricia s&rsquo;est orient\u00e9e vers l&rsquo;\u00e9criture et le cin\u00e9ma<\/li>\n<li>Florence a embrass\u00e9 le monde de la mode<\/li>\n<li>Paul s&rsquo;est illustr\u00e9 dans le sport automobile et le journalisme<\/li>\n<li>Stella, encore jeune, d\u00e9veloppe sa propre voie<\/li>\n<\/ol>\n<p>Malgr\u00e9 les \u00e9preuves et les chemins diff\u00e9rents,\u00a0<strong>les enfants de Jean-Paul Belmondo restent unis par l&rsquo;h\u00e9ritage culturel immense<\/strong>\u00a0l\u00e9gu\u00e9 par leur p\u00e8re, figure incontournable du cin\u00e9ma fran\u00e7ais pendant plus de cinq d\u00e9cennies.<\/p>\n<h2>Paul Belmondo, entre pilotage et disputes d&rsquo;h\u00e9ritage<\/h2>\n<p>Paul, seul fils de Jean-Paul Belmondo et \u00c9lodie Constantin, a construit une carri\u00e8re multifacette impressionnante. Passionn\u00e9 de sports m\u00e9caniques depuis sa jeunesse, il s&rsquo;est d&rsquo;abord fait un nom comme pilote automobile professionnel. Sa carri\u00e8re l&rsquo;a men\u00e9 jusqu&rsquo;en Formule 1, au rallye Dakar et aux mythiques 24 Heures du Mans, des comp\u00e9titions qui attirent autant les amateurs de sensations fortes que les passionn\u00e9s des meilleurs casinos en ligne au Canada pr\u00e9sent\u00e9s sur\u00a0<a href=\"https:\/\/www.csssalphonsedesjardins.ca\/\" target=\"_blank\" rel=\"noopener\">csssalphonsedesjardins.ca<\/a>.<\/p>\n<blockquote class=\"instagram-media\" style=\"background: #FFF; border: 0; border-radius: 3px; box-shadow: 0 0 1px 0 rgba(0,0,0,0.5),0 1px 10px 0 rgba(0,0,0,0.15); margin: 1px; max-width: 540px; min-width: 326px; padding: 0; width: calc(100% - 2px);\" data-instgrm-captioned=\"\" data-instgrm-permalink=\"https:\/\/www.instagram.com\/p\/C_gCoFkNWd9\/?utm_source=ig_embed&amp;utm_campaign=loading\" data-instgrm-version=\"14\">\n<div style=\"padding: 16px;\">\n<p>&nbsp;<\/p>\n<div style=\"display: flex; flex-direction: row; align-items: center;\">\n<div style=\"background-color: #f4f4f4; border-radius: 50%; flex-grow: 0; height: 40px; margin-right: 14px; width: 40px;\"><\/div>\n<div style=\"display: flex; flex-direction: column; flex-grow: 1; justify-content: center;\">\n<div style=\"background-color: #f4f4f4; border-radius: 4px; flex-grow: 0; height: 14px; margin-bottom: 6px; width: 100px;\"><\/div>\n<div style=\"background-color: #f4f4f4; border-radius: 4px; flex-grow: 0; height: 14px; width: 60px;\"><\/div>\n<\/div>\n<\/div>\n<div style=\"padding: 19% 0;\"><\/div>\n<div style=\"display: block; height: 50px; margin: 0 auto 12px; width: 50px;\"><\/div>\n<div style=\"padding-top: 8px;\">\n<div style=\"color: #3897f0; font-family: Arial,sans-serif; font-size: 14px; font-style: normal; font-weight: 550; line-height: 18px;\">Voir cette publication sur Instagram<\/div>\n<\/div>\n<div style=\"padding: 12.5% 0;\"><\/div>\n<div style=\"display: flex; flex-direction: row; margin-bottom: 14px; align-items: center;\">\n<div>\n<div style=\"background-color: #f4f4f4; border-radius: 50%; height: 12.5px; width: 12.5px; transform: translateX(0px) translateY(7px);\"><\/div>\n<div style=\"background-color: #f4f4f4; height: 12.5px; transform: rotate(-45deg) translateX(3px) translateY(1px); width: 12.5px; flex-grow: 0; margin-right: 14px; margin-left: 2px;\"><\/div>\n<div style=\"background-color: #f4f4f4; border-radius: 50%; height: 12.5px; width: 12.5px; transform: translateX(9px) translateY(-18px);\"><\/div>\n<\/div>\n<div style=\"margin-left: 8px;\">\n<div style=\"background-color: #f4f4f4; border-radius: 50%; flex-grow: 0; height: 20px; width: 20px;\"><\/div>\n<div style=\"width: 0; height: 0; border-top: 2px solid transparent; border-left: 6px solid #f4f4f4; border-bottom: 2px solid transparent; transform: translateX(16px) translateY(-4px) rotate(30deg);\"><\/div>\n<\/div>\n<div style=\"margin-left: auto;\">\n<div style=\"width: 0px; border-top: 8px solid #F4F4F4; border-right: 8px solid transparent; transform: translateY(16px);\"><\/div>\n<div style=\"background-color: #f4f4f4; flex-grow: 0; height: 12px; width: 16px; transform: translateY(-4px);\"><\/div>\n<div style=\"width: 0; height: 0; border-top: 8px solid #F4F4F4; border-left: 8px solid transparent; transform: translateY(-4px) translateX(8px);\"><\/div>\n<\/div>\n<\/div>\n<div style=\"display: flex; flex-direction: column; flex-grow: 1; justify-content: center; margin-bottom: 24px;\">\n<div style=\"background-color: #f4f4f4; border-radius: 4px; flex-grow: 0; height: 14px; margin-bottom: 6px; width: 224px;\"><\/div>\n<div style=\"background-color: #f4f4f4; border-radius: 4px; flex-grow: 0; height: 14px; width: 144px;\"><\/div>\n<\/div>\n<p>&nbsp;<\/p>\n<p style=\"color: #c9c8cd; font-family: Arial,sans-serif; font-size: 14px; line-height: 17px; margin-bottom: 0; margin-top: 8px; overflow: hidden; padding: 8px 0 7px; text-align: center; text-overflow: ellipsis; white-space: nowrap;\"><a style=\"color: #c9c8cd; font-family: Arial,sans-serif; font-size: 14px; font-style: normal; font-weight: normal; line-height: 17px; text-decoration: none;\" href=\"https:\/\/www.instagram.com\/p\/C_gCoFkNWd9\/?utm_source=ig_embed&amp;utm_campaign=loading\" target=\"_blank\" rel=\"noopener\">Une publication partag\u00e9e par Belmondo (@paulbelmondo)<\/a><\/p>\n<\/div>\n<\/blockquote>\n<p><script async src=\"\/\/www.instagram.com\/embed.js\"><\/script><\/p>\n<p>Apr\u00e8s avoir raccroch\u00e9 son casque, Paul s&rsquo;est reconverti avec succ\u00e8s comme consultant sportif sur Canal+, partageant son expertise avec les t\u00e9l\u00e9spectateurs.\u00a0<strong>Son parcours professionnel diversifi\u00e9 t\u00e9moigne d&rsquo;une adaptabilit\u00e9 remarquable<\/strong>, trait qu&rsquo;il partage avec son illustre p\u00e8re.<\/p>\n<p>Sur le plan personnel, Paul a \u00e9t\u00e9 mari\u00e9 pendant 33 ans \u00e0 Luana Belmondo avant leur divorce m\u00e9diatis\u00e9 en 2024. Le couple a eu trois fils : Alessandro (n\u00e9 en 1991), devenu chef cuisinier, Victor (n\u00e9 en 1993), qui s&rsquo;est tourn\u00e9 vers le m\u00e9tier d&rsquo;acteur, et Giacomo (n\u00e9 en 1998), qui nourrit une passion pour la musique.<\/p>\n<p>Victor Belmondo, en particulier, suscite beaucoup d&rsquo;int\u00e9r\u00eat en raison de sa ressemblance frappante avec son grand-p\u00e8re et de sa carri\u00e8re d&rsquo;acteur naissante. Il repr\u00e9sente pour beaucoup la continuation de l&rsquo;h\u00e9ritage artistique de Jean-Paul Belmondo.<\/p>\n<table border=\"1\">\n<tbody>\n<tr>\n<th>Enfant<\/th>\n<th>Ann\u00e9e de naissance<\/th>\n<th>M\u00e8re<\/th>\n<th>Profession<\/th>\n<\/tr>\n<tr>\n<td>Patricia<\/td>\n<td>1953 (d\u00e9c\u00e9d\u00e9e en 1994)<\/td>\n<td>\u00c9lodie Constantin<\/td>\n<td>Sc\u00e9nariste<\/td>\n<\/tr>\n<tr>\n<td>Florence<\/td>\n<td>1960<\/td>\n<td>\u00c9lodie Constantin<\/td>\n<td>Ex-mannequin<\/td>\n<\/tr>\n<tr>\n<td>Paul<\/td>\n<td>1963<\/td>\n<td>\u00c9lodie Constantin<\/td>\n<td>Ex-pilote, consultant<\/td>\n<\/tr>\n<tr>\n<td>Stella<\/td>\n<td>2003<\/td>\n<td>Natty Tardivel<\/td>\n<td>\u00c9tudiante<\/td>\n<\/tr>\n<\/tbody>\n<\/table>\n<p>Malheureusement,\u00a0<strong>la disparition du patriarche a fait ressurgir des tensions familiales<\/strong>\u00a0autour de son immense h\u00e9ritage. Florence et Stella accuseraient Paul de \u00ab\u00a0recel successoral\u00a0\u00bb, lui reprochant d&rsquo;avoir d\u00e9tourn\u00e9 plus de 100 millions d&rsquo;euros. Parmi les biens contest\u00e9s figurent une propri\u00e9t\u00e9 sur l&rsquo;\u00eele d&rsquo;Antigua \u00e9valu\u00e9e \u00e0 14 millions d&rsquo;euros et deux soci\u00e9t\u00e9s : New Century Development et Cerito Films.<\/p>\n<h2>Stella Belmondo, l&rsquo;enfant de la maturit\u00e9<\/h2>\n<p>N\u00e9e en 2003 de l&rsquo;union entre Jean-Paul Belmondo et Natty Tardivel, Stella repr\u00e9sente un chapitre particulier dans la vie de l&rsquo;acteur. \u00c0 sa naissance, \u00ab\u00a0Bebel\u00a0\u00bb avait 70 ans et venait de traverser une p\u00e9riode difficile apr\u00e8s un AVC survenu deux ans plus t\u00f4t.\u00a0<em>Cette paternit\u00e9 tardive a profond\u00e9ment marqu\u00e9 les derni\u00e8res ann\u00e9es de sa vie<\/em>, lui offrant une nouvelle jeunesse.<\/p>\n<p>Stella a grandi dans un contexte familial particulier, ses parents s&rsquo;\u00e9tant s\u00e9par\u00e9s en 2008 apr\u00e8s 20 ans de vie commune. Elle n&rsquo;avait alors que cinq ans. Malgr\u00e9 cette s\u00e9paration, Jean-Paul Belmondo est rest\u00e9 tr\u00e8s pr\u00e9sent dans la vie de sa fille cadette, cr\u00e9ant avec elle une relation privil\u00e9gi\u00e9e.<\/p>\n<p>En ao\u00fbt 2021, Stella a c\u00e9l\u00e9br\u00e9 son 18e anniversaire, quelques jours seulement avant le d\u00e9c\u00e8s de son p\u00e8re.\u00a0<strong>Les images de sa pr\u00e9sence aux obs\u00e8ques nationales aux Invalides<\/strong>, le 9 septembre 2021, ont \u00e9mu la France enti\u00e8re. Son chagrin, visible et touchant, a rappel\u00e9 \u00e0 quel point le lien entre le p\u00e8re et sa fille \u00e9tait fort.<\/p>\n<p>Aujourd&rsquo;hui, Stella tente de se construire loin des pol\u00e9miques d&rsquo;h\u00e9ritage qui agitent la famille. Elle fait parfois quelques apparitions publiques, notamment lors d&rsquo;\u00e9v\u00e9nements sportifs comme Roland-Garros ou lors de soir\u00e9es mondaines. Sa discr\u00e9tion t\u00e9moigne d&rsquo;une volont\u00e9 de pr\u00e9server son intimit\u00e9 tout en honorant l&rsquo;h\u00e9ritage de son illustre p\u00e8re.<\/p>\n<p>Les enfants de Jean-Paul Belmondo incarnent chacun \u00e0 leur mani\u00e8re une facette de l&rsquo;h\u00e9ritage de ce monstre sacr\u00e9 du cin\u00e9ma fran\u00e7ais. Entre carri\u00e8res artistiques, vie m\u00e9diatique et discr\u00e9tion, ils perp\u00e9tuent le nom Belmondo, synonyme d&rsquo;excellence et de charisme dans l&rsquo;imaginaire collectif fran\u00e7ais.<\/p>\n","protected":false},"excerpt":{"rendered":"<p>&nbsp; Voir cette publication sur Instagram &nbsp; Une publication partag\u00e9e par Belmondo (@paulbelmondo) Jean-Paul Belmondo, figure embl\u00e9matique du cin\u00e9ma fran\u00e7ais, a laiss\u00e9 derri\u00e8re lui un h\u00e9ritage artistique immense mais aussi une famille nombreuse. L&rsquo;acteur mythique, d\u00e9c\u00e9d\u00e9 le 6 septembre 2021 \u00e0 l&rsquo;\u00e2ge de 88 ans, \u00e9tait p\u00e8re de quatre enfants issus de deux unions diff\u00e9rentes&#8230;.<\/p>\n","protected":false},"author":1,"featured_media":386,"comment_status":"closed","ping_status":"closed","sticky":false,"template":"","format":"standard","meta":{"_kad_post_transparent":"","_kad_post_title":"","_kad_post_layout":"","_kad_post_sidebar_id":"","_kad_post_content_style":"","_kad_post_vertical_padding":"","_kad_post_feature":"","_kad_post_feature_position":"","_kad_post_header":false,"_kad_post_footer":false,"_kad_post_classname":"","iawp_total_views":27,"footnotes":""},"categories":[14],"tags":[],"class_list":["post-377","post","type-post","status-publish","format-standard","has-post-thumbnail","hentry","category-richesse"],"_links":{"self":[{"href":"https:\/\/www.dmoz.fr\/starlettes\/wp-json\/wp\/v2\/posts\/377","targetHints":{"allow":["GET"]}}],"collection":[{"href":"https:\/\/www.dmoz.fr\/starlettes\/wp-json\/wp\/v2\/posts"}],"about":[{"href":"https:\/\/www.dmoz.fr\/starlettes\/wp-json\/wp\/v2\/types\/post"}],"author":[{"embeddable":true,"href":"https:\/\/www.dmoz.fr\/starlettes\/wp-json\/wp\/v2\/users\/1"}],"replies":[{"embeddable":true,"href":"https:\/\/www.dmoz.fr\/starlettes\/wp-json\/wp\/v2\/comments?post=377"}],"version-history":[{"count":0,"href":"https:\/\/www.dmoz.fr\/starlettes\/wp-json\/wp\/v2\/posts\/377\/revisions"}],"wp:featuredmedia":[{"embeddable":true,"href":"https:\/\/www.dmoz.fr\/starlettes\/wp-json\/wp\/v2\/media\/386"}],"wp:attachment":[{"href":"https:\/\/www.dmoz.fr\/starlettes\/wp-json\/wp\/v2\/media?parent=377"}],"wp:term":[{"taxonomy":"category","embeddable":true,"href":"https:\/\/www.dmoz.fr\/starlettes\/wp-json\/wp\/v2\/categories?post=377"},{"taxonomy":"post_tag","embeddable":true,"href":"https:\/\/www.dmoz.fr\/starlettes\/wp-json\/wp\/v2\/tags?post=377"}],"curies":[{"name":"wp","href":"https:\/\/api.w.org\/{rel}","templated":true}]}}