{"id":432,"date":"2026-02-06T16:28:55","date_gmt":"2026-02-06T16:28:55","guid":{"rendered":"https:\/\/www.dmoz.fr\/starlettes\/all\/patrick-aznavour-fils-discret\/"},"modified":"2026-02-06T16:28:55","modified_gmt":"2026-02-06T16:28:55","slug":"patrick-aznavour-fils-discret","status":"publish","type":"post","link":"https:\/\/www.dmoz.fr\/starlettes\/copines\/patrick-aznavour-fils-discret\/","title":{"rendered":"Patrick Aznavour : pourquoi ce fils est rest\u00e9 si discret dans l&rsquo;ombre de son p\u00e8re"},"content":{"rendered":"<p><strong>Patrick Aznavour : pourquoi ce fils est rest\u00e9 si discret dans l&rsquo;ombre de son p\u00e8re<\/strong><\/p>\n\n<ul class=\"wp-block-list\"><li><strong>En bref<\/strong>\u00a0: un portrait sensible d\u2019un h\u00e9ritier qui choisit la r\u00e9serve plut\u00f4t que la lumi\u00e8re.<\/li><li>On explore la relation familiale, la r\u00e9serve m\u00e9diatique et l\u2019\u00e9motion suscit\u00e9e par cette discr\u00e9tion.<\/li><li>Points cl\u00e9s\u00a0: choix de vie, respect du patrimoine de <strong>Charles Aznavour<\/strong>, curiosit\u00e9 publique apais\u00e9e.<\/li><\/ul>\n\n<figure class=\"is-provider-youtube is-type-video wp-block-embed wp-block-embed-youtube wp-embed-aspect-16-9 wp-has-aspect-ratio\"><div class=\"wp-block-embed__wrapper\">\n<iframe title=\"Tahar Rahim : sa transformation en Charles Aznavour \ud83d\ude31\ud83c\udfa4 #makeup #pertedepoids #chanteur #shorts\" width=\"720\" height=\"405\" src=\"https:\/\/www.youtube.com\/embed\/8O3wUeveggE?feature=oembed\" frameborder=\"0\" allow=\"accelerometer; autoplay; clipboard-write; encrypted-media; gyroscope; picture-in-picture; web-share\" referrerpolicy=\"strict-origin-when-cross-origin\" allowfullscreen><\/iframe>\n<\/div><\/figure>\n\n<p>On a tous remarqu\u00e9 sa silhouette dans les articles, sans jamais vraiment le voir en une. Ce qui nous touche, ce n\u2019est pas un manque d\u2019int\u00e9r\u00eat, mais la fa\u00e7on dont <strong>Patrick Aznavour<\/strong> a gard\u00e9 sa vie priv\u00e9e intacte apr\u00e8s le pic autour de son p\u00e8re. On ressent de la tendresse, de la curiosit\u00e9 et une forme d\u2019admiration pour sa discr\u00e9tion.<\/p>\n\n<h2 class=\"wp-block-heading\">L&rsquo;\u00e9tincelle\u00a0: pourquoi on en parle ?<\/h2>\n\n<p>On a parl\u00e9 de lui parce que la disparition du public des projecteurs rappelle \u00e0 quel point la c\u00e9l\u00e9brit\u00e9 d\u2019un parent amplifie chaque geste. La mont\u00e9e des recherches a eu lieu apr\u00e8s des hommages et des apparitions publiques o\u00f9 il est rest\u00e9 en retrait. Le contraste entre la carri\u00e8re flamboyante de <strong>Charles Aznavour<\/strong> et la <strong>r\u00e9serve m\u00e9diatique<\/strong> de son fils a cr\u00e9\u00e9 une \u00e9motion collective.<\/p>\n\n<p>Cette ombre n\u2019est pas synonyme d\u2019oubli\u2009; elle est per\u00e7ue comme un choix. On admire la mani\u00e8re dont il prot\u00e8ge la m\u00e9moire familiale sans pol\u00e9mique, et cela intrigue autant qu\u2019il rassure.<\/p>\n\n<h2 class=\"wp-block-heading\">L&rsquo;image et le style\u00a0: ce que les gens aiment chez lui<\/h2>\n\n<p>On appr\u00e9cie sa simplicit\u00e9 apparente et la gr\u00e2ce tranquille qu\u2019il diffuse. Plut\u00f4t que d\u2019imposer une narration, il laisse place au myst\u00e8re et \u00e0 la dignit\u00e9. Sa fa\u00e7on d\u2019assumer l\u2019ombre du p\u00e8re transforme la curiosit\u00e9 en respect.<\/p>\n\n<ul class=\"wp-block-list\"><li><strong>Discr\u00e9tion<\/strong>\u00a0: choix assum\u00e9, per\u00e7u comme \u00e9l\u00e9gant.<\/li><li><strong>Respect de la vie priv\u00e9e<\/strong>\u00a0: prot\u00e8ge le patrimoine \u00e9motionnel de la famille.<\/li><li><strong>Relation familiale<\/strong>\u00a0: pr\u00e9sence mesur\u00e9e lors d\u2019hommages publics.<\/li><\/ul>\n\n<p>Pour qui veut comprendre ce retrait, la chronique de personnalit\u00e9s discr\u00e8tes est \u00e9clairante\u00a0; voir par exemple la grande discr\u00e9tion \u00e9voqu\u00e9e chez d\u2019autres couples publics via <a href=\"https:\/\/www.dmoz.fr\/starlettes\/copines\/sophie-jovillard-et-son-mari-la-grande-discretion\/\">la grande discr\u00e9tion de Sophie Jovillard<\/a>.<\/p>\n\n<figure class=\"wp-block-table\"><table>\n<thead>\n<tr>\n<th>Attribut<\/th>\n<th>Ce que cela r\u00e9v\u00e8le<\/th>\n<\/tr>\n<\/thead>\n<tbody>\n<tr>\n<td><strong>R\u00e9serve m\u00e9diatique<\/strong><\/td>\n<td>Volont\u00e9 de contr\u00f4ler l\u2019image et de pr\u00e9server l\u2019intime<\/td>\n<\/tr>\n<tr>\n<td><strong>Pr\u00e9sence ponctuelle<\/strong><\/td>\n<td>Respect des rendez\u2011vous familiaux et m\u00e9moriels<\/td>\n<\/tr>\n<tr>\n<td><strong>H\u00e9ritage<\/strong><\/td>\n<td>Gestion discr\u00e8te de la m\u00e9moire artistique<\/td>\n<\/tr>\n<\/tbody>\n<\/table><\/figure>\n\n<h2 class=\"wp-block-heading\">L&rsquo;avenir\u00a0: perspectives positives<\/h2>\n\n<p>On imagine une suite o\u00f9 sa discr\u00e9tion devient une force. En restant en retrait, il permet au public de se souvenir avant tout de l\u2019\u0153uvre de son p\u00e8re, et non d\u2019un feuilleton familial. C\u2019est une strat\u00e9gie qui apaise les fans et prot\u00e8ge la vie priv\u00e9e des proches.<\/p>\n\n<p>Si Patrick choisit de s\u2019engager plus visiblement, cela se fera sans tapage, avec la m\u00eame \u00e9l\u00e9gance. En attendant, sa posture inspire ceux qui cherchent un \u00e9quilibre entre h\u00e9ritage et libert\u00e9 personnelle.<\/p>\n\n<p><strong>Liste d&rsquo;actions<\/strong>\u00a0: on retient<\/p>\n\n<ul class=\"wp-block-list\"><li>Respecter la vie priv\u00e9e et c\u00e9l\u00e9brer l\u2019\u0153uvre.<\/li><li>Valoriser la m\u00e9moire familiale sans spectacle.<\/li><li>Apprendre du choix de discr\u00e9tion pour r\u00e9inventer l\u2019h\u00e9ritage.<\/li><\/ul>\n\n<script type=\"application\/ld+json\">\n{\"@context\":\"https:\/\/schema.org\",\"@type\":\"FAQPage\",\"mainEntity\":[{\"@type\":\"Question\",\"name\":\"Qui est Patrick Aznavouru202f?\",\"acceptedAnswer\":{\"@type\":\"Answer\",\"text\":\"Patrick Aznavour est le fils de Charles Aznavouru00a0; on le connau00eet surtout pour sa discru00e9tion et sa pru00e9sence respectueuse lors des hommages familiaux.\"}},{\"@type\":\"Question\",\"name\":\"Pourquoi pru00e9fu00e8reu2011tu2011il rester en retraitu202f?\",\"acceptedAnswer\":{\"@type\":\"Answer\",\"text\":\"Il privilu00e9gie la protection de la vie privu00e9e et la mu00e9moire artistique de son pu00e8re plutu00f4t que lu2019exposition mu00e9diatique.\"}},{\"@type\":\"Question\",\"name\":\"Quelle influence cette ru00e9serve au2011tu2011elle sur l'hu00e9ritage Aznavouru202f?\",\"acceptedAnswer\":{\"@type\":\"Answer\",\"text\":\"La ru00e9serve contribue u00e0 centrer lu2019attention sur lu2019u0153uvre de Charles Aznavour et u00e0 pru00e9server lu2019intu00e9gritu00e9 familiale, ce qui rassure les admirateurs.\"}}]}\n<\/script>\n<h3>Qui est Patrick Aznavour\u202f?<\/h3>\n<p>Patrick Aznavour est le fils de Charles Aznavour\u00a0; on le conna\u00eet surtout pour sa discr\u00e9tion et sa pr\u00e9sence respectueuse lors des hommages familiaux.<\/p>\n<h3>Pourquoi pr\u00e9f\u00e8re\u2011t\u2011il rester en retrait\u202f?<\/h3>\n<p>Il privil\u00e9gie la protection de la vie priv\u00e9e et la m\u00e9moire artistique de son p\u00e8re plut\u00f4t que l\u2019exposition m\u00e9diatique.<\/p>\n<h3>Quelle influence cette r\u00e9serve a\u2011t\u2011elle sur l&rsquo;h\u00e9ritage Aznavour\u202f?<\/h3>\n<p>La r\u00e9serve contribue \u00e0 centrer l\u2019attention sur l\u2019\u0153uvre de Charles Aznavour et \u00e0 pr\u00e9server l\u2019int\u00e9grit\u00e9 familiale, ce qui rassure les admirateurs.<\/p>\n\n<p><script type=\"application\/ld+json\">\n{\n  \"@context\": \"https:\/\/schema.org\",\n  \"@type\": \"Article\",\n  \"headline\": \"Patrick Aznavour : pourquoi ce fils est rest&eacute; si discret dans l'ombre de son p&egrave;re\",\n  \"description\": \"Portrait humain et positif de Patrick Aznavour&nbsp;: pourquoi sa discr&eacute;tion apr&egrave;s Charles Aznavour a touch&eacute; le public et pr&eacute;serv&eacute; la m&eacute;moire familiale.\",\n  \"author\": {\n    \"@type\": \"Person\",\n    \"name\": \"La r&eacute;daction dmoz.fr\"\n  },\n  \"publisher\": {\n    \"@type\": \"Organization\",\n    \"name\": \"dmoz.fr\",\n    \"logo\": {\n      \"@type\": \"ImageObject\",\n      \"url\": \"https:\/\/dmoz.fr\/logo.png\"\n    }\n  },\n  \"datePublished\": \"2026-02-06\",\n  \"dateModified\": \"2026-02-06\"\n}\n<\/script><\/p>\n\n<p><script type=\"application\/ld+json\">\n{\n  \"@context\": \"https:\/\/schema.org\",\n  \"@type\": \"FAQPage\",\n  \"mainEntity\": [\n    {\n      \"@type\": \"Question\",\n      \"name\": \"Qui est Patrick Aznavour&#8239;?\",\n      \"acceptedAnswer\": {\n        \"@type\": \"Answer\",\n        \"text\": \"Patrick Aznavour est le fils de Charles Aznavour&nbsp;; on le conna&icirc;t surtout pour sa discr&eacute;tion et sa pr&eacute;sence respectueuse lors des hommages familiaux.\"\n      }\n    },\n    {\n      \"@type\": \"Question\",\n      \"name\": \"Pourquoi pr&eacute;f&egrave;re&#8209;t&#8209;il rester en retrait&#8239;?\",\n      \"acceptedAnswer\": {\n        \"@type\": \"Answer\",\n        \"text\": \"Il privil&eacute;gie la protection de la vie priv&eacute;e et la m&eacute;moire artistique de son p&egrave;re plut&ocirc;t que l&rsquo;exposition m&eacute;diatique.\"\n      }\n    },\n    {\n      \"@type\": \"Question\",\n      \"name\": \"Quelle influence cette r&eacute;serve a&#8209;t&#8209;elle sur l'h&eacute;ritage Aznavour&#8239;?\",\n      \"acceptedAnswer\": {\n        \"@type\": \"Answer\",\n        \"text\": \"La r&eacute;serve contribue &agrave; centrer l&rsquo;attention sur l&rsquo;&oelig;uvre de Charles Aznavour et &agrave; pr&eacute;server l&rsquo;int&eacute;grit&eacute; familiale, ce qui rassure les admirateurs.\"\n      }\n    }\n  ]\n}\n<\/script><\/p>\n\n","protected":false},"excerpt":{"rendered":"<p>Patrick Aznavour : pourquoi ce fils est rest\u00e9 si discret dans l&rsquo;ombre de son p\u00e8re On a tous remarqu\u00e9 sa silhouette dans les articles, sans jamais vraiment le voir en une. Ce qui nous touche, ce n\u2019est pas un manque d\u2019int\u00e9r\u00eat, mais la fa\u00e7on dont Patrick Aznavour a gard\u00e9 sa vie priv\u00e9e intacte apr\u00e8s le&#8230;<\/p>\n","protected":false},"author":2,"featured_media":431,"comment_status":"","ping_status":"","sticky":false,"template":"","format":"standard","meta":{"_kad_post_transparent":"","_kad_post_title":"","_kad_post_layout":"","_kad_post_sidebar_id":"","_kad_post_content_style":"","_kad_post_vertical_padding":"","_kad_post_feature":"","_kad_post_feature_position":"","_kad_post_header":false,"_kad_post_footer":false,"_kad_post_classname":"","iawp_total_views":0,"footnotes":""},"categories":[12],"tags":[],"class_list":["post-432","post","type-post","status-publish","format-standard","has-post-thumbnail","hentry","category-copines"],"_links":{"self":[{"href":"https:\/\/www.dmoz.fr\/starlettes\/wp-json\/wp\/v2\/posts\/432","targetHints":{"allow":["GET"]}}],"collection":[{"href":"https:\/\/www.dmoz.fr\/starlettes\/wp-json\/wp\/v2\/posts"}],"about":[{"href":"https:\/\/www.dmoz.fr\/starlettes\/wp-json\/wp\/v2\/types\/post"}],"author":[{"embeddable":true,"href":"https:\/\/www.dmoz.fr\/starlettes\/wp-json\/wp\/v2\/users\/2"}],"replies":[{"embeddable":true,"href":"https:\/\/www.dmoz.fr\/starlettes\/wp-json\/wp\/v2\/comments?post=432"}],"version-history":[{"count":0,"href":"https:\/\/www.dmoz.fr\/starlettes\/wp-json\/wp\/v2\/posts\/432\/revisions"}],"wp:featuredmedia":[{"embeddable":true,"href":"https:\/\/www.dmoz.fr\/starlettes\/wp-json\/wp\/v2\/media\/431"}],"wp:attachment":[{"href":"https:\/\/www.dmoz.fr\/starlettes\/wp-json\/wp\/v2\/media?parent=432"}],"wp:term":[{"taxonomy":"category","embeddable":true,"href":"https:\/\/www.dmoz.fr\/starlettes\/wp-json\/wp\/v2\/categories?post=432"},{"taxonomy":"post_tag","embeddable":true,"href":"https:\/\/www.dmoz.fr\/starlettes\/wp-json\/wp\/v2\/tags?post=432"}],"curies":[{"name":"wp","href":"https:\/\/api.w.org\/{rel}","templated":true}]}}