{"id":438,"date":"2026-02-07T06:35:00","date_gmt":"2026-02-07T06:35:00","guid":{"rendered":"https:\/\/www.dmoz.fr\/starlettes\/all\/thierry-beccaro-devenu\/"},"modified":"2026-02-07T06:35:00","modified_gmt":"2026-02-07T06:35:00","slug":"thierry-beccaro-devenu","status":"publish","type":"post","link":"https:\/\/www.dmoz.fr\/starlettes\/copines\/thierry-beccaro-devenu\/","title":{"rendered":"Thierry Beccaro : ce que l&rsquo;animateur est devenu loin des plateaux t\u00e9l\u00e9"},"content":{"rendered":"<h2 class=\"wp-block-heading\">Thierry Beccaro : ce que l&rsquo;animateur est devenu loin des plateaux t\u00e9l\u00e9<\/h2>\n\n<figure class=\"is-provider-youtube is-type-video wp-block-embed wp-block-embed-youtube wp-embed-aspect-16-9 wp-has-aspect-ratio\"><div class=\"wp-block-embed__wrapper\">\n<iframe title=\"Thierry Beccaro ou l&#039;autre Thierry ? Les situations CULTES des \u00e9missions\" width=\"720\" height=\"405\" src=\"https:\/\/www.youtube.com\/embed\/EDLumkmvzVY?feature=oembed\" frameborder=\"0\" allow=\"accelerometer; autoplay; clipboard-write; encrypted-media; gyroscope; picture-in-picture; web-share\" referrerpolicy=\"strict-origin-when-cross-origin\" allowfullscreen><\/iframe>\n<\/div><\/figure>\n\n<p><strong>En bref<\/strong><\/p>\n\n<ul class=\"wp-block-list\"><li><strong>Thierry Beccaro<\/strong> a quitt\u00e9 le rythme des plateaux t\u00e9l\u00e9 tout en restant pr\u00e9sent dans l&rsquo;actualit\u00e9 culturelle.<\/li><li>On admire sa capacit\u00e9 \u00e0 se r\u00e9inventer et \u00e0 cultiver la discr\u00e9tion autour de sa vie priv\u00e9e.<\/li><li>Il explore aujourd&rsquo;hui de <strong>nouveaux projets<\/strong> qui mettent en valeur son exp\u00e9rience d&rsquo;animateur.<\/li><\/ul>\n\n<p>On ressent toujours une pointe d&rsquo;\u00e9motion quand on \u00e9voque <strong>Thierry Beccaro<\/strong>. Apr\u00e8s des ann\u00e9es pass\u00e9es au c\u0153ur des \u00e9missions, il a choisi une trajectoire plus discr\u00e8te. On suit son actualit\u00e9 par petites touches, et c&rsquo;est justement ce retrait relatif qui amplifie l&rsquo;int\u00e9r\u00eat des internautes. Vous d\u00e9couvrez une personnalit\u00e9 qui a su transformer sa carri\u00e8re sans faire de bruit.<\/p>\n\n<p>La carri\u00e8re de Thierry Beccaro reste un rep\u00e8re pour beaucoup. On parle ici d&rsquo;une pr\u00e9sence forte \u00e0 la t\u00e9l\u00e9vision, mais aussi d&rsquo;une envie de reconversion douce : ateliers, interventions ponctuelles, participation \u00e0 des projets culturels. Ce que l&rsquo;on remarque, c&rsquo;est la coh\u00e9rence entre son parcours public et ses choix actuels.<\/p>\n\n<h2 class=\"wp-block-heading\">L&rsquo;\u00e9tincelle : pourquoi on en parle aujourd&rsquo;hui<\/h2>\n\n<p>On en parle parce que <strong>sa disparition des plateaux t\u00e9l\u00e9<\/strong> n&rsquo;est pas un silence total. Chaque apparition suscite curiosit\u00e9 et bienveillance. Les m\u00e9dias reprennent ses interventions, et les r\u00e9seaux \u00e9voquent sa trajectoire avec nostalgie positive. Sa mani\u00e8re de revenir, ponctuelle et mesur\u00e9e, a cr\u00e9\u00e9 un effet d&rsquo;attente plut\u00f4t qu&rsquo;un battage.<\/p>\n\n<p>Il y a aussi l&rsquo;aspect humain : on aime raconter les nouvelles vies apr\u00e8s la t\u00e9l\u00e9vision, et la reconversion de Thierry r\u00e9sonne comme un exemple de stabilit\u00e9 et d&rsquo;\u00e9l\u00e9gance. C&rsquo;est ce m\u00e9lange qui alimente l&rsquo;actualit\u00e9 le concernant.<\/p>\n\n<h2 class=\"wp-block-heading\">L&rsquo;image et le style : ce que les gens aiment chez lui<\/h2>\n\n<p>On appr\u00e9cie avant tout la sinc\u00e9rit\u00e9 de <strong>Thierry Beccaro<\/strong> face au public. Son style reste simple et accessible ; il n&rsquo;a pas c\u00e9d\u00e9 au tape-\u00e0-l&rsquo;\u0153il. Les t\u00e9l\u00e9spectateurs retiennent sa bienveillance, son sens de l&rsquo;\u00e9coute et sa fa\u00e7on de mettre en valeur les invit\u00e9s.<\/p>\n\n<p>Cette image calme et professionnelle a servi de pont vers ses nouveaux projets. Les anecdotes de plateau partag\u00e9es par des coll\u00e8gues renforcent l&rsquo;id\u00e9e d&rsquo;une personnalit\u00e9 attachante et respect\u00e9e.<\/p>\n\n<h2 class=\"wp-block-heading\">L&rsquo;avenir : perspectives positives pour ses nouveaux projets<\/h2>\n\n<p>On entrevoit plusieurs portes ouvertes pour lui : ateliers radiophoniques, rencontres publiques, lectures ou m\u00e9diations culturelles. Sa connaissance des \u00e9missions et des plateaux t\u00e9l\u00e9 constitue un atout pour transmettre et accompagner de jeunes talents.<\/p>\n\n<p>Nous pensons que sa reconversion sera construite autour du partage et de la transmission, et que le public continuera \u00e0 le suivre avec curiosit\u00e9 et affection.<\/p>\n\n<ul class=\"wp-block-list\"><li><strong>Mots-cl\u00e9s li\u00e9s<\/strong> : Thierry Beccaro, animateur, t\u00e9l\u00e9vision, carri\u00e8re, reconversion, vie priv\u00e9e, actualit\u00e9, \u00e9mission, plateaux t\u00e9l\u00e9, nouveaux projets<\/li><\/ul>\n\n<figure class=\"wp-block-table\"><table>\n<thead>\n<tr>\n<th>p\u00e9riode<\/th>\n<th>axe principal<\/th>\n<\/tr>\n<\/thead>\n<tbody>\n<tr>\n<td>ann\u00e9es de t\u00e9l\u00e9vision<\/td>\n<td><strong>pr\u00e9sence r\u00e9guli\u00e8re sur des \u00e9missions et plateaux t\u00e9l\u00e9<\/strong><\/td>\n<\/tr>\n<tr>\n<td>p\u00e9riode actuelle<\/td>\n<td><strong>projets ponctuels, transmission et interventions culturelles<\/strong><\/td>\n<\/tr>\n<\/tbody>\n<\/table><\/figure>\n\n<script type=\"application\/ld+json\">\n{\"@context\":\"https:\/\/schema.org\",\"@type\":\"FAQPage\",\"mainEntity\":[{\"@type\":\"Question\",\"name\":\"Que devient Thierry Beccaro aujourd'huiu202f?\",\"acceptedAnswer\":{\"@type\":\"Answer\",\"text\":\"Il mu00e8ne aujourd'hui des activitu00e9s ponctuelles hors des plateaux tu00e9lu00e9, axu00e9es sur la culture, la transmission et des projets publics discrets, tout en gardant sa vie privu00e9e protu00e9gu00e9e.\"}},{\"@type\":\"Question\",\"name\":\"Pourquoi son retrait suscite-t-il autant d'intu00e9ru00eatu202f?\",\"acceptedAnswer\":{\"@type\":\"Answer\",\"text\":\"Parce que son retour est rare et choisi. On appru00e9cie la sincu00e9ritu00e9 qu'il du00e9gage, et son retrait ajoute une touche de mystu00e8re qui attire la curiositu00e9 du public.\"}},{\"@type\":\"Question\",\"name\":\"Peut-on espu00e9rer le revoir u00e0 la tu00e9lu00e9visionu202f?\",\"acceptedAnswer\":{\"@type\":\"Answer\",\"text\":\"Rien n'est excluu202f: ses apparitions sont ponctuelles et ru00e9flu00e9chies. Si un projet correspond u00e0 ses valeurs, il pourrait u00e0 nouveau accepter une participation.\"}}]}\n<\/script>\n<h3>Que devient Thierry Beccaro aujourd&rsquo;hui\u202f?<\/h3>\n<p>Il m\u00e8ne aujourd&rsquo;hui des activit\u00e9s ponctuelles hors des plateaux t\u00e9l\u00e9, ax\u00e9es sur la culture, la transmission et des projets publics discrets, tout en gardant sa vie priv\u00e9e prot\u00e9g\u00e9e.<\/p>\n<h3>Pourquoi son retrait suscite-t-il autant d&rsquo;int\u00e9r\u00eat\u202f?<\/h3>\n<p>Parce que son retour est rare et choisi. On appr\u00e9cie la sinc\u00e9rit\u00e9 qu&rsquo;il d\u00e9gage, et son retrait ajoute une touche de myst\u00e8re qui attire la curiosit\u00e9 du public.<\/p>\n<h3>Peut-on esp\u00e9rer le revoir \u00e0 la t\u00e9l\u00e9vision\u202f?<\/h3>\n<p>Rien n&rsquo;est exclu\u202f: ses apparitions sont ponctuelles et r\u00e9fl\u00e9chies. Si un projet correspond \u00e0 ses valeurs, il pourrait \u00e0 nouveau accepter une participation.<\/p>\n\n<p><script type=\"application\/ld+json\">\n{\n  \"@context\": \"https:\/\/schema.org\",\n  \"@type\": \"Article\",\n  \"headline\": \"Thierry Beccaro : ce que l'animateur est devenu loin des plateaux t&eacute;l&eacute;\",\n  \"description\": \"Portrait positif et humain de Thierry Beccaro, sa reconversion discr&egrave;te et ses nouveaux projets apr&egrave;s les plateaux t&eacute;l&eacute;.\",\n  \"author\": {\n    \"@type\": \"Person\",\n    \"name\": \"La r&eacute;daction dmoz.fr\"\n  },\n  \"publisher\": {\n    \"@type\": \"Organization\",\n    \"name\": \"dmoz.fr\",\n    \"logo\": {\n      \"@type\": \"ImageObject\",\n      \"url\": \"https:\/\/dmoz.fr\/logo.png\"\n    }\n  },\n  \"datePublished\": \"{{DATE_DU_JOUR}}\",\n  \"dateModified\": \"{{DATE_DU_JOUR}}\"\n}\n<\/script><\/p>\n\n<p><script type=\"application\/ld+json\">\n{\n  \"@context\": \"https:\/\/schema.org\",\n  \"@type\": \"FAQPage\",\n  \"mainEntity\": [\n    {\n      \"@type\": \"Question\",\n      \"name\": \"Que devient Thierry Beccaro aujourd'hui&#8239;?\",\n      \"acceptedAnswer\": {\n        \"@type\": \"Answer\",\n        \"text\": \"Il m&egrave;ne aujourd'hui des activit&eacute;s ponctuelles hors des plateaux t&eacute;l&eacute;, ax&eacute;es sur la culture, la transmission et des projets publics discrets, tout en gardant sa vie priv&eacute;e prot&eacute;g&eacute;e.\"\n      }\n    },\n    {\n      \"@type\": \"Question\",\n      \"name\": \"Pourquoi son retrait suscite-t-il autant d'int&eacute;r&ecirc;t&#8239;?\",\n      \"acceptedAnswer\": {\n        \"@type\": \"Answer\",\n        \"text\": \"Parce que son retour est rare et choisi. On appr&eacute;cie la sinc&eacute;rit&eacute; qu'il d&eacute;gage, et son retrait ajoute une touche de myst&egrave;re qui attire la curiosit&eacute; du public.\"\n      }\n    }\n  ]\n}\n<\/script><\/p>\n\n","protected":false},"excerpt":{"rendered":"<p>Thierry Beccaro : ce que l&rsquo;animateur est devenu loin des plateaux t\u00e9l\u00e9 En bref On ressent toujours une pointe d&rsquo;\u00e9motion quand on \u00e9voque Thierry Beccaro. Apr\u00e8s des ann\u00e9es pass\u00e9es au c\u0153ur des \u00e9missions, il a choisi une trajectoire plus discr\u00e8te. On suit son actualit\u00e9 par petites touches, et c&rsquo;est justement ce retrait relatif qui amplifie&#8230;<\/p>\n","protected":false},"author":2,"featured_media":437,"comment_status":"","ping_status":"","sticky":false,"template":"","format":"standard","meta":{"_kad_post_transparent":"","_kad_post_title":"","_kad_post_layout":"","_kad_post_sidebar_id":"","_kad_post_content_style":"","_kad_post_vertical_padding":"","_kad_post_feature":"","_kad_post_feature_position":"","_kad_post_header":false,"_kad_post_footer":false,"_kad_post_classname":"","iawp_total_views":0,"footnotes":""},"categories":[12],"tags":[],"class_list":["post-438","post","type-post","status-publish","format-standard","has-post-thumbnail","hentry","category-copines"],"_links":{"self":[{"href":"https:\/\/www.dmoz.fr\/starlettes\/wp-json\/wp\/v2\/posts\/438","targetHints":{"allow":["GET"]}}],"collection":[{"href":"https:\/\/www.dmoz.fr\/starlettes\/wp-json\/wp\/v2\/posts"}],"about":[{"href":"https:\/\/www.dmoz.fr\/starlettes\/wp-json\/wp\/v2\/types\/post"}],"author":[{"embeddable":true,"href":"https:\/\/www.dmoz.fr\/starlettes\/wp-json\/wp\/v2\/users\/2"}],"replies":[{"embeddable":true,"href":"https:\/\/www.dmoz.fr\/starlettes\/wp-json\/wp\/v2\/comments?post=438"}],"version-history":[{"count":0,"href":"https:\/\/www.dmoz.fr\/starlettes\/wp-json\/wp\/v2\/posts\/438\/revisions"}],"wp:featuredmedia":[{"embeddable":true,"href":"https:\/\/www.dmoz.fr\/starlettes\/wp-json\/wp\/v2\/media\/437"}],"wp:attachment":[{"href":"https:\/\/www.dmoz.fr\/starlettes\/wp-json\/wp\/v2\/media?parent=438"}],"wp:term":[{"taxonomy":"category","embeddable":true,"href":"https:\/\/www.dmoz.fr\/starlettes\/wp-json\/wp\/v2\/categories?post=438"},{"taxonomy":"post_tag","embeddable":true,"href":"https:\/\/www.dmoz.fr\/starlettes\/wp-json\/wp\/v2\/tags?post=438"}],"curies":[{"name":"wp","href":"https:\/\/api.w.org\/{rel}","templated":true}]}}