{"id":444,"date":"2026-02-07T21:13:16","date_gmt":"2026-02-07T21:13:16","guid":{"rendered":"https:\/\/www.dmoz.fr\/starlettes\/all\/philippe-lellouche-famille\/"},"modified":"2026-02-07T21:13:16","modified_gmt":"2026-02-07T21:13:16","slug":"philippe-lellouche-famille","status":"publish","type":"post","link":"https:\/\/www.dmoz.fr\/starlettes\/copines\/philippe-lellouche-famille\/","title":{"rendered":"Philippe Lellouche : la raison pour laquelle sa famille int\u00e9resse tant le public"},"content":{"rendered":"<p><strong>en bref<\/strong><\/p>\n\n<ul class=\"wp-block-list\"><li><strong>Philippe Lellouche<\/strong> captive parce que sa famille humanise sa c\u00e9l\u00e9brit\u00e9.<\/li><li>On est touch\u00e9s par la fronti\u00e8re subtile entre vie priv\u00e9e et vie publique.<\/li><li>Nous voyons dans cet int\u00e9r\u00eat une curiosit\u00e9 bienveillante, pas du voyeurisme.<\/li><\/ul>\n\n<figure class=\"is-provider-youtube is-type-video wp-block-embed wp-block-embed-youtube wp-embed-aspect-16-9 wp-has-aspect-ratio\"><div class=\"wp-block-embed__wrapper\">\n<iframe title=\"&quot;Le discours de LFI est simpliste, radical, violent et martel\u00e9&quot; (Antonin Andr\u00e9)\" width=\"720\" height=\"405\" src=\"https:\/\/www.youtube.com\/embed\/kEi8bLZNCUs?feature=oembed\" frameborder=\"0\" allow=\"accelerometer; autoplay; clipboard-write; encrypted-media; gyroscope; picture-in-picture; web-share\" referrerpolicy=\"strict-origin-when-cross-origin\" allowfullscreen><\/iframe>\n<\/div><\/figure>\n\n<p>Nous avons remarqu\u00e9 que l\u2019int\u00e9r\u00eat pour <strong>Philippe Lellouche<\/strong> a pris une tournure chaleureuse et curieuse. On a aim\u00e9 voir cette image de proximit\u00e9, o\u00f9 la c\u00e9l\u00e9brit\u00e9 devient accessible gr\u00e2ce \u00e0 des moments de vie partag\u00e9s. Vous ressentez la m\u00eame chose en parcourant les m\u00e9dias et les r\u00e9seaux.<\/p>\n\n<h2 class=\"wp-block-heading\">l&rsquo;\u00e9tincelle\u00a0: pourquoi on en parle ?<\/h2>\n\n<p>On en parle parce que la famille de <strong>Philippe Lellouche<\/strong> r\u00e9v\u00e8le un visage humain de la c\u00e9l\u00e9brit\u00e9. Plut\u00f4t que des scoops, ce sont des instants simples qui ont fait le buzz\u2009: repas, rires, gestes du quotidien.<\/p>\n\n<p>Nous aimons cette narration discr\u00e8te qui transforme la curiosit\u00e9 en admiration. Les m\u00e9dias relaient ces moments sans sensationnalisme, et le public r\u00e9pond par de la chaleur et de l&rsquo;affection. C&rsquo;est ce m\u00e9lange d&rsquo;authenticit\u00e9 et de myst\u00e8re qui cr\u00e9e l&rsquo;int\u00e9r\u00eat durable.<\/p>\n\n<h2 class=\"wp-block-heading\">l&rsquo;image\/le style\u00a0: ce que les gens aiment chez lui<\/h2>\n\n<p>Ce qui pla\u00eet, c&rsquo;est d&rsquo;abord la simplicit\u00e9 apparente. On sent une <strong>relation familiale<\/strong> fond\u00e9e sur le respect et la tendresse, pas sur l&rsquo;exhibition. Cette retenue suffit \u00e0 nourrir la curiosit\u00e9 sans la rendre intrusive.<\/p>\n\n<p>Nous notons trois qualit\u00e9s souvent mises en avant par le public :<\/p>\n\n<ul class=\"wp-block-list\"><li><strong>Sinc\u00e9rit\u00e9<\/strong> face aux cam\u00e9ras.<\/li><li><strong>Proximit\u00e9<\/strong> avec les siens, sans mise en sc\u00e8ne outr\u00e9e.<\/li><li><strong>Discr\u00e9tion<\/strong> sur la vie personnelle, qui cr\u00e9e une aura.<\/li><\/ul>\n\n<figure class=\"wp-block-table\"><table>\n<thead>\n<tr>\n<th>Atout<\/th>\n<th>Effet sur le public<\/th>\n<\/tr>\n<\/thead>\n<tbody>\n<tr>\n<td><strong>Sinc\u00e9rit\u00e9<\/strong><\/td>\n<td>Renforce la confiance et l&rsquo;identification.<\/td>\n<\/tr>\n<tr>\n<td><strong>Discr\u00e9tion<\/strong><\/td>\n<td>Alimente la curiosit\u00e9 sans sensationnalisme.<\/td>\n<\/tr>\n<tr>\n<td><strong>Proximit\u00e9<\/strong><\/td>\n<td>Fait de la c\u00e9l\u00e9brit\u00e9 un rep\u00e8re humain.<\/td>\n<\/tr>\n<\/tbody>\n<\/table><\/figure>\n\n<h2 class=\"wp-block-heading\">l&rsquo;avenir\u00a0: perspectives positives<\/h2>\n\n<p>Nous pensons que l&rsquo;int\u00e9r\u00eat du public peut \u00e9voluer vers une curiosit\u00e9 respectueuse. Si <strong>Philippe Lellouche<\/strong> continue d&rsquo;ouvrir des fen\u00eatres sur des moments vrais, il consolide une image de c\u00e9l\u00e9brit\u00e9 apais\u00e9e et inspirante.<\/p>\n\n<p>On peut imaginer des collaborations mediatiques o\u00f9 la famille participe sans \u00eatre expos\u00e9e, ou des projets artistiques qui puisent dans cette authenticit\u00e9. Le r\u00e9sultat\u00a0: une c\u00e9l\u00e9brit\u00e9 qui f\u00e9d\u00e8re plut\u00f4t que d&rsquo;\u00e9blouir, et un public qui reste engag\u00e9 de fa\u00e7on positive.<\/p>\n\n<p>Pour approfondir le th\u00e8me de la vie familiale chez les personnalit\u00e9s, <a href=\"https:\/\/www.dmoz.fr\/starlettes\/dernier\/tahar-rahim-et-sa-famille-confidences-sur-ses-enfants\/\">lire aussi cet article<\/a> propose un angle compl\u00e9mentaire sur la fa\u00e7on dont les m\u00e9dias \u00e9voquent les proches des c\u00e9l\u00e9brit\u00e9s.<\/p>\n\n<script type=\"application\/ld+json\">\n{\"@context\":\"https:\/\/schema.org\",\"@type\":\"FAQPage\",\"mainEntity\":[{\"@type\":\"Question\",\"name\":\"Pourquoi la famille attire-t-elle autant l'attention du publicu202f?\",\"acceptedAnswer\":{\"@type\":\"Answer\",\"text\":\"Parce qu'elle humanise la cu00e9lu00e9britu00e9u202f: on se reconnau00eet dans ces scu00e8nes de vie et cela cru00e9e une connexion u00e9motionnelle positive.\"}},{\"@type\":\"Question\",\"name\":\"La curiositu00e9 du public estu2011elle toujours bienveillanteu202f?\",\"acceptedAnswer\":{\"@type\":\"Answer\",\"text\":\"Souvent ouiu202f; dans ce cas pru00e9cis, la curiositu00e9 se manifeste par de l'admiration et du respect, encouragu00e9e par la discru00e9tion de la famille.\"}},{\"@type\":\"Question\",\"name\":\"Comment pru00e9server la vie privu00e9e tout en partageant des moments publicsu202f?\",\"acceptedAnswer\":{\"@type\":\"Answer\",\"text\":\"En fixant des limites claires, en choisissant les instants u00e0 montrer et en privilu00e9giant la qualitu00e9 narrative plutu00f4t que la quantitu00e9.\"}}]}\n<\/script>\n<h3>Pourquoi la famille attire-t-elle autant l&rsquo;attention du public\u202f?<\/h3>\n<p>Parce qu&rsquo;elle humanise la c\u00e9l\u00e9brit\u00e9\u202f: on se reconna\u00eet dans ces sc\u00e8nes de vie et cela cr\u00e9e une connexion \u00e9motionnelle positive.<\/p>\n<h3>La curiosit\u00e9 du public est\u2011elle toujours bienveillante\u202f?<\/h3>\n<p>Souvent oui\u202f; dans ce cas pr\u00e9cis, la curiosit\u00e9 se manifeste par de l&rsquo;admiration et du respect, encourag\u00e9e par la discr\u00e9tion de la famille.<\/p>\n<h3>Comment pr\u00e9server la vie priv\u00e9e tout en partageant des moments publics\u202f?<\/h3>\n<p>En fixant des limites claires, en choisissant les instants \u00e0 montrer et en privil\u00e9giant la qualit\u00e9 narrative plut\u00f4t que la quantit\u00e9.<\/p>\n\n<p><script type=\"application\/ld+json\">\n{\n  \"@context\": \"https:\/\/schema.org\",\n  \"@type\": \"Article\",\n  \"headline\": \"Philippe Lellouche : la raison pour laquelle sa famille int&eacute;resse tant le public\",\n  \"description\": \"Une lecture positive et humaine de l'int&eacute;r&ecirc;t port&eacute; &agrave; la famille de Philippe Lellouche, o&ugrave; la proximit&eacute; et la discr&eacute;tion s&eacute;duisent le public.\",\n  \"author\": {\n    \"@type\": \"Person\",\n    \"name\": \"La r&eacute;daction dmoz.fr\"\n  },\n  \"publisher\": {\n    \"@type\": \"Organization\",\n    \"name\": \"dmoz.fr\",\n    \"logo\": {\n      \"@type\": \"ImageObject\",\n      \"url\": \"https:\/\/dmoz.fr\/logo.png\"\n    }\n  },\n  \"datePublished\": \"2026-02-07\",\n  \"dateModified\": \"2026-02-07\"\n}\n<\/script><\/p>\n\n<p><script type=\"application\/ld+json\">\n{\n  \"@context\": \"https:\/\/schema.org\",\n  \"@type\": \"FAQPage\",\n  \"mainEntity\": [\n    {\n      \"@type\": \"Question\",\n      \"name\": \"Pourquoi la famille attire-t-elle autant l'attention du public&#8239;?\",\n      \"acceptedAnswer\": {\n        \"@type\": \"Answer\",\n        \"text\": \"Parce qu'elle humanise la c&eacute;l&eacute;brit&eacute;&#8239;: on se reconna&icirc;t dans ces sc&egrave;nes de vie et cela cr&eacute;e une connexion &eacute;motionnelle positive.\"\n      }\n    },\n    {\n      \"@type\": \"Question\",\n      \"name\": \"La curiosit&eacute; du public est&#8209;elle toujours bienveillante&#8239;?\",\n      \"acceptedAnswer\": {\n        \"@type\": \"Answer\",\n        \"text\": \"Souvent oui&#8239;; dans ce cas pr&eacute;cis, la curiosit&eacute; se manifeste par de l'admiration et du respect, encourag&eacute;e par la discr&eacute;tion de la famille.\"\n      }\n    },\n    {\n      \"@type\": \"Question\",\n      \"name\": \"Comment pr&eacute;server la vie priv&eacute;e tout en partageant des moments publics&#8239;?\",\n      \"acceptedAnswer\": {\n        \"@type\": \"Answer\",\n        \"text\": \"En fixant des limites claires, en choisissant les instants &agrave; montrer et en privil&eacute;giant la qualit&eacute; narrative plut&ocirc;t que la quantit&eacute;.\"\n      }\n    }\n  ]\n}\n<\/script><\/p>\n\n","protected":false},"excerpt":{"rendered":"<p>en bref Nous avons remarqu\u00e9 que l\u2019int\u00e9r\u00eat pour Philippe Lellouche a pris une tournure chaleureuse et curieuse. On a aim\u00e9 voir cette image de proximit\u00e9, o\u00f9 la c\u00e9l\u00e9brit\u00e9 devient accessible gr\u00e2ce \u00e0 des moments de vie partag\u00e9s. Vous ressentez la m\u00eame chose en parcourant les m\u00e9dias et les r\u00e9seaux. l&rsquo;\u00e9tincelle\u00a0: pourquoi on en parle ?&#8230;<\/p>\n","protected":false},"author":2,"featured_media":443,"comment_status":"","ping_status":"","sticky":false,"template":"","format":"standard","meta":{"_kad_post_transparent":"","_kad_post_title":"","_kad_post_layout":"","_kad_post_sidebar_id":"","_kad_post_content_style":"","_kad_post_vertical_padding":"","_kad_post_feature":"","_kad_post_feature_position":"","_kad_post_header":false,"_kad_post_footer":false,"_kad_post_classname":"","iawp_total_views":0,"footnotes":""},"categories":[12],"tags":[],"class_list":["post-444","post","type-post","status-publish","format-standard","has-post-thumbnail","hentry","category-copines"],"_links":{"self":[{"href":"https:\/\/www.dmoz.fr\/starlettes\/wp-json\/wp\/v2\/posts\/444","targetHints":{"allow":["GET"]}}],"collection":[{"href":"https:\/\/www.dmoz.fr\/starlettes\/wp-json\/wp\/v2\/posts"}],"about":[{"href":"https:\/\/www.dmoz.fr\/starlettes\/wp-json\/wp\/v2\/types\/post"}],"author":[{"embeddable":true,"href":"https:\/\/www.dmoz.fr\/starlettes\/wp-json\/wp\/v2\/users\/2"}],"replies":[{"embeddable":true,"href":"https:\/\/www.dmoz.fr\/starlettes\/wp-json\/wp\/v2\/comments?post=444"}],"version-history":[{"count":0,"href":"https:\/\/www.dmoz.fr\/starlettes\/wp-json\/wp\/v2\/posts\/444\/revisions"}],"wp:featuredmedia":[{"embeddable":true,"href":"https:\/\/www.dmoz.fr\/starlettes\/wp-json\/wp\/v2\/media\/443"}],"wp:attachment":[{"href":"https:\/\/www.dmoz.fr\/starlettes\/wp-json\/wp\/v2\/media?parent=444"}],"wp:term":[{"taxonomy":"category","embeddable":true,"href":"https:\/\/www.dmoz.fr\/starlettes\/wp-json\/wp\/v2\/categories?post=444"},{"taxonomy":"post_tag","embeddable":true,"href":"https:\/\/www.dmoz.fr\/starlettes\/wp-json\/wp\/v2\/tags?post=444"}],"curies":[{"name":"wp","href":"https:\/\/api.w.org\/{rel}","templated":true}]}}