{"id":89,"date":"2024-09-16T08:16:10","date_gmt":"2024-09-16T08:16:10","guid":{"rendered":"https:\/\/www.dmoz.fr\/starlettes\/?p=89"},"modified":"2024-09-16T08:16:11","modified_gmt":"2024-09-16T08:16:11","slug":"imane-maarifi-origine-parents-et-engagement-humanitaire","status":"publish","type":"post","link":"https:\/\/www.dmoz.fr\/starlettes\/dernier\/imane-maarifi-origine-parents-et-engagement-humanitaire\/","title":{"rendered":"Imane Maarifi, Origine, parents et engagement humanitaire"},"content":{"rendered":"\n<p><strong>D&rsquo;origine marocaine, Imane Maarifi est une infirmi\u00e8re humanitaire. Elle a \u00e9t\u00e9 \u00e9lev\u00e9e en France par une famille modeste mais soucieuse de l&rsquo;int\u00e9r\u00eat g\u00e9n\u00e9ral. Ses parents ont toujours appr\u00e9ci\u00e9 qu&rsquo;elle aide les autres. Son travail a \u00e9t\u00e9 fortement influenc\u00e9 par ces principes. Elle a commenc\u00e9 \u00e0 participer \u00e0 des projets de quartier d\u00e8s son plus jeune \u00e2ge.<\/strong><\/p>\n\n\n<div class=\"wp-block-image\">\n<figure class=\"aligncenter size-full is-resized\" id=\"Imane-Maarifi\"><img fetchpriority=\"high\" decoding=\"async\" width=\"493\" height=\"351\" src=\"https:\/\/www.dmoz.fr\/starlettes\/wp-content\/uploads\/2024\/09\/download-2024-09-16T130738.899.png\" alt=\"Imane Maarifi\" class=\"wp-image-90\" style=\"width:713px;height:auto\" title=\"Imane Maarifi\" srcset=\"https:\/\/www.dmoz.fr\/starlettes\/wp-content\/uploads\/2024\/09\/download-2024-09-16T130738.899.png 493w, https:\/\/www.dmoz.fr\/starlettes\/wp-content\/uploads\/2024\/09\/download-2024-09-16T130738.899-300x214.png 300w, https:\/\/www.dmoz.fr\/starlettes\/wp-content\/uploads\/2024\/09\/download-2024-09-16T130738.899-150x107.png 150w, https:\/\/www.dmoz.fr\/starlettes\/wp-content\/uploads\/2024\/09\/download-2024-09-16T130738.899-450x320.png 450w\" sizes=\"(max-width: 493px) 100vw, 493px\" \/><figcaption class=\"wp-element-caption\">Imane Maarifi<\/figcaption><\/figure>\n<\/div>\n\n\n<figure class=\"wp-block-table\"><table class=\"has-fixed-layout\"><thead><tr><th><strong>Nom<\/strong><\/th><th><a href=\"https:\/\/www.dmoz.fr\/starlettes\/tag\/imane-maarifi\/\">Imane Maarifi<\/a><\/th><\/tr><\/thead><tbody><tr><td><strong>Origine<\/strong><\/td><td>Marocaine<\/td><\/tr><tr><td><strong>Profession<\/strong><\/td><td><a href=\"https:\/\/www.dmoz.fr\/starlettes\/tag\/infirmiere-humanitaire\/\">Infirmi\u00e8re humanitaire<\/a><\/td><\/tr><tr><td><strong>Engagement<\/strong><\/td><td><a href=\"https:\/\/www.dmoz.fr\/starlettes\/tag\/pro-palestine\/\">Pro-Palestine<\/a><\/td><\/tr><tr><td><strong>H\u00f4pital<\/strong><\/td><td><a href=\"https:\/\/www.dmoz.fr\/starlettes\/tag\/hopital-europeen-de-khan-younes\/\">H\u00f4pital europ\u00e9en de Khan Youn\u00e8s<\/a><\/td><\/tr><tr><td><strong>Arrestation<\/strong><\/td><td>Septembre 2024<\/td><\/tr><tr><td><strong>Accusation<\/strong><\/td><td>Menaces de mort pr\u00e9sum\u00e9es<\/td><\/tr><tr><td><strong>Lib\u00e9ration<\/strong><\/td><td>Le m\u00eame jour, sans inculpation<\/td><\/tr><\/tbody><\/table><figcaption class=\"wp-element-caption\">Imane Maarifi<\/figcaption><\/figure>\n\n\n\n<p><a href=\"https:\/\/www.instagram.com\/imane.pal\/\" target=\"_blank\" rel=\"noopener\">Instagram<\/a><\/p>\n\n\n\n<h4 class=\"wp-block-heading\">Un parcours de vie tourn\u00e9 vers l\u2019humanitaire<\/h4>\n\n\n\n<p>Imane a suivi des \u00e9tudes d&rsquo;infirmi\u00e8re et s&rsquo;est orient\u00e9e vers les soins intensifs. Son travail l&rsquo;a conduite dans diff\u00e9rents h\u00f4pitaux, mais c&rsquo;est \u00e0 Gaza qu&rsquo;elle s&rsquo;est vraiment fait conna\u00eetre. Elle a commenc\u00e9 \u00e0 travailler \u00e0 Khan Youn\u00e8s en octobre 2023.<\/p>\n\n\n\n<p>Imane a vu des situations horribles lors de son affectation \u00e0 <a href=\"https:\/\/www.middleeastmonitor.com\/20240910-nothing-will-stop-me-from-supporting-palestine-says-french-nurse-defiant-after-arrest\/\" target=\"_blank\" rel=\"noopener\">Gaza<\/a>. Elle voit la mort de pr\u00e8s et soigne les bless\u00e9s. Deux semaines plus tard, elle rentre en France, d\u00e9finitivement chang\u00e9e par ce qu&rsquo;elle a v\u00e9cu.<\/p>\n\n\n\n<p>Imane Maarifi n&rsquo;en est pas rest\u00e9e l\u00e0. Elle a racont\u00e9 son exp\u00e9rience lors de marches pro-palestiniennes en France. Elle a \u00e9galement t\u00e9moign\u00e9 de la souffrance \u00e0 Gaza devant l&rsquo;Assembl\u00e9e nationale fran\u00e7aise.<\/p>\n\n\n\n<h4 class=\"wp-block-heading\">Une arrestation controvers\u00e9e<\/h4>\n\n\n\n<p>Son grand d\u00e9vouement a \u00e9t\u00e9 remarqu\u00e9. Elle a \u00e9t\u00e9 arr\u00eat\u00e9e \u00e0 son domicile en septembre 2024. Les autorit\u00e9s fran\u00e7aises l&rsquo;ont accus\u00e9e de \u00ab menaces de mort \u00e0 caract\u00e8re racial ou religieux \u00bb. Cette arrestation a suscit\u00e9 un flot de soutien.<\/p>\n\n\n\n<p>Imane venait de se renseigner aupr\u00e8s des organisateurs d&rsquo;un salon de l&rsquo;immobilier isra\u00e9lien qui se tenait \u00e0 Paris. Elle voulait savoir s&rsquo;ils savaient qu&rsquo;ils vendaient des territoires palestiniens sous occupation ill\u00e9gale. Son enqu\u00eate n&rsquo;a pas \u00e9t\u00e9 accueillie favorablement.<\/p>\n\n\n\n<h4 class=\"wp-block-heading\">La pression de l\u2019intimidation<\/h4>\n\n\n\n<p>Les policiers ont inspect\u00e9 son t\u00e9l\u00e9phone et saisi certains objets, dont un drapeau palestinien, lors de son interpellation. Ils l&rsquo;ont \u00e9galement interrog\u00e9e personnellement, notamment au sujet de ses enfants. Elle y a trouv\u00e9 beaucoup d&rsquo;inqui\u00e9tude.<\/p>\n\n\n\n<p>Pour Imane, ces questions n&rsquo;avaient rien \u00e0 voir avec la recherche. Elle y a vu une tentative d&rsquo;intimidation. Elle a gard\u00e9 son sang-froid et sa d\u00e9termination malgr\u00e9 tout. Elle n&rsquo;avait pas menti, les flics devaient avouer.<\/p>\n\n\n\n<p>Publi\u00e9e le jour m\u00eame, Imane Maarifi est plus que jamais d\u00e9termin\u00e9e \u00e0 poursuivre son chemin. Les tentatives pour lui faire peur ne lui inspirent toujours que de l&rsquo;indiff\u00e9rence. Soutenir la Palestine lui semble une cause louable.<\/p>\n\n\n\n<h4 class=\"wp-block-heading\">Une d\u00e9termination \u00e0 toute \u00e9preuve<\/h4>\n\n\n\n<p>Je ne suis plus la m\u00eame apr\u00e8s ce que j&rsquo;ai vu \u00e0 Gaza \u00bb, d\u00e9clare Imane Maarifi. Elle veut continuer \u00e0 attirer l&rsquo;attention sur la souffrance quotidienne des Palestiniens et sur leur sort.<\/p>\n\n\n\n<p>\u00ab Je suis pr\u00eate \u00e0 risquer ma vie pour sauver celle des autres \u00bb, d\u00e9clare-t-elle. Pour poursuivre ses activit\u00e9s humanitaires, Imane a m\u00eame l&rsquo;intention de retourner \u00e0 Gaza d\u00e8s maintenant. Elle n&rsquo;est pas pr\u00eate de baisser les bras.<\/p>\n\n\n\n<h4 class=\"wp-block-heading\">Une cause qui transcende les fronti\u00e8res<\/h4>\n\n\n\n<p>De nombreuses personnes ont trouv\u00e9 un \u00e9cho \u00e0 son histoire. Des personnalit\u00e9s publiques, dont le d\u00e9put\u00e9 <a href=\"https:\/\/www.dmoz.fr\/starlettes\/\">fran\u00e7ais<\/a> Thomas Portes, se sont mobilis\u00e9es pour la soutenir et ont d\u00e9nonc\u00e9 sa d\u00e9tention. Beaucoup consid\u00e8rent qu&rsquo;il s&rsquo;agit d&rsquo;une tentative de faire taire les voix dissidentes.<\/p>\n\n\n\n<p>Imane continue de penser \u00e0 une soci\u00e9t\u00e9 juste. Pour elle, les droits, y compris la paix et la justice, sont fondamentaux. Elle continuera \u00e0 se battre pour la libert\u00e9 de la Palestine tant qu&rsquo;il n&rsquo;y aura pas de cessez-le-feu.<\/p>\n\n\n\n<h4 class=\"wp-block-heading\">Le futur d&rsquo;Imane Maarifi<\/h4>\n\n\n\n<p>Son r\u00e9cit \u00e9difiant montre que chacun peut contribuer \u00e0 cr\u00e9er une soci\u00e9t\u00e9 meilleure \u00e0 sa mani\u00e8re. Imane Maarifi reste un exemple \u00e9clatant de bravoure et de volont\u00e9 contre l&rsquo;injustice.<\/p>\n","protected":false},"excerpt":{"rendered":"<p>D&rsquo;origine marocaine, Imane Maarifi est une infirmi\u00e8re humanitaire. Elle a \u00e9t\u00e9 \u00e9lev\u00e9e en France par une famille modeste mais soucieuse de l&rsquo;int\u00e9r\u00eat g\u00e9n\u00e9ral. Ses parents ont toujours appr\u00e9ci\u00e9 qu&rsquo;elle aide les autres. Son travail a \u00e9t\u00e9 fortement influenc\u00e9 par ces principes. Elle a commenc\u00e9 \u00e0 participer \u00e0 des projets de quartier d\u00e8s son plus jeune&#8230;<\/p>\n","protected":false},"author":2,"featured_media":90,"comment_status":"open","ping_status":"open","sticky":false,"template":"","format":"standard","meta":{"_kad_post_transparent":"","_kad_post_title":"","_kad_post_layout":"","_kad_post_sidebar_id":"","_kad_post_content_style":"","_kad_post_vertical_padding":"","_kad_post_feature":"","_kad_post_feature_position":"","_kad_post_header":false,"_kad_post_footer":false,"_kad_post_classname":"","iawp_total_views":44,"footnotes":""},"categories":[11],"tags":[18,15,16,17],"class_list":["post-89","post","type-post","status-publish","format-standard","has-post-thumbnail","hentry","category-dernier","tag-hopital-europeen-de-khan-younes","tag-imane-maarifi","tag-infirmiere-humanitaire","tag-pro-palestine"],"_links":{"self":[{"href":"https:\/\/www.dmoz.fr\/starlettes\/wp-json\/wp\/v2\/posts\/89","targetHints":{"allow":["GET"]}}],"collection":[{"href":"https:\/\/www.dmoz.fr\/starlettes\/wp-json\/wp\/v2\/posts"}],"about":[{"href":"https:\/\/www.dmoz.fr\/starlettes\/wp-json\/wp\/v2\/types\/post"}],"author":[{"embeddable":true,"href":"https:\/\/www.dmoz.fr\/starlettes\/wp-json\/wp\/v2\/users\/2"}],"replies":[{"embeddable":true,"href":"https:\/\/www.dmoz.fr\/starlettes\/wp-json\/wp\/v2\/comments?post=89"}],"version-history":[{"count":0,"href":"https:\/\/www.dmoz.fr\/starlettes\/wp-json\/wp\/v2\/posts\/89\/revisions"}],"wp:featuredmedia":[{"embeddable":true,"href":"https:\/\/www.dmoz.fr\/starlettes\/wp-json\/wp\/v2\/media\/90"}],"wp:attachment":[{"href":"https:\/\/www.dmoz.fr\/starlettes\/wp-json\/wp\/v2\/media?parent=89"}],"wp:term":[{"taxonomy":"category","embeddable":true,"href":"https:\/\/www.dmoz.fr\/starlettes\/wp-json\/wp\/v2\/categories?post=89"},{"taxonomy":"post_tag","embeddable":true,"href":"https:\/\/www.dmoz.fr\/starlettes\/wp-json\/wp\/v2\/tags?post=89"}],"curies":[{"name":"wp","href":"https:\/\/api.w.org\/{rel}","templated":true}]}}