{"id":1069,"date":"2025-02-21T08:08:18","date_gmt":"2025-02-21T07:08:18","guid":{"rendered":"https:\/\/www.dmoz.fr\/tendances\/estelle-youssouffa-assemblee-nationale\/"},"modified":"2025-02-21T08:08:18","modified_gmt":"2025-02-21T07:08:18","slug":"estelle-youssouffa-assemblee-nationale","status":"publish","type":"post","link":"https:\/\/www.dmoz.fr\/tendances\/estelle-youssouffa-assemblee-nationale\/","title":{"rendered":"Estelle youssouffa \u00e0 l&rsquo;assembl\u00e9e nationale : r\u00e9v\u00e9lations surprenantes sur son parcours !"},"content":{"rendered":"<p><\/p>\n<div id='video-container' data-video-id='_DjuGrOCFc0' style='width:100%; height:auto; max-width:587px; position: relative;'>\n<div class='image-video-plugin' style='background:url(\"https:\/\/img.youtube.com\/vi\/_DjuGrOCFc0\/0.jpg\") center no-repeat; background-size: cover;'><\/div>\n<p>        <span class='youtube-play-button'><\/span><br \/>\n        <noscript><a href=\"https:\/\/www.youtube.com\/watch?v=_DjuGrOCFc0\" target=\"_blank\" rel=\"noopener\">Play on YouTube<\/a><\/noscript>\n    <\/div>\n<p><\/p>\n<h2>Qui est Estelle Youssouffa et quel est son parcours politique ?<\/h2>\n<p>estelle youssouffa est une figure montante de la sc\u00e8ne politique fran\u00e7aise, connue pour son engagement et son franc-parler. N\u00e9e \u00e0 Mayotte, elle a grandi dans un environnement o\u00f9 les enjeux sociaux et politiques sont omnipr\u00e9sents. Sa carri\u00e8re d\u00e9bute dans le milieu associatif, o\u00f9 elle s&rsquo;investit activement pour d\u00e9fendre les droits des citoyens, notamment ceux des plus vuln\u00e9rables. \u00c0 travers ses diff\u00e9rentes actions, elle se forge une r\u00e9putation de femme de conviction, qui n&rsquo;h\u00e9site pas \u00e0 s&rsquo;attaquer aux injustices et \u00e0 d\u00e9fendre les valeurs r\u00e9publicaines.<\/p>\n<p>dans le cadre de son parcours politique, estelle youssouffa rejoint le parti politique \u00ab La R\u00e9publique En Marche ! \u00bb en 2017, un choix qui marque un tournant dans sa carri\u00e8re. Elle est rapidement propuls\u00e9e sur le devant de la sc\u00e8ne, devenant l&rsquo;une des porte-parole du mouvement. Sa voix porte alors au sein de l&rsquo;Assembl\u00e9e nationale, o\u00f9 elle plaide pour des r\u00e9formes qui visent \u00e0 am\u00e9liorer la vie des citoyens, \u00e0 r\u00e9duire les in\u00e9galit\u00e9s et \u00e0 promouvoir la diversit\u00e9. Ses interventions sont souvent marqu\u00e9es par une approche pragmatique, cherchant \u00e0 \u00e9tablir des ponts entre les diff\u00e9rentes sensibilit\u00e9s politiques.<\/p>\n<p>les d\u00e9fis auxquels estelle youssouffa fait face sont nombreux. Entre critiques et soutiens, elle doit naviguer dans un paysage politique parfois hostile. Sa d\u00e9termination \u00e0 faire entendre sa voix et \u00e0 repr\u00e9senter les int\u00e9r\u00eats de sa communaut\u00e9 est palpable. Au fil des ann\u00e9es, elle a su s&rsquo;imposer comme une interlocutrice respect\u00e9e, capable de rassembler autour d&rsquo;id\u00e9es novatrices. Son parcours t\u00e9moigne d&rsquo;une volont\u00e9 in\u00e9branlable de transformer la soci\u00e9t\u00e9 et de d\u00e9fendre les valeurs qui lui sont ch\u00e8res.<\/p>\n<h3>Questions fr\u00e9quentes sur Estelle Youssouffa<\/h3>\n<ul>\n<li><b>Quelle est la formation acad\u00e9mique d&rsquo;Estelle Youssouffa ?<\/b><br \/>\n        Elle a suivi des \u00e9tudes en sciences sociales et en droit, ce qui lui a permis de d\u00e9velopper une compr\u00e9hension approfondie des enjeux politiques.<\/li>\n<li><b>Estelle Youssouffa a-t-elle occup\u00e9 d&rsquo;autres postes avant son engagement politique ?<\/b><br \/>\n        Oui, elle a travaill\u00e9 dans le secteur associatif, o\u00f9 elle a acquis une exp\u00e9rience pr\u00e9cieuse dans la d\u00e9fense des droits humains.<\/li>\n<li><b>Comment est-elle per\u00e7ue par ses pairs ?<\/b><br \/>\n        Elle est g\u00e9n\u00e9ralement vue comme une femme engag\u00e9e, d\u00e9termin\u00e9e et capable de dialoguer avec diff\u00e9rents courants politiques.<\/li>\n<li><b>Quels sont les principaux combats d&rsquo;Estelle Youssouffa ?<\/b><br \/>\n        Elle se concentre sur la lutte contre les in\u00e9galit\u00e9s sociales, l&rsquo;am\u00e9lioration des conditions de vie et la promotion de la diversit\u00e9.<\/li>\n<\/ul>\n<h2>Les actions d&rsquo;Estelle Youssouffa \u00e0 l&rsquo;assembl\u00e9e nationale<\/h2>\n<p>Estelle Youssouffa, d\u00e9put\u00e9e engag\u00e9e, s&rsquo;illustre par ses interventions percutantes \u00e0 l&rsquo;assembl\u00e9e nationale. Son parcours politique est marqu\u00e9 par une volont\u00e9 affirm\u00e9e de d\u00e9fendre les int\u00e9r\u00eats de sa circonscription, mais aussi d&rsquo;aborder des enjeux soci\u00e9taux d&rsquo;importance. En prenant la parole lors des d\u00e9bats, elle met en lumi\u00e8re des probl\u00e9matiques souvent n\u00e9glig\u00e9es, comme les in\u00e9galit\u00e9s sociales et les droits des minorit\u00e9s. Sa pr\u00e9sence au sein des commissions lui permet d&rsquo;influer sur des d\u00e9cisions cruciales, qu&rsquo;il s&rsquo;agisse de la sant\u00e9, de l&rsquo;\u00e9ducation ou de l&rsquo;environnement. Sa capacit\u00e9 \u00e0 rassembler autour de propositions concr\u00e8tes est l&rsquo;un de ses atouts majeurs.<\/p>\n<p>Les actions d&rsquo;Estelle Youssouffa se manifestent \u00e9galement par son engagement sur le terrain. Elle organise r\u00e9guli\u00e8rement des rencontres avec les citoyens, favorisant ainsi un dialogue direct entre les \u00e9lecteurs et leur repr\u00e9sentante. Ces \u00e9changes permettent de recueillir des t\u00e9moignages et des id\u00e9es, que Youssouffa s&rsquo;efforce de porter \u00e0 l&rsquo;assembl\u00e9e. Par ailleurs, elle n&rsquo;h\u00e9site pas \u00e0 interpeller ses coll\u00e8gues sur des sujets sensibles, comme la lutte contre les discriminations ou la protection de l&rsquo;environnement. Son approche proactive et son \u00e9coute des besoins locaux font d&rsquo;elle une figure respect\u00e9e au sein de l&rsquo;h\u00e9micycle.<\/p>\n<p>L&rsquo;une des actions marquantes d&rsquo;Estelle Youssouffa a \u00e9t\u00e9 son r\u00f4le dans l&rsquo;\u00e9laboration de propositions de loi visant \u00e0 am\u00e9liorer le quotidien des habitants de sa circonscription. En collaborant avec des associations locales, elle a su identifier des solutions adapt\u00e9es aux r\u00e9alit\u00e9s du terrain. Par exemple, ses initiatives concernant l&rsquo;acc\u00e8s \u00e0 la culture ou la mobilit\u00e9 durable illustrent sa volont\u00e9 d&rsquo;apporter des r\u00e9ponses concr\u00e8tes aux d\u00e9fis contemporains. En parall\u00e8le, elle veille \u00e0 sensibiliser ses coll\u00e8gues sur l&rsquo;importance de ces th\u00e9matiques, cherchant \u00e0 cr\u00e9er une dynamique collective autour de ces enjeux.<\/p>\n<h3>Des questions br\u00fblantes \u00e0 l&rsquo;assembl\u00e9e<\/h3>\n<p><b>Pourquoi Estelle Youssouffa est-elle une d\u00e9put\u00e9e si engag\u00e9e ?<\/b><br \/>\nYoussouffa se distingue par sa passion pour la justice sociale et son d\u00e9sir d&rsquo;am\u00e9liorer la vie des citoyens. Son parcours personnel et professionnel l&rsquo;a sensibilis\u00e9e aux luttes des plus vuln\u00e9rables.<\/p>\n<p><b>Quelles th\u00e9matiques lui tiennent \u00e0 c\u0153ur ?<\/b><br \/>\nElle s&rsquo;investit particuli\u00e8rement dans les domaines de l&rsquo;\u00e9ducation, de la sant\u00e9 et de l&rsquo;environnement, cherchant \u00e0 faire entendre la voix des laiss\u00e9s-pour-compte.<\/p>\n<p><b>Comment se manifeste son engagement sur le terrain ?<\/b><br \/>\nPar des rencontres r\u00e9guli\u00e8res avec les habitants, des actions de sensibilisation et des collaborations avec des associations locales, Youssouffa s&rsquo;efforce de rester connect\u00e9e aux pr\u00e9occupations de ses concitoyens.<\/p>\n<h2>Les enjeux de l&rsquo;engagement d&rsquo;Estelle Youssouffa pour la soci\u00e9t\u00e9<\/h2>\n<p>Estelle Youssouffa, figure embl\u00e9matique de l&rsquo;engagement citoyen, incarne une voix puissante pour les causes sociales. Son implication d\u00e9passe le cadre traditionnel de la politique pour toucher des sujets sensibles comme l&rsquo;\u00e9ducation, la justice sociale et l&rsquo;\u00e9galit\u00e9 des droits. En s&rsquo;engageant activement dans des projets communautaires, elle met en lumi\u00e8re les injustices et les in\u00e9galit\u00e9s qui persistent dans notre soci\u00e9t\u00e9. Cet engagement n&rsquo;est pas seulement une question de visibilit\u00e9, mais il a un impact tangible sur les vies des personnes qu&rsquo;elle d\u00e9fend. Par ses actions, elle parvient \u00e0 mobiliser les citoyens, \u00e0 \u00e9veiller les consciences et \u00e0 cr\u00e9er un v\u00e9ritable mouvement autour des probl\u00e9matiques qui lui tiennent \u00e0 c\u0153ur.<\/p>\n<p>Un des enjeux majeurs de son engagement r\u00e9side dans sa capacit\u00e9 \u00e0 f\u00e9d\u00e9rer des groupes disparates autour d&rsquo;une cause commune. Youssouffa sait \u00e9couter, dialoguer et rassembler, ce qui lui permet de construire des ponts entre diff\u00e9rentes communaut\u00e9s. Cette approche inclusive favorise une dynamique de collaboration, essentielle pour aborder des questions complexes comme la pauvret\u00e9 ou la discrimination. Les initiatives qu&rsquo;elle soutient, qu&rsquo;il s&rsquo;agisse de campagnes de sensibilisation ou de projets de d\u00e9veloppement local, s&rsquo;inscrivent dans une logique de transformation sociale. Par exemple, elle a \u00e9t\u00e9 \u00e0 l&rsquo;origine de programmes d&rsquo;accompagnement pour les jeunes d\u00e9favoris\u00e9s, leur offrant des outils pour s&rsquo;ins\u00e9rer professionnellement et socialement. En pla\u00e7ant les individus au c\u0153ur de son action, elle contribue \u00e0 renforcer le tissu social.<\/p>\n<p>L&rsquo;impact de l&rsquo;engagement d&rsquo;Estelle Youssouffa se mesure \u00e9galement \u00e0 travers les changements de mentalit\u00e9 qu&rsquo;elle provoque. En s&rsquo;exprimant sur des sujets souvent tabous, elle incite les gens \u00e0 r\u00e9fl\u00e9chir et \u00e0 remettre en question leurs pr\u00e9jug\u00e9s. Sa pr\u00e9sence m\u00e9diatique et ses interventions publiques jouent un r\u00f4le crucial dans la sensibilisation des masses. Elle parvient \u00e0 attirer l&rsquo;attention sur des probl\u00e9matiques qui, sans son intervention, pourraient rester dans l&rsquo;ombre. Les retomb\u00e9es de son engagement se manifestent non seulement par des avanc\u00e9es concr\u00e8tes dans les politiques publiques, mais aussi par une \u00e9volution des mentalit\u00e9s. Son discours, \u00e0 la fois ferme et bienveillant, incite \u00e0 l&rsquo;action collective, \u00e0 la solidarit\u00e9 et \u00e0 la responsabilit\u00e9 individuelle. <\/p>\n<h3>Questions qui font r\u00e9fl\u00e9chir sur l&rsquo;engagement d&rsquo;Estelle Youssouffa<\/h3>\n<p><b>Quel impact a Estelle Youssouffa sur les jeunes g\u00e9n\u00e9rations ?<\/b><br \/>\nElle inspire les jeunes \u00e0 s&rsquo;engager et \u00e0 croire en leur capacit\u00e9 de changement, leur offrant des mod\u00e8les positifs.<\/p>\n<p><b>Comment ses actions influencent-elles le d\u00e9bat public ?<\/b><br \/>\nSes interventions mettent en lumi\u00e8re des sujets n\u00e9glig\u00e9s, suscitant des discussions et des r\u00e9flexions au sein de la soci\u00e9t\u00e9.<\/p>\n<p><b>Est-ce que son engagement a des cons\u00e9quences durables ?<\/b><br \/>\nLes initiatives qu&rsquo;elle soutient cr\u00e9ent des r\u00e9seaux de solidarit\u00e9 et de soutien qui perdurent au-del\u00e0 de son implication directe.<\/p>\n","protected":false},"excerpt":{"rendered":"<p>Play on YouTube Qui est Estelle Youssouffa et quel est son parcours politique ? estelle youssouffa est une figure montante de la sc\u00e8ne politique fran\u00e7aise, connue pour son engagement et son franc-parler. N\u00e9e \u00e0 Mayotte, elle a grandi dans un environnement o\u00f9 les enjeux sociaux et politiques sont omnipr\u00e9sents. Sa carri\u00e8re d\u00e9bute dans le milieu&#8230;<\/p>\n","protected":false},"author":1,"featured_media":1070,"comment_status":"","ping_status":"","sticky":false,"template":"","format":"standard","meta":{"_kad_post_transparent":"","_kad_post_title":"","_kad_post_layout":"","_kad_post_sidebar_id":"","_kad_post_content_style":"","_kad_post_vertical_padding":"","_kad_post_feature":"","_kad_post_feature_position":"","_kad_post_header":false,"_kad_post_footer":false,"_kad_post_classname":"","iawp_total_views":4,"footnotes":""},"categories":[1],"tags":[],"class_list":["post-1069","post","type-post","status-publish","format-standard","has-post-thumbnail","hentry","category-actualites"],"_links":{"self":[{"href":"https:\/\/www.dmoz.fr\/tendances\/wp-json\/wp\/v2\/posts\/1069","targetHints":{"allow":["GET"]}}],"collection":[{"href":"https:\/\/www.dmoz.fr\/tendances\/wp-json\/wp\/v2\/posts"}],"about":[{"href":"https:\/\/www.dmoz.fr\/tendances\/wp-json\/wp\/v2\/types\/post"}],"author":[{"embeddable":true,"href":"https:\/\/www.dmoz.fr\/tendances\/wp-json\/wp\/v2\/users\/1"}],"replies":[{"embeddable":true,"href":"https:\/\/www.dmoz.fr\/tendances\/wp-json\/wp\/v2\/comments?post=1069"}],"version-history":[{"count":0,"href":"https:\/\/www.dmoz.fr\/tendances\/wp-json\/wp\/v2\/posts\/1069\/revisions"}],"wp:featuredmedia":[{"embeddable":true,"href":"https:\/\/www.dmoz.fr\/tendances\/wp-json\/wp\/v2\/media\/1070"}],"wp:attachment":[{"href":"https:\/\/www.dmoz.fr\/tendances\/wp-json\/wp\/v2\/media?parent=1069"}],"wp:term":[{"taxonomy":"category","embeddable":true,"href":"https:\/\/www.dmoz.fr\/tendances\/wp-json\/wp\/v2\/categories?post=1069"},{"taxonomy":"post_tag","embeddable":true,"href":"https:\/\/www.dmoz.fr\/tendances\/wp-json\/wp\/v2\/tags?post=1069"}],"curies":[{"name":"wp","href":"https:\/\/api.w.org\/{rel}","templated":true}]}}