{"id":123,"date":"2025-02-09T22:19:39","date_gmt":"2025-02-09T21:19:39","guid":{"rendered":"https:\/\/www.dmoz.fr\/tendances\/corneille-redecouvrez-le-talent-de-la-legende\/"},"modified":"2025-02-09T22:19:39","modified_gmt":"2025-02-09T21:19:39","slug":"corneille-redecouvrez-le-talent-de-la-legende","status":"publish","type":"post","link":"https:\/\/www.dmoz.fr\/tendances\/corneille-redecouvrez-le-talent-de-la-legende\/","title":{"rendered":"Corneille : red\u00e9couvrez le talent de la l\u00e9gende"},"content":{"rendered":"\n<figure class='wp-block-image size-full'>\n<img width=\"1792\" height=\"1024\" src=\"https:\/\/www.dmoz.fr\/tendances\/wp-content\/uploads\/2025\/02\/Corneille-redecouvrez-le-talent-de-la-legende.png\" class=\"attachment-full size-full\" alt=\"explorez l&#039;\u0153uvre et le g\u00e9nie de corneille, l&#039;un des plus grands dramaturges de la litt\u00e9rature fran\u00e7aise. plongez dans ses pi\u00e8ces embl\u00e9matiques et red\u00e9couvrez le talent exceptionnel qui a marqu\u00e9 le th\u00e9\u00e2tre classique.\" decoding=\"async\" srcset=\"https:\/\/www.dmoz.fr\/tendances\/wp-content\/uploads\/2025\/02\/Corneille-redecouvrez-le-talent-de-la-legende.png 1792w, https:\/\/www.dmoz.fr\/tendances\/wp-content\/uploads\/2025\/02\/Corneille-redecouvrez-le-talent-de-la-legende-300x171.png 300w, https:\/\/www.dmoz.fr\/tendances\/wp-content\/uploads\/2025\/02\/Corneille-redecouvrez-le-talent-de-la-legende-1024x585.png 1024w, https:\/\/www.dmoz.fr\/tendances\/wp-content\/uploads\/2025\/02\/Corneille-redecouvrez-le-talent-de-la-legende-768x439.png 768w, https:\/\/www.dmoz.fr\/tendances\/wp-content\/uploads\/2025\/02\/Corneille-redecouvrez-le-talent-de-la-legende-1536x878.png 1536w\" sizes=\"(max-width: 1792px) 100vw, 1792px\" title=\"\">\n<\/figure>\n\n\n\n<p>Pierre Corneille, souvent surnomm\u00e9 <strong>le Grand Corneille<\/strong>, est ind\u00e9niablement une figure embl\u00e9matique de la litt\u00e9rature fran\u00e7aise. N\u00e9 en 1606 \u00e0 Rouen, cet homme de th\u00e9\u00e2tre a su marquer son \u00e9poque avec des \u0153uvres qui d\u00e9fient encore les \u00e2ges. Ce voyage dans l&rsquo;univers cornelien met en lumi\u00e8re les facettes souvent oubli\u00e9es de son g\u00e9nie dramatique et po\u00e9tique, nous invitant \u00e0 red\u00e9couvrir le talent de ce dramaturge hors pair qui a su faire gronder les c\u0153urs et vibrer les \u00e2mes avec ses pi\u00e8ces magistrales.<\/p>\n\n\n<h2 class=\"wp-block-heading\">Un dramaturge de la bourgeoisie<\/h2>\n\n\n<p>Pierre Corneille est n\u00e9 dans une famille de la <strong>bourgeoisie de robe<\/strong>, digne repr\u00e9sentant d\u2019un monde qu\u2019il connait bien. \u00c9tudiant chez les j\u00e9suites, il se voit d\u2019abord destin\u00e9 \u00e0 une carri\u00e8re d\u2019avocat. Mais qui aurait pu r\u00e9sister \u00e0 l\u2019appel du th\u00e9\u00e2tre ? \u00c0 tout juste 23 ans, il abandonne ses fonctions pour se lancer dans la cr\u00e9ation th\u00e9\u00e2trale, avec <strong>M\u00e9lite<\/strong>, une com\u00e9die qui rencontre un succ\u00e8s retentissant. N&rsquo;est-ce pas l\u00e0 un choix aussi audacieux qu&rsquo;ironique pour quelqu&rsquo;un qui aurait pu savoir la s\u00e9curit\u00e9 et le prestige d&rsquo;un bureau d&rsquo;avocat ?<\/p>\n\n\n<h2 class=\"wp-block-heading\">Le Cid : le d\u00e9but du scandale<\/h2>\n\n\n<p>C\u2019est avec son \u0153uvre <strong>Le Cid<\/strong> que Corneille fait v\u00e9ritablement son entr\u00e9e sur la sc\u00e8ne litt\u00e9raire et, oh surprise, attire l&rsquo;attention tout en d\u00e9clenchant un v\u00e9ritable scandale en 1637. Oui, vraiment ! Qui aurait cru qu&rsquo;un simple m\u00e9lange de passion, d&rsquo;honneur et de duels entre amoureux pouvait \u00e9branler le monde du th\u00e9\u00e2tre ? Les critiques s&rsquo;\u00e9l\u00e8vent, d\u00e9chir\u00e9es entre admiration et indignation, prouvant que chaque triomphe peut engendrer son lot de controverses. Que c&rsquo;est d\u00e9licieux de voir comment un dramaturge peut provoquer de telles vagues, non ?<\/p>\n\n\n<h2 class=\"wp-block-heading\">Les trag\u00e9dies corneliennes : un art de la douleur<\/h2>\n\n\n<p>Corneille a excell\u00e9 dans l\u2019art tragique. Ses pi\u00e8ces comme <strong>Horace<\/strong>, <strong>Cinna<\/strong> ou encore <strong>Polyeucte<\/strong> sont autant d\u2019exemples de sa capacit\u00e9 \u00e0 explorer les passions humaines, la lutte entre l&rsquo;amour et l&rsquo;honneur, ainsi que les souffrances et les choix d\u00e9chirants. Ce talent pour tordre la r\u00e9alit\u00e9 et exposer les rouages complexes du c\u0153ur humain serait \u00e0 tuer un bard sans le faire expr\u00e8s ! Sa capacit\u00e9 \u00e0 ma\u00eetriser le langage et \u00e0 cr\u00e9er des personnages aussi dignes que tourment\u00e9s continue de fasciner aujourd\u2019hui.<\/p>\n\n\n<h2 class=\"wp-block-heading\">Une plong\u00e9e dans la modernit\u00e9<\/h2>\n\n\n<p>Ironiquement, Corneille aurait pu passer pour un conservateur dans sa r\u00e9flexion sur le th\u00e9atre. Dans son <strong>Discours de l&rsquo;utilit\u00e9 et des parties du po\u00e8me dramatique<\/strong>, il \u00e9voque une com\u00e9die fond\u00e9e sur des \u00ab\u00a0actions communes et enjou\u00e9es\u00a0\u00bb se terminant par un mariage heureux. \u00c0 croire que le mariage serait la solution \u00e0 tous les maux ! Mais n&rsquo;oublions pas que derri\u00e8re cette fa\u00e7ade d&rsquo;humour et d&rsquo;optimisme, son \u0153uvre rec\u00e8le d\u00e9j\u00e0 une profondeur qui le lie intrins\u00e8quement \u00e0 la <strong>modernit\u00e9<\/strong> du th\u00e9\u00e2tre.<\/p>\n\n\n<h2 class=\"wp-block-heading\">Une reconnaissance tardive<\/h2>\n\n\n<p>Si Corneille a eu le soutien de m\u00e9c\u00e8nes comme Fouquet, il n\u2019en demeure pas moins que sa reconnaissance n\u2019a pas toujours \u00e9t\u00e9 imm\u00e9diate. D\u2019un homme d\u2019honneur, promis \u00e0 une certaine gloire, il a parfois \u00e9t\u00e9 r\u00e9duit au silence. Heureusement, la post\u00e9rit\u00e9 a su lui accorder les honneurs qu\u2019il m\u00e9rite. Louis XIV lui-m\u00eame finit par le pensionner, le reconnaissant comme le <strong>Prince des auteurs de th\u00e9\u00e2tre<\/strong>. Il est amusant de voir \u00e0 quel point seule une couronne peut faire toute la diff\u00e9rence dans la perception d\u2019un artiste.<\/p>\n\n\n<h2 class=\"wp-block-heading\">Le legs ind\u00e9niable de Pierre Corneille<\/h2>\n\n\n<p>Les si\u00e8cles passent, mais les \u0153uvres de Corneille demeurent des r\u00e9f\u00e9rences incontournables dans le paysage th\u00e9\u00e2tral et litt\u00e9raire fran\u00e7ais. Ses trag\u00e9dies continuent d&rsquo;\u00eatre jou\u00e9es, ses personnages \u00e9tudi\u00e9s, et son influence est palpable chez des dramaturges contemporains. Il va sans dire que sa capacit\u00e9 \u00e0 \u00e9voquer les luttes internes, les dilemmes moraux et la grandeur tragique de l\u2019\u00e2me humaine t\u00e9moignent d\u2019un <strong>h\u00e9ritage<\/strong> artistique exceptionnel. Quoi de plus ironique que de constater qu\u2019un auteur si profond\u00e9ment ancr\u00e9 dans son temps continue \u00e0 r\u00e9sonner aupr\u00e8s des g\u00e9n\u00e9rations futures ?<\/p>\n","protected":false},"excerpt":{"rendered":"<p>Pierre Corneille, souvent surnomm\u00e9 le Grand Corneille, est ind\u00e9niablement une figure embl\u00e9matique de la litt\u00e9rature fran\u00e7aise. N\u00e9 en 1606 \u00e0 Rouen, cet homme de th\u00e9\u00e2tre a su marquer son \u00e9poque avec des \u0153uvres qui d\u00e9fient encore les \u00e2ges. Ce voyage dans l&rsquo;univers cornelien met en lumi\u00e8re les facettes souvent oubli\u00e9es de son g\u00e9nie dramatique et&#8230;<\/p>\n","protected":false},"author":1,"featured_media":124,"comment_status":"","ping_status":"","sticky":false,"template":"","format":"standard","meta":{"_kad_post_transparent":"","_kad_post_title":"","_kad_post_layout":"","_kad_post_sidebar_id":"","_kad_post_content_style":"","_kad_post_vertical_padding":"","_kad_post_feature":"","_kad_post_feature_position":"","_kad_post_header":false,"_kad_post_footer":false,"_kad_post_classname":"","iawp_total_views":0,"footnotes":""},"categories":[1],"tags":[],"class_list":["post-123","post","type-post","status-publish","format-standard","has-post-thumbnail","hentry","category-actualites"],"_links":{"self":[{"href":"https:\/\/www.dmoz.fr\/tendances\/wp-json\/wp\/v2\/posts\/123","targetHints":{"allow":["GET"]}}],"collection":[{"href":"https:\/\/www.dmoz.fr\/tendances\/wp-json\/wp\/v2\/posts"}],"about":[{"href":"https:\/\/www.dmoz.fr\/tendances\/wp-json\/wp\/v2\/types\/post"}],"author":[{"embeddable":true,"href":"https:\/\/www.dmoz.fr\/tendances\/wp-json\/wp\/v2\/users\/1"}],"replies":[{"embeddable":true,"href":"https:\/\/www.dmoz.fr\/tendances\/wp-json\/wp\/v2\/comments?post=123"}],"version-history":[{"count":0,"href":"https:\/\/www.dmoz.fr\/tendances\/wp-json\/wp\/v2\/posts\/123\/revisions"}],"wp:featuredmedia":[{"embeddable":true,"href":"https:\/\/www.dmoz.fr\/tendances\/wp-json\/wp\/v2\/media\/124"}],"wp:attachment":[{"href":"https:\/\/www.dmoz.fr\/tendances\/wp-json\/wp\/v2\/media?parent=123"}],"wp:term":[{"taxonomy":"category","embeddable":true,"href":"https:\/\/www.dmoz.fr\/tendances\/wp-json\/wp\/v2\/categories?post=123"},{"taxonomy":"post_tag","embeddable":true,"href":"https:\/\/www.dmoz.fr\/tendances\/wp-json\/wp\/v2\/tags?post=123"}],"curies":[{"name":"wp","href":"https:\/\/api.w.org\/{rel}","templated":true}]}}