{"id":1307,"date":"2025-02-22T21:52:22","date_gmt":"2025-02-22T20:52:22","guid":{"rendered":"https:\/\/www.dmoz.fr\/tendances\/debut-du-covid\/"},"modified":"2025-02-22T21:52:22","modified_gmt":"2025-02-22T20:52:22","slug":"debut-du-covid","status":"publish","type":"post","link":"https:\/\/www.dmoz.fr\/tendances\/debut-du-covid\/","title":{"rendered":"Le d\u00e9but du covid : r\u00e9v\u00e9lations surprenantes et cons\u00e9quences inattendues"},"content":{"rendered":"<p><\/p>\n<div id='video-container' data-video-id='tsZg06ygmFM' style='width:100%; height:auto; max-width:587px; position: relative;'>\n<div class='image-video-plugin' style='background:url(\"https:\/\/img.youtube.com\/vi\/tsZg06ygmFM\/0.jpg\") center no-repeat; background-size: cover;'><\/div>\n<p>        <span class='youtube-play-button'><\/span><br \/>\n        <noscript><a href=\"https:\/\/www.youtube.com\/watch?v=tsZg06ygmFM\" target=\"_blank\" rel=\"noopener\">Play on YouTube<\/a><\/noscript>\n    <\/div>\n<p><\/p>\n<h2>Origines et premiers cas du d\u00e9but du covid<\/h2>\n<p>Les origines du covid-19, cette maladie qui a boulevers\u00e9 notre quotidien, se situent en Chine, plus pr\u00e9cis\u00e9ment \u00e0 Wuhan, en d\u00e9cembre 2019. Les premiers cas rapport\u00e9s \u00e9taient li\u00e9s \u00e0 un march\u00e9 de fruits de mer o\u00f9 des animaux vivants \u00e9taient \u00e9galement vendus. Ce march\u00e9 est devenu le point de d\u00e9part d&rsquo;une enqu\u00eate \u00e9pid\u00e9miologique qui a r\u00e9v\u00e9l\u00e9 que le virus, nomm\u00e9 SARS-CoV-2, appartenait \u00e0 une famille de virus appel\u00e9e coronavirus. Ces virus sont connus pour leur capacit\u00e9 \u00e0 provoquer des infections respiratoires, allant du rhume banal \u00e0 des maladies plus graves. Les recherches ont montr\u00e9 que le pangolin et la chauve-souris pourraient \u00eatre des r\u00e9servoirs naturels de ce virus, bien que la cha\u00eene de transmission exacte reste encore floue.<\/p>\n<p>Les premiers cas ont \u00e9t\u00e9 d\u00e9tect\u00e9s chez des individus ayant des liens avec le march\u00e9 de Wuhan, mais tr\u00e8s vite, la maladie a commenc\u00e9 \u00e0 se propager au-del\u00e0 des fronti\u00e8res chinoises. En janvier 2020, des cas isol\u00e9s sont apparus dans d&rsquo;autres pays, notamment en Tha\u00eflande et au Japon, des voyageurs ayant r\u00e9cemment s\u00e9journ\u00e9 \u00e0 Wuhan. Cette propagation initiale a suscit\u00e9 des inqui\u00e9tudes au sein de la communaut\u00e9 internationale, incitant l&rsquo;Organisation mondiale de la sant\u00e9 (OMS) \u00e0 organiser des r\u00e9unions d&rsquo;urgence pour \u00e9valuer la situation. Les sympt\u00f4mes, souvent similaires \u00e0 ceux d&rsquo;une grippe, tels que la fi\u00e8vre, la toux et des difficult\u00e9s respiratoires, ont commenc\u00e9 \u00e0 alerter les professionnels de la sant\u00e9.<\/p>\n<p><b>Les premiers cas en dehors de la Chine<\/b> ont \u00e9t\u00e9 un tournant dans la gestion de la pand\u00e9mie. Le 30 janvier 2020, l&rsquo;OMS a d\u00e9clar\u00e9 que le covid-19 constituait une urgence de sant\u00e9 publique de port\u00e9e internationale. Des mesures de quarantaine et de restriction des d\u00e9placements ont \u00e9t\u00e9 mises en place dans plusieurs pays pour tenter de contenir la propagation du virus. Les scientifiques et les chercheurs se sont alors mobilis\u00e9s pour comprendre la nature du virus et d\u00e9velopper des tests de d\u00e9pistage, mais aussi pour initier des recherches sur des traitements potentiels et des vaccins. La mobilisation des \u00e9quipes m\u00e9dicales et des gouvernements a \u00e9t\u00e9 sans pr\u00e9c\u00e9dent, illustrant l&rsquo;ampleur de la menace pos\u00e9e par cette maladie \u00e9mergente.<\/p>\n<h3>Questions br\u00fblantes sur les d\u00e9buts du covid-19<\/h3>\n<p><b>Quels \u00e9taient les premiers sympt\u00f4mes du covid-19 ?<\/b><br \/>\nLes premiers sympt\u00f4mes rapport\u00e9s comprenaient de la fi\u00e8vre, une toux s\u00e8che, des douleurs musculaires, et dans certains cas, des difficult\u00e9s respiratoires.<\/p>\n<p><b>Comment le virus s&rsquo;est-il propag\u00e9 si rapidement ?<\/b><br \/>\nLa propagation rapide du virus est attribu\u00e9e \u00e0 des facteurs tels que les voyages internationaux, la transmission asymptomatique, et le fait que les personnes infect\u00e9es pouvaient transmettre le virus avant m\u00eame de pr\u00e9senter des sympt\u00f4mes.<\/p>\n<p><b>Quelles mesures ont \u00e9t\u00e9 prises pour contenir le virus au d\u00e9but de la pand\u00e9mie ?<\/b><br \/>\nDes mesures de quarantaine, des restrictions de voyage, et la fermeture temporaire de certains lieux publics ont \u00e9t\u00e9 mises en place pour limiter la transmission du virus. Les campagnes d&rsquo;information sur les gestes barri\u00e8res ont \u00e9galement \u00e9t\u00e9 intensifi\u00e9es.<\/p>\n<h2>Impact social et \u00e9conomique au d\u00e9but du covid<\/h2>\n<p>La pand\u00e9mie de covid-19 a provoqu\u00e9 un bouleversement sans pr\u00e9c\u00e9dent dans nos soci\u00e9t\u00e9s. En un claquement de doigts, des milliers d&rsquo;entreprises ont d\u00fb fermer leurs portes, entra\u00eenant une vague de licenciements et une hausse vertigineuse du ch\u00f4mage. Les secteurs du tourisme, de la restauration et de l&rsquo;\u00e9v\u00e9nementiel ont \u00e9t\u00e9 particuli\u00e8rement touch\u00e9s, avec des pertes \u00e9conomiques se chiffrant en milliards d&rsquo;euros. Dans ce contexte, de nombreux travailleurs se sont retrouv\u00e9s dans des situations pr\u00e9caires, les incitant \u00e0 repenser leur mode de vie et leur rapport au travail. La solidarit\u00e9 s&rsquo;est manifest\u00e9e sous diff\u00e9rentes formes, avec des initiatives locales visant \u00e0 soutenir les plus vuln\u00e9rables, comme les distributions alimentaires ou les collectes de fonds. <\/p>\n<p>Sur le plan social, le confinement a mis en lumi\u00e8re des in\u00e9galit\u00e9s pr\u00e9existantes. Les familles \u00e0 faible revenu ont souvent \u00e9t\u00e9 les plus impact\u00e9es, n&rsquo;ayant pas toujours acc\u00e8s \u00e0 un espace de travail ad\u00e9quat ou \u00e0 des ressources num\u00e9riques pour l&rsquo;\u00e9ducation \u00e0 distance. Les enfants issus de milieux d\u00e9favoris\u00e9s ont connu des interruptions scolaires prolong\u00e9es, ce qui pourrait avoir des r\u00e9percussions \u00e0 long terme sur leur avenir. L&rsquo;isolement social a \u00e9galement exacerb\u00e9 des probl\u00e8mes de sant\u00e9 mentale, avec une augmentation des cas d&rsquo;anxi\u00e9t\u00e9 et de d\u00e9pression. Les r\u00e9seaux de soutien communautaire ont alors pris une importance capitale, permettant aux individus de se retrouver, m\u00eame virtuellement, pour partager leurs exp\u00e9riences et s&rsquo;entraider dans cette p\u00e9riode de crise.<\/p>\n<p>Sur le plan \u00e9conomique, les gouvernements ont r\u00e9agi avec des mesures de soutien massives pour tenter de stabiliser l&rsquo;\u00e9conomie. Des plans de relance ont \u00e9t\u00e9 mis en place, allant de l&rsquo;aide aux entreprises \u00e0 des allocations exceptionnelles pour les travailleurs pr\u00e9caires. Ces interventions ont permis de limiter les d\u00e9g\u00e2ts \u00e0 court terme, mais la question de la durabilit\u00e9 de ces aides reste pos\u00e9e. Les entreprises qui ont su s&rsquo;adapter en ligne ont pu tirer leur \u00e9pingle du jeu, tandis que d&rsquo;autres ont sombr\u00e9. Ce tournant vers le num\u00e9rique a \u00e9galement ouvert la voie \u00e0 une nouvelle dynamique de consommation, avec une acc\u00e9l\u00e9ration des achats en ligne et une red\u00e9finition des attentes des consommateurs. La transformation des mod\u00e8les \u00e9conomiques est d\u00e9sormais un enjeu central, tant pour les entreprises que pour les individus, dans un monde en constante \u00e9volution.<\/p>\n<h3>Questions que vous vous posez peut-\u00eatre<\/h3>\n<ul>\n<li><b>Quelles sont les cons\u00e9quences \u00e0 long terme du covid-19 sur l&rsquo;\u00e9conomie mondiale ?<\/b> Les experts s&rsquo;accordent \u00e0 dire que les effets \u00e9conomiques pourraient se faire sentir pendant plusieurs ann\u00e9es, avec des changements dans les cha\u00eenes d&rsquo;approvisionnement et les comportements des consommateurs.<\/li>\n<li><b>Comment les entreprises peuvent-elles s&rsquo;adapter \u00e0 cette nouvelle r\u00e9alit\u00e9 ?<\/b> L&rsquo;innovation et la flexibilit\u00e9 sont essentielles. Les entreprises doivent int\u00e9grer des solutions num\u00e9riques et repenser leurs strat\u00e9gies de march\u00e9.<\/li>\n<li><b>Quel est l&rsquo;impact social de cette crise sur les jeunes g\u00e9n\u00e9rations ?<\/b> Les jeunes sont particuli\u00e8rement vuln\u00e9rables, avec des perspectives d&#8217;emploi incertaines et des d\u00e9fis \u00e9ducatifs \u00e0 surmonter.<\/li>\n<\/ul>\n<h2>R\u00e9actions gouvernementales face au d\u00e9but du covid<\/h2>\n<p>la pand\u00e9mie de covid-19 a suscit\u00e9 des r\u00e9actions vari\u00e9es de la part des gouvernements \u00e0 travers le monde. Dans les premiers mois de 2020, la plupart des pays ont \u00e9t\u00e9 pris de court, confront\u00e9s \u00e0 un virus dont la propagation rapide a engendr\u00e9 une crise sanitaire sans pr\u00e9c\u00e9dent. Les mesures initiales ont souvent consist\u00e9 en des recommandations, comme le lavage des mains et la distanciation sociale, mais rapidement, des d\u00e9cisions plus strictes ont \u00e9t\u00e9 mises en place. Le confinement a \u00e9t\u00e9 l&rsquo;une des premi\u00e8res mesures radicales adopt\u00e9es, visant \u00e0 limiter les interactions sociales et \u00e0 freiner la transmission du virus. La France, par exemple, a instaur\u00e9 un confinement national \u00e0 partir du 17 mars 2020, entra\u00eenant la fermeture des \u00e9coles, des commerces non essentiels et la limitation des d\u00e9placements.<\/p>\n<p>la communication gouvernementale a \u00e9galement jou\u00e9 un r\u00f4le cl\u00e9 dans la gestion de la crise. Les conf\u00e9rences de presse quotidiennes ont \u00e9t\u00e9 instaur\u00e9es pour informer la population des derni\u00e8res \u00e9volutions, mais aussi pour expliquer les raisons des d\u00e9cisions prises. Cependant, cette transparence a parfois \u00e9t\u00e9 remise en question. Les changements fr\u00e9quents des directives, souvent per\u00e7us comme contradictoires, ont suscit\u00e9 la confusion et l&rsquo;inqui\u00e9tude parmi la population. Les gouvernements ont d\u00fb jongler entre la n\u00e9cessit\u00e9 de prot\u00e9ger la sant\u00e9 publique et celle de maintenir une certaine stabilit\u00e9 sociale et \u00e9conomique. Les aides financi\u00e8res et les mesures de soutien aux entreprises ont \u00e9t\u00e9 mises en place pour att\u00e9nuer les cons\u00e9quences \u00e9conomiques du confinement, mais l&rsquo;efficacit\u00e9 de ces mesures a vari\u00e9 d&rsquo;un pays \u00e0 l&rsquo;autre.<\/p>\n<p>les r\u00e9actions ont aussi r\u00e9v\u00e9l\u00e9 des disparit\u00e9s dans les capacit\u00e9s de r\u00e9ponse des diff\u00e9rents \u00c9tats. Tandis que certains pays ont rapidement mis en \u0153uvre des tests massifs et des campagnes de vaccination, d&rsquo;autres ont pein\u00e9 \u00e0 s&rsquo;organiser, provoquant des critiques sur la gestion de la crise. Par ailleurs, la question des libert\u00e9s individuelles face \u00e0 des mesures jug\u00e9es exceptionnelles est devenue un sujet de d\u00e9bat public. La n\u00e9cessit\u00e9 de prot\u00e9ger la sant\u00e9 des citoyens a-t-elle justifi\u00e9 des atteintes \u00e0 certaines libert\u00e9s ? Ce dilemme \u00e9thique a aliment\u00e9 les discussions et parfois les manifestations. Ainsi, les gouvernements ont d\u00fb naviguer entre l&rsquo;urgence sanitaire et le respect des droits fondamentaux, une t\u00e2che d&rsquo;autant plus complexe dans un climat de m\u00e9fiance envers les institutions.<\/p>\n<h3>Questions br\u00fblantes sur les r\u00e9ponses gouvernementales<\/h3>\n<ul>\n<li><b>Comment les gouvernements ont-ils g\u00e9r\u00e9 la communication autour du covid-19 ?<\/b><\/li>\n<li><b>Quelles mesures de soutien \u00e9conomique ont \u00e9t\u00e9 mises en place ?<\/b><\/li>\n<li><b>Les r\u00e9actions des citoyens face aux restrictions \u00e9taient-elles uniformes ?<\/b><\/li>\n<li><b>Quel impact les d\u00e9cisions gouvernementales ont-elles eu sur la sant\u00e9 mentale de la population ?<\/b><\/li>\n<\/ul>\n","protected":false},"excerpt":{"rendered":"<p>Play on YouTube Origines et premiers cas du d\u00e9but du covid Les origines du covid-19, cette maladie qui a boulevers\u00e9 notre quotidien, se situent en Chine, plus pr\u00e9cis\u00e9ment \u00e0 Wuhan, en d\u00e9cembre 2019. Les premiers cas rapport\u00e9s \u00e9taient li\u00e9s \u00e0 un march\u00e9 de fruits de mer o\u00f9 des animaux vivants \u00e9taient \u00e9galement vendus. Ce march\u00e9&#8230;<\/p>\n","protected":false},"author":1,"featured_media":1308,"comment_status":"","ping_status":"","sticky":false,"template":"","format":"standard","meta":{"_kad_post_transparent":"","_kad_post_title":"","_kad_post_layout":"","_kad_post_sidebar_id":"","_kad_post_content_style":"","_kad_post_vertical_padding":"","_kad_post_feature":"","_kad_post_feature_position":"","_kad_post_header":false,"_kad_post_footer":false,"_kad_post_classname":"","iawp_total_views":0,"footnotes":""},"categories":[1],"tags":[],"class_list":["post-1307","post","type-post","status-publish","format-standard","has-post-thumbnail","hentry","category-actualites"],"_links":{"self":[{"href":"https:\/\/www.dmoz.fr\/tendances\/wp-json\/wp\/v2\/posts\/1307","targetHints":{"allow":["GET"]}}],"collection":[{"href":"https:\/\/www.dmoz.fr\/tendances\/wp-json\/wp\/v2\/posts"}],"about":[{"href":"https:\/\/www.dmoz.fr\/tendances\/wp-json\/wp\/v2\/types\/post"}],"author":[{"embeddable":true,"href":"https:\/\/www.dmoz.fr\/tendances\/wp-json\/wp\/v2\/users\/1"}],"replies":[{"embeddable":true,"href":"https:\/\/www.dmoz.fr\/tendances\/wp-json\/wp\/v2\/comments?post=1307"}],"version-history":[{"count":0,"href":"https:\/\/www.dmoz.fr\/tendances\/wp-json\/wp\/v2\/posts\/1307\/revisions"}],"wp:featuredmedia":[{"embeddable":true,"href":"https:\/\/www.dmoz.fr\/tendances\/wp-json\/wp\/v2\/media\/1308"}],"wp:attachment":[{"href":"https:\/\/www.dmoz.fr\/tendances\/wp-json\/wp\/v2\/media?parent=1307"}],"wp:term":[{"taxonomy":"category","embeddable":true,"href":"https:\/\/www.dmoz.fr\/tendances\/wp-json\/wp\/v2\/categories?post=1307"},{"taxonomy":"post_tag","embeddable":true,"href":"https:\/\/www.dmoz.fr\/tendances\/wp-json\/wp\/v2\/tags?post=1307"}],"curies":[{"name":"wp","href":"https:\/\/api.w.org\/{rel}","templated":true}]}}