{"id":159,"date":"2025-02-09T22:34:26","date_gmt":"2025-02-09T21:34:26","guid":{"rendered":"https:\/\/www.dmoz.fr\/tendances\/balavoine-hommage-a-licone-francaise-et-son-heritage-musical\/"},"modified":"2025-02-09T22:34:26","modified_gmt":"2025-02-09T21:34:26","slug":"balavoine-hommage-a-licone-francaise-et-son-heritage-musical","status":"publish","type":"post","link":"https:\/\/www.dmoz.fr\/tendances\/balavoine-hommage-a-licone-francaise-et-son-heritage-musical\/","title":{"rendered":"Balavoine : hommage \u00e0 l&rsquo;ic\u00f4ne fran\u00e7aise et son h\u00e9ritage musical"},"content":{"rendered":"\n<figure class='wp-block-image size-full'>\n<img width=\"1792\" height=\"1024\" src=\"https:\/\/www.dmoz.fr\/tendances\/wp-content\/uploads\/2025\/02\/Balavoine-hommage-a-licone-francaise-et-son-heritage-musical.png\" class=\"attachment-full size-full\" alt=\"d\u00e9couvrez l&#039;hommage vibrant \u00e0 daniel balavoine, ic\u00f4ne embl\u00e9matique de la chanson fran\u00e7aise, et plongez dans son h\u00e9ritage musical in\u00e9gal\u00e9 qui continue d&#039;inspirer des g\u00e9n\u00e9rations. explorez ses \u0153uvres intemporelles et l&#039;impact de son message engag\u00e9.\" decoding=\"async\" srcset=\"https:\/\/www.dmoz.fr\/tendances\/wp-content\/uploads\/2025\/02\/Balavoine-hommage-a-licone-francaise-et-son-heritage-musical.png 1792w, https:\/\/www.dmoz.fr\/tendances\/wp-content\/uploads\/2025\/02\/Balavoine-hommage-a-licone-francaise-et-son-heritage-musical-300x171.png 300w, https:\/\/www.dmoz.fr\/tendances\/wp-content\/uploads\/2025\/02\/Balavoine-hommage-a-licone-francaise-et-son-heritage-musical-1024x585.png 1024w, https:\/\/www.dmoz.fr\/tendances\/wp-content\/uploads\/2025\/02\/Balavoine-hommage-a-licone-francaise-et-son-heritage-musical-768x439.png 768w, https:\/\/www.dmoz.fr\/tendances\/wp-content\/uploads\/2025\/02\/Balavoine-hommage-a-licone-francaise-et-son-heritage-musical-1536x878.png 1536w\" sizes=\"(max-width: 1792px) 100vw, 1792px\" title=\"\">\n<\/figure>\n\n\n\n<p>Daniel Balavoine, v\u00e9ritable <strong>ic\u00f4ne<\/strong> de la chanson fran\u00e7aise, continue de faire vibrer les c\u0153urs et d\u2019inspirer les g\u00e9n\u00e9rations, m\u00eame pr\u00e8s de quarante ans apr\u00e8s sa mort. En c\u00e9l\u00e9brant non seulement sa musique mais aussi son engagement, des artistes se sont r\u00e9unis \u00e0 Biarritz, sa ville natale, pour rendre hommage \u00e0 cet immense talent. Cet article explore l\u2019impact incroyable de Balavoine sur la sc\u00e8ne musicale fran\u00e7aise ainsi que la r\u00e9sonance de son h\u00e9ritage \u00e0 travers les \u00e2ges.<\/p>\n\n\n<h2 class=\"wp-block-heading\">Retour sur une carri\u00e8re embl\u00e9matique<\/h2>\n\n\n<p>Daniel Balavoine n&rsquo;\u00e9tait pas qu&rsquo;un simple chanteur ; il \u00e9tait un <strong>musicien<\/strong> engag\u00e9, touchant des th\u00e9matiques soci\u00e9tales qui r\u00e9sonnent encore aujourd&rsquo;hui. Entre ses balades poignantes et des critiques sociales acerbes, Balavoine r\u00e9ussissait le tour de force de marier l&rsquo;art \u00e0 un v\u00e9ritable message. Sa voix puissante et ses compositions r\u00e9fl\u00e9chies ont marqu\u00e9 l\u2019esprit de toute une g\u00e9n\u00e9ration, prouvant que la chanson pouvait \u00eatre un vecteur important de <strong>changement<\/strong>.<\/p>\n\n\n<h3 class=\"wp-block-heading\">Les concerts m\u00e9morables<\/h3>\n\n\n<p>Ses concerts, souvent d\u00e9crits comme des exp\u00e9riences quasi spirituelles, rassemblaient des milliers de fans, tous unis par la profondeur de ses textes. Aujourd&rsquo;hui encore, l\u2019\u00e9cho de ses plus grands tubes, comme \u00ab\u00a0L&rsquo;Aziza\u00a0\u00bb et \u00ab\u00a0Le Chanteur\u00a0\u00bb, r\u00e9sonne dans les m\u00e9moires collectives, rappelant \u00e0 chacun pourquoi il est devenu une figure si embl\u00e9matique. Ses chansons sont si profond\u00e9ment ancr\u00e9es dans notre culture qu&rsquo;elles sont reprises par de nombreux artistes contemporains, prouvant ainsi que son \u0153uvre est loin d\u2019\u00eatre <strong>obsol\u00e8te<\/strong>.<\/p>\n\n\n<h2 class=\"wp-block-heading\">Des hommages qui perdurent<\/h2>\n\n\n<p>Le rendez-vous culturel de Biarritz a r\u00e9cemment attir\u00e9 l\u2019attention, avec une large gamme d\u2019artistes rendant hommage \u00e0 Balavoine. L\u2019\u00e9mission sp\u00e9ciale intitul\u00e9e <strong>\u00ab\u00a0Une journ\u00e9e avec Balavoine\u00a0\u00bb<\/strong>, diffus\u00e9e sur France 3, offre un aper\u00e7u fascinant de l\u2019h\u00e9ritage de ce chanteur. En repla\u00e7ant ses \u0153uvres dans le contexte actuel, les artistes rappellent \u00e0 quel point ses messages sont toujours d\u2019actualit\u00e9, \u00e9voquant l\u2019importance de la <strong>lutte sociale<\/strong> et de la compassion.<\/p>\n\n\n<h3 class=\"wp-block-heading\">Une c\u00e9l\u00e9bration musicale artistique<\/h3>\n\n\n<p>R\u00e9unissant pr\u00e8s d&rsquo;une vingtaine d&rsquo;artistes talentueux, cet hommage a certainement permis \u00e0 chacun de renouer avec son <strong>h\u00e9ritage musical<\/strong>, cr\u00e9ant ainsi un pont entre les g\u00e9n\u00e9rations. En parcourant la discographie de Balavoine, il semble presque in\u00e9luctable de constater que sa musique transporte bien au-del\u00e0 du simple divertissement. Chaque chanson reste un <strong>appel \u00e0 l&rsquo;action<\/strong>, une r\u00e9flexion sur notre soci\u00e9t\u00e9 et un miroir de nos \u00e9motions. La journ\u00e9e \u00e0 Biarritz a permis de raviver cette flamme et de rappeler \u00e0 tous que Balavoine est non seulement un nom, mais un v\u00e9ritable \u00e9tat d&rsquo;esprit.<\/p>\n\n\n<h2 class=\"wp-block-heading\">Un artiste qui inspire encore<\/h2>\n\n\n<p>Pr\u00e8s de quarante ans apr\u00e8s sa disparition, l\u2019impact de Balavoine ne faiblit pas. La <strong>r\u00e9sonance de sa musique<\/strong> sur des g\u00e9n\u00e9rations d&rsquo;artistes t\u00e9moigne de la force de ses messages. Que ce soit par le biais de festivals, d\u2019hommages en direct ou m\u00eame d&rsquo;albums retra\u00e7ant ses \u0153uvres, son h\u00e9ritage continue de s\u2019enrichir. Le r\u00e9cent album hommage, par exemple, a \u00e9t\u00e9 soigneusement \u00e9labor\u00e9, avec des reprises qui rendent hommage \u00e0 son style tout en l&rsquo;interpr\u00e9tant \u00e0 travers le prisme de la modernit\u00e9.<\/p>\n\n\n<h3 class=\"wp-block-heading\">La magie de la m\u00e9moire collective<\/h3>\n\n\n<p>Sans aucun doute, Daniel Balavoine a su cr\u00e9er une m\u00e9moire &#8211; une m\u00e9moire collective, direz-vous. Ses chansons sont un socle sur lequel de nombreux artistes contemporains b\u00e2tissent leurs propres \u0153uvres. \u00c0 l\u2019heure o\u00f9 le monde musical est en perp\u00e9tuelle \u00e9volution, Balavoine reste cette <strong>boussole<\/strong> authentique, dirigeant les artistes vers un contenu qui a du sens, chose essentielle dans cette \u00e8re de consommation \u00e9ph\u00e9m\u00e8re. Pour plus d&rsquo;informations sur les r\u00e9cents hommages, visitez <a href=\"https:\/\/www.france.tv\/spectacles-et-culture\/musique-pop-rock-electro\/6703352-une-journee-avec-balavoine.html\" rel=\"nofollow noopener\" target=\"_blank\">France.TV<\/a>.<\/p>\n\n\n<h2 class=\"wp-block-heading\">Conclusion sur l&rsquo;h\u00e9ritage inalt\u00e9rable de Balavoine<\/h2>\n\n\n<p>Le legs de Balavoine va bien au-del\u00e0 de ses compositions ; il incarne un id\u00e9al, un mouvement. Son engagement artistiquement exprim\u00e9 continuera d&rsquo;inspirer, d\u2019interroger et de faire du bruit longtemps apr\u00e8s. Le 6 d\u00e9cembre 2024 marquait une \u00e9tape importante avec des hommages comme \u00ab\u00a0Une journ\u00e9e avec Balavoine\u00a0\u00bb, rendez-vous \u00e0 ne pas manquer pour c\u00e9l\u00e9brer cette <strong>l\u00e9gende populaire<\/strong>.<\/p>\n","protected":false},"excerpt":{"rendered":"<p>Daniel Balavoine, v\u00e9ritable ic\u00f4ne de la chanson fran\u00e7aise, continue de faire vibrer les c\u0153urs et d\u2019inspirer les g\u00e9n\u00e9rations, m\u00eame pr\u00e8s de quarante ans apr\u00e8s sa mort. En c\u00e9l\u00e9brant non seulement sa musique mais aussi son engagement, des artistes se sont r\u00e9unis \u00e0 Biarritz, sa ville natale, pour rendre hommage \u00e0 cet immense talent. Cet article&#8230;<\/p>\n","protected":false},"author":1,"featured_media":160,"comment_status":"","ping_status":"","sticky":false,"template":"","format":"standard","meta":{"_kad_post_transparent":"","_kad_post_title":"","_kad_post_layout":"","_kad_post_sidebar_id":"","_kad_post_content_style":"","_kad_post_vertical_padding":"","_kad_post_feature":"","_kad_post_feature_position":"","_kad_post_header":false,"_kad_post_footer":false,"_kad_post_classname":"","iawp_total_views":2,"footnotes":""},"categories":[1],"tags":[],"class_list":["post-159","post","type-post","status-publish","format-standard","has-post-thumbnail","hentry","category-actualites"],"_links":{"self":[{"href":"https:\/\/www.dmoz.fr\/tendances\/wp-json\/wp\/v2\/posts\/159","targetHints":{"allow":["GET"]}}],"collection":[{"href":"https:\/\/www.dmoz.fr\/tendances\/wp-json\/wp\/v2\/posts"}],"about":[{"href":"https:\/\/www.dmoz.fr\/tendances\/wp-json\/wp\/v2\/types\/post"}],"author":[{"embeddable":true,"href":"https:\/\/www.dmoz.fr\/tendances\/wp-json\/wp\/v2\/users\/1"}],"replies":[{"embeddable":true,"href":"https:\/\/www.dmoz.fr\/tendances\/wp-json\/wp\/v2\/comments?post=159"}],"version-history":[{"count":0,"href":"https:\/\/www.dmoz.fr\/tendances\/wp-json\/wp\/v2\/posts\/159\/revisions"}],"wp:featuredmedia":[{"embeddable":true,"href":"https:\/\/www.dmoz.fr\/tendances\/wp-json\/wp\/v2\/media\/160"}],"wp:attachment":[{"href":"https:\/\/www.dmoz.fr\/tendances\/wp-json\/wp\/v2\/media?parent=159"}],"wp:term":[{"taxonomy":"category","embeddable":true,"href":"https:\/\/www.dmoz.fr\/tendances\/wp-json\/wp\/v2\/categories?post=159"},{"taxonomy":"post_tag","embeddable":true,"href":"https:\/\/www.dmoz.fr\/tendances\/wp-json\/wp\/v2\/tags?post=159"}],"curies":[{"name":"wp","href":"https:\/\/api.w.org\/{rel}","templated":true}]}}