{"id":1695,"date":"2025-02-25T09:56:13","date_gmt":"2025-02-25T08:56:13","guid":{"rendered":"https:\/\/www.dmoz.fr\/tendances\/gerard-darel\/"},"modified":"2025-02-25T09:56:13","modified_gmt":"2025-02-25T08:56:13","slug":"gerard-darel","status":"publish","type":"post","link":"https:\/\/www.dmoz.fr\/tendances\/gerard-darel\/","title":{"rendered":"Gerard Darel : l&rsquo;\u00e9l\u00e9gance intemporelle au c\u0153ur de la mode fran\u00e7aise"},"content":{"rendered":"<p><\/p>\n<div id='video-container' data-video-id='KXfXY_Ekzp8' style='width:100%; height:auto; max-width:587px; position: relative;'>\n<div class='image-video-plugin' style='background:url(\"https:\/\/img.youtube.com\/vi\/KXfXY_Ekzp8\/0.jpg\") center no-repeat; background-size: cover;'><\/div>\n<p>        <span class='youtube-play-button'><\/span><br \/>\n        <noscript><a href=\"https:\/\/www.youtube.com\/watch?v=KXfXY_Ekzp8\" target=\"_blank\" rel=\"noopener\">Play on YouTube<\/a><\/noscript>\n    <\/div>\n<p><\/p>\n<h2>Gerard Darel : l&rsquo;\u00e9l\u00e9gance intemporelle incarn\u00e9e<\/h2>\n<p>l&rsquo;univers de G\u00e9rard Darel \u00e9voque une sophistication discr\u00e8te, une approche de la mode qui transcende les tendances \u00e9ph\u00e9m\u00e8res. Chaque pi\u00e8ce de cette marque fran\u00e7aise incarne un savoir-faire artisanal, fusionnant habilement tradition et modernit\u00e9. Les cr\u00e9ations, qu&rsquo;il s&rsquo;agisse de v\u00eatements ou d&rsquo;accessoires, refl\u00e8tent une esth\u00e9tique sobre mais raffin\u00e9e, permettant \u00e0 chaque femme de se sentir unique tout en embrassant une \u00e9l\u00e9gance naturelle. Les coupes sont pens\u00e9es pour flatter la silhouette, tandis que les mati\u00e8res choisies, souvent nobles comme la laine ou la soie, ajoutent une dimension de confort qui ne sacrifie jamais le style. Les couleurs neutres et les imprim\u00e9s d\u00e9licats s&rsquo;int\u00e8grent parfaitement dans toute garde-robe, rendant chaque pi\u00e8ce facilement associable pour des occasions vari\u00e9es.<\/p>\n<p>les collections de G\u00e9rard Darel se distinguent par une certaine intemporalit\u00e9, chaque cr\u00e9ation ayant \u00e9t\u00e9 con\u00e7ue pour r\u00e9sister \u00e0 l&rsquo;\u00e9preuve du temps. Les lignes \u00e9pur\u00e9es et les d\u00e9tails subtils t\u00e9moignent d&rsquo;une attention m\u00e9ticuleuse port\u00e9e \u00e0 chaque aspect de la conception. Que ce soit un trench-coat classique ou une robe chic, chaque article invite \u00e0 la red\u00e9couverte \u00e0 travers les saisons. La marque sait \u00e9galement jouer avec les tendances contemporaines sans jamais en devenir esclave, permettant ainsi \u00e0 ses clientes d&rsquo;affirmer leur personnalit\u00e9 tout en restant fid\u00e8les \u00e0 un style qui leur est propre. Les sacs embl\u00e9matiques, par exemple, allient fonctionnalit\u00e9 et esth\u00e9tique, devenant des pi\u00e8ces ma\u00eetresses de la mode tout en restant pratiques pour le quotidien.<\/p>\n<h3>Questions et r\u00e9ponses sur G\u00e9rard Darel<\/h3>\n<p><b>Quels sont les \u00e9l\u00e9ments cl\u00e9s du style G\u00e9rard Darel ?<\/b><br \/>\nle style G\u00e9rard Darel se caract\u00e9rise par des coupes \u00e9l\u00e9gantes, des mati\u00e8res de qualit\u00e9 et une palette de couleurs neutres, permettant une grande polyvalence.<\/p>\n<p><b>Les cr\u00e9ations de G\u00e9rard Darel sont-elles adapt\u00e9es \u00e0 toutes les morphologies ?<\/b><br \/>\noui, les v\u00eatements sont con\u00e7us pour flatter diff\u00e9rentes silhouettes, mettant en avant la beaut\u00e9 naturelle de chaque femme.<\/p>\n<p><b>Comment int\u00e9grer les pi\u00e8ces G\u00e9rard Darel dans sa garde-robe quotidienne ?<\/b><br \/>\nil suffit de combiner les pi\u00e8ces avec des basiques pour un look chic et d\u00e9contract\u00e9, tout en ajoutant des accessoires pour personnaliser le style.<\/p>\n<p><b>O\u00f9 trouver les collections de G\u00e9rard Darel ?<\/b><br \/>\nles collections sont disponibles dans les boutiques de la marque, ainsi que sur des plateformes de vente en ligne sp\u00e9cialis\u00e9es.<\/p>\n<h2>Les pi\u00e8ces phares de Gerard Darel \u00e0 adopter absolument<\/h2>\n<p>la marque Gerard Darel, c&rsquo;est un peu comme une chanson qui reste dans la t\u00eate, une m\u00e9lodie intemporelle qui s&rsquo;invite dans notre dressing. Chaque pi\u00e8ce est un hommage \u00e0 la femme moderne, celle qui jongle entre \u00e9l\u00e9gance et praticit\u00e9. Parmi les incontournables, on trouve sans conteste le fameux <b>blouson en cuir<\/b>. Ce dernier se porte aussi bien avec une robe l\u00e9g\u00e8re qu&rsquo;avec un jean d\u00e9contract\u00e9, apportant une touche rock \u00e0 n&rsquo;importe quelle tenue. Les d\u00e9tails subtils, comme les zips et les coutures, en font un v\u00eatement \u00e0 la fois chic et audacieux. <\/p>\n<p>ensuite, impossible de passer \u00e0 c\u00f4t\u00e9 de la <b>robe midi<\/b>, v\u00e9ritable symbole de f\u00e9minit\u00e9. Sa coupe fluide et ses imprim\u00e9s d\u00e9licats offrent une silhouette \u00e0 la fois raffin\u00e9e et confortable. Que ce soit pour un brunch entre amis ou une soir\u00e9e \u00e9l\u00e9gante, elle s&rsquo;adapte \u00e0 toutes les occasions. Pour compl\u00e9ter ce tableau, les <b>sacs en cuir<\/b> de Gerard Darel se distinguent par leur qualit\u00e9 et leur esth\u00e9tique. Leurs lignes \u00e9pur\u00e9es et leurs couleurs douces font d&rsquo;eux des accessoires indispensables. Chaque pi\u00e8ce de cette marque incarne un savoir-faire unique, une attention aux d\u00e9tails qui fait toute la diff\u00e9rence.<\/p>\n<h3>Questions fr\u00e9quentes sur les pi\u00e8ces Gerard Darel<\/h3>\n<p><b>Quels sont les tissus utilis\u00e9s par Gerard Darel ?<\/b><br \/>\nla marque privil\u00e9gie des mati\u00e8res de haute qualit\u00e9, souvent naturelles comme le coton, la laine ou le cuir. Cela garantit non seulement le confort, mais aussi la durabilit\u00e9 des pi\u00e8ces.<\/p>\n<p><b>Comment entretenir un blouson en cuir Gerard Darel ?<\/b><br \/>\npour pr\u00e9server la beaut\u00e9 de votre blouson, un nettoyage r\u00e9gulier avec un chiffon doux et un produit sp\u00e9cifique pour cuir est recommand\u00e9. \u00c9vitez l&rsquo;exposition prolong\u00e9e au soleil pour pr\u00e9venir la d\u00e9coloration.<\/p>\n<p><b>Les robes Gerard Darel taillent-elles normalement ?<\/b><br \/>\noui, en g\u00e9n\u00e9ral, les robes de la marque suivent les tailles standards. Il est conseill\u00e9 de consulter le guide des tailles disponible sur leur site pour un ajustement parfait.<\/p>\n<p><b>Peut-on porter les pi\u00e8ces Gerard Darel en toutes saisons ?<\/b><br \/>\ncertaines pi\u00e8ces, comme les blousons en cuir et les robes midi, sont polyvalentes et peuvent \u00eatre adapt\u00e9es selon les saisons avec des accessoires appropri\u00e9s.<\/p>\n","protected":false},"excerpt":{"rendered":"<p>Play on YouTube Gerard Darel : l&rsquo;\u00e9l\u00e9gance intemporelle incarn\u00e9e l&rsquo;univers de G\u00e9rard Darel \u00e9voque une sophistication discr\u00e8te, une approche de la mode qui transcende les tendances \u00e9ph\u00e9m\u00e8res. Chaque pi\u00e8ce de cette marque fran\u00e7aise incarne un savoir-faire artisanal, fusionnant habilement tradition et modernit\u00e9. Les cr\u00e9ations, qu&rsquo;il s&rsquo;agisse de v\u00eatements ou d&rsquo;accessoires, refl\u00e8tent une esth\u00e9tique sobre mais&#8230;<\/p>\n","protected":false},"author":1,"featured_media":1696,"comment_status":"","ping_status":"","sticky":false,"template":"","format":"standard","meta":{"_kad_post_transparent":"","_kad_post_title":"","_kad_post_layout":"","_kad_post_sidebar_id":"","_kad_post_content_style":"","_kad_post_vertical_padding":"","_kad_post_feature":"","_kad_post_feature_position":"","_kad_post_header":false,"_kad_post_footer":false,"_kad_post_classname":"","iawp_total_views":3,"footnotes":""},"categories":[1],"tags":[],"class_list":["post-1695","post","type-post","status-publish","format-standard","has-post-thumbnail","hentry","category-actualites"],"_links":{"self":[{"href":"https:\/\/www.dmoz.fr\/tendances\/wp-json\/wp\/v2\/posts\/1695","targetHints":{"allow":["GET"]}}],"collection":[{"href":"https:\/\/www.dmoz.fr\/tendances\/wp-json\/wp\/v2\/posts"}],"about":[{"href":"https:\/\/www.dmoz.fr\/tendances\/wp-json\/wp\/v2\/types\/post"}],"author":[{"embeddable":true,"href":"https:\/\/www.dmoz.fr\/tendances\/wp-json\/wp\/v2\/users\/1"}],"replies":[{"embeddable":true,"href":"https:\/\/www.dmoz.fr\/tendances\/wp-json\/wp\/v2\/comments?post=1695"}],"version-history":[{"count":0,"href":"https:\/\/www.dmoz.fr\/tendances\/wp-json\/wp\/v2\/posts\/1695\/revisions"}],"wp:featuredmedia":[{"embeddable":true,"href":"https:\/\/www.dmoz.fr\/tendances\/wp-json\/wp\/v2\/media\/1696"}],"wp:attachment":[{"href":"https:\/\/www.dmoz.fr\/tendances\/wp-json\/wp\/v2\/media?parent=1695"}],"wp:term":[{"taxonomy":"category","embeddable":true,"href":"https:\/\/www.dmoz.fr\/tendances\/wp-json\/wp\/v2\/categories?post=1695"},{"taxonomy":"post_tag","embeddable":true,"href":"https:\/\/www.dmoz.fr\/tendances\/wp-json\/wp\/v2\/tags?post=1695"}],"curies":[{"name":"wp","href":"https:\/\/api.w.org\/{rel}","templated":true}]}}