{"id":189,"date":"2025-02-09T22:46:54","date_gmt":"2025-02-09T21:46:54","guid":{"rendered":"https:\/\/www.dmoz.fr\/tendances\/valentin-dhoore-portrait-dun-sportif-engage\/"},"modified":"2025-02-09T22:46:54","modified_gmt":"2025-02-09T21:46:54","slug":"valentin-dhoore-portrait-dun-sportif-engage","status":"publish","type":"post","link":"https:\/\/www.dmoz.fr\/tendances\/valentin-dhoore-portrait-dun-sportif-engage\/","title":{"rendered":"Valentin D&rsquo;hoore : portrait d&rsquo;un sportif engag\u00e9"},"content":{"rendered":"\n<figure class='wp-block-image size-full'>\n<img width=\"1792\" height=\"1024\" src=\"https:\/\/www.dmoz.fr\/tendances\/wp-content\/uploads\/2025\/02\/Valentin-Dhoore-portrait-dun-sportif-engage.png\" class=\"attachment-full size-full\" alt=\"d\u00e9couvrez le portrait inspirant de valentin d&#039;hoore, un sportif engag\u00e9 qui allie passion et d\u00e9vouement. explorez son parcours, ses valeurs et son impact sur le monde du sport \u00e0 travers ses actions philanthropiques et son engagement envers des causes sociales.\" decoding=\"async\" srcset=\"https:\/\/www.dmoz.fr\/tendances\/wp-content\/uploads\/2025\/02\/Valentin-Dhoore-portrait-dun-sportif-engage.png 1792w, https:\/\/www.dmoz.fr\/tendances\/wp-content\/uploads\/2025\/02\/Valentin-Dhoore-portrait-dun-sportif-engage-300x171.png 300w, https:\/\/www.dmoz.fr\/tendances\/wp-content\/uploads\/2025\/02\/Valentin-Dhoore-portrait-dun-sportif-engage-1024x585.png 1024w, https:\/\/www.dmoz.fr\/tendances\/wp-content\/uploads\/2025\/02\/Valentin-Dhoore-portrait-dun-sportif-engage-768x439.png 768w, https:\/\/www.dmoz.fr\/tendances\/wp-content\/uploads\/2025\/02\/Valentin-Dhoore-portrait-dun-sportif-engage-1536x878.png 1536w\" sizes=\"(max-width: 1792px) 100vw, 1792px\" title=\"\">\n<\/figure>\n\n\n\n<p>Au-del\u00e0 des \u00e9crans et des comp\u00e9titions, <strong>Valentin D&rsquo;hoore<\/strong> se distingue comme un v\u00e9ritable champion de l&rsquo;engagement athl\u00e9tique. Ancien participant de l&rsquo;\u00e9mission culte Koh Lanta, il a su allier sa passion pour le sport \u00e0 une qu\u00eate profonde de responsabilit\u00e9 sociale. Cet article explore son parcours inspirant, sa pr\u00e9paration marathonienne et son r\u00f4le dans la communaut\u00e9.<\/p>\n\n\n<h2 class=\"wp-block-heading\">D&rsquo;un aventurier \u00e0 un athl\u00e8te engag\u00e9<\/h2>\n\n\n<p>Qui aurait cru qu\u2019un jeune homme de 20 ans, d\u00e9cid\u00e9 \u00e0 se faire conna\u00eetre, serait propuls\u00e9 sous les projecteurs gr\u00e2ce \u00e0 une aventure t\u00e9l\u00e9vis\u00e9e comme <strong>Koh Lanta<\/strong> ? Valentin a su tirer profit de cette exp\u00e9rience pour construire une audience fid\u00e8le. Mais attention, ce n&rsquo;est pas seulement une star \u00e9ph\u00e9m\u00e8re ! En r\u00e9alit\u00e9, son parcours va bien au-del\u00e0 du simple divertissement. En effet, il a transform\u00e9 sa notori\u00e9t\u00e9 en plateforme pour d\u00e9fendre des causes qui lui tiennent \u00e0 c\u0153ur, prouvant ainsi que les sportifs peuvent \u00eatre bien plus que de simples athl\u00e8tes.<\/p>\n\n\n<h2 class=\"wp-block-heading\">Un marathon et un message d&rsquo;espoir<\/h2>\n\n\n<p>Pr\u00e9parer un marathon repr\u00e9sente d\u00e9j\u00e0 un sacr\u00e9 d\u00e9fi, mais quand on le fait dans un esprit d&rsquo;engagement, cela prend une toute autre dimension. L&rsquo;histoire de Valentin est l&rsquo;illustration parfaite de cette ambition. Lors de son entra\u00eenement pour le <strong>Marathon de Paris 2023<\/strong>, il a partag\u00e9 qu\u2019il ne s&rsquo;agissait pas seulement de courir, mais de sensibiliser le public \u00e0 des enjeux cruciaux. Comment ne pas sourire en l&rsquo;imaginant, courant pour le plaisir tout en lan\u00e7ant des discussions sur l\u2019environnement ou les d\u00e9fis soci\u00e9taux actuels ? Si cela n&rsquo;est pas le summum de l&rsquo;ironie, que reste-t-il ?<\/p>\n\n\n<h2 class=\"wp-block-heading\">Courir pour la plan\u00e8te<\/h2>\n\n\n<p>Dans un monde o\u00f9 les super-h\u00e9ros sont souvent des personnages de fiction, Valentin nous rappelle que les v\u00e9ritables h\u00e9ros peuvent \u00eatre des sportifs engag\u00e9s. Sa participation \u00e0 des \u00e9v\u00e9nements \u00e9coresponsables le place sur un pi\u00e9destal, aux c\u00f4t\u00e9s d&rsquo;autres sportifs qui tentent avec force de prot\u00e9ger notre plan\u00e8te. Leurs voix r\u00e9sonnent autour d\u2019initiatives comme celles du <a href=\"https:\/\/ecolosport.fr\/blog\/2021\/11\/05\/top-10-des-sportifs-francais-engages-pour-la-protection-de-lenvironnement\/\" target=\"_blank\" rel=\"nofollow noopener\">top des sportifs engag\u00e9s pour la protection de l&rsquo;environnement<\/a>. Qui aurait cru qu&rsquo;un marathonien pouvait avoir un impact aussi direct sur l\u2019opinion publique ? Valentin fait, en effet, partie de cette nouvelle g\u00e9n\u00e9ration qui prend ces enjeux \u00e0 bras le corps !<\/p>\n\n\n<h2 class=\"wp-block-heading\">L&rsquo;amour, le sport et le divorce<\/h2>\n\n\n<p>On ne peut pas parler de Valentin sans \u00e9voquer son mariage avec la danseuse Katrina Patchett. Le couple a enchant\u00e9 les t\u00e9l\u00e9spectateurs, mais, comme dans bien des histoires d&rsquo;amour, les contes de f\u00e9es ne finissent pas toujours par des \u00ab\u00a0ils v\u00e9curent heureux\u00a0\u00bb. Leur s\u00e9paration a fait couler beaucoup d&rsquo;encre, comme le rappelle <a href=\"https:\/\/www.msn.com\/fr-fr\/divertissement\/celebrites\/on-ne-se-supportait-plus-katrina-patchett-divorc%C3%A9e-de-valentin-d-hoore-elle-fait-des-r%C3%A9v%C3%A9lations-in%C3%A9dites-trois-ans-plus-tard\/ar-BB1jqeCM\" target=\"_blank\" rel=\"nofollow noopener\">cette r\u00e9v\u00e9lation<\/a>. Ironiquement, un couple qui illustre la beaut\u00e9 du sport peut aussi l&rsquo;\u00eatre dans ses blessures. Mais qui aurait pr\u00e9vu que les athl\u00e8tes, souvent vus comme des mod\u00e8les, seraient eux aussi touch\u00e9s par les drames \u00e9motionnels ?<\/p>\n\n\n<h2 class=\"wp-block-heading\">Une promesse d&rsquo;avenir<\/h2>\n\n\n<p>Alors, que r\u00e9serve l&rsquo;avenir pour Valentin D&rsquo;hoore ? Est-ce que nous le verrons monter sur la sc\u00e8ne des champions, ou se battre pour une cause encore plus grande ? Peut-\u00eatre que le v\u00e9ritable d\u00e9fi de Valentin ne r\u00e9side pas seulement dans ses performances en course, mais dans sa capacit\u00e9 \u00e0 rester un phare d&rsquo;espoir pour les jeunes athl\u00e8tes et sportives. Entre ses engagements sportifs et ses d\u00e9boires personnels, il n&rsquo;oublie jamais de c\u00f4toyer son audience sur <a href=\"https:\/\/www.facebook.com\/valentin.dhoore\/\" target=\"_blank\" rel=\"nofollow noopener\">Facebook<\/a>, partageant un instantan\u00e9 de sa vie. Qui a dit que le m\u00e9lange entre vie professionnelle et personnelle n\u2019\u00e9tait pas un excellent moyen de toucher les c\u0153urs ?<\/p>\n","protected":false},"excerpt":{"rendered":"<p>Au-del\u00e0 des \u00e9crans et des comp\u00e9titions, Valentin D&rsquo;hoore se distingue comme un v\u00e9ritable champion de l&rsquo;engagement athl\u00e9tique. Ancien participant de l&rsquo;\u00e9mission culte Koh Lanta, il a su allier sa passion pour le sport \u00e0 une qu\u00eate profonde de responsabilit\u00e9 sociale. Cet article explore son parcours inspirant, sa pr\u00e9paration marathonienne et son r\u00f4le dans la communaut\u00e9&#8230;.<\/p>\n","protected":false},"author":1,"featured_media":190,"comment_status":"","ping_status":"","sticky":false,"template":"","format":"standard","meta":{"_kad_post_transparent":"","_kad_post_title":"","_kad_post_layout":"","_kad_post_sidebar_id":"","_kad_post_content_style":"","_kad_post_vertical_padding":"","_kad_post_feature":"","_kad_post_feature_position":"","_kad_post_header":false,"_kad_post_footer":false,"_kad_post_classname":"","iawp_total_views":34,"footnotes":""},"categories":[1],"tags":[],"class_list":["post-189","post","type-post","status-publish","format-standard","has-post-thumbnail","hentry","category-actualites"],"_links":{"self":[{"href":"https:\/\/www.dmoz.fr\/tendances\/wp-json\/wp\/v2\/posts\/189","targetHints":{"allow":["GET"]}}],"collection":[{"href":"https:\/\/www.dmoz.fr\/tendances\/wp-json\/wp\/v2\/posts"}],"about":[{"href":"https:\/\/www.dmoz.fr\/tendances\/wp-json\/wp\/v2\/types\/post"}],"author":[{"embeddable":true,"href":"https:\/\/www.dmoz.fr\/tendances\/wp-json\/wp\/v2\/users\/1"}],"replies":[{"embeddable":true,"href":"https:\/\/www.dmoz.fr\/tendances\/wp-json\/wp\/v2\/comments?post=189"}],"version-history":[{"count":0,"href":"https:\/\/www.dmoz.fr\/tendances\/wp-json\/wp\/v2\/posts\/189\/revisions"}],"wp:featuredmedia":[{"embeddable":true,"href":"https:\/\/www.dmoz.fr\/tendances\/wp-json\/wp\/v2\/media\/190"}],"wp:attachment":[{"href":"https:\/\/www.dmoz.fr\/tendances\/wp-json\/wp\/v2\/media?parent=189"}],"wp:term":[{"taxonomy":"category","embeddable":true,"href":"https:\/\/www.dmoz.fr\/tendances\/wp-json\/wp\/v2\/categories?post=189"},{"taxonomy":"post_tag","embeddable":true,"href":"https:\/\/www.dmoz.fr\/tendances\/wp-json\/wp\/v2\/tags?post=189"}],"curies":[{"name":"wp","href":"https:\/\/api.w.org\/{rel}","templated":true}]}}