{"id":1907,"date":"2025-02-26T10:18:01","date_gmt":"2025-02-26T09:18:01","guid":{"rendered":"https:\/\/www.dmoz.fr\/tendances\/claire-chazal-enfant\/"},"modified":"2025-02-26T10:18:01","modified_gmt":"2025-02-26T09:18:01","slug":"claire-chazal-enfant","status":"publish","type":"post","link":"https:\/\/www.dmoz.fr\/tendances\/claire-chazal-enfant\/","title":{"rendered":"Claire Chazal enfant : d\u00e9couvrez les secrets de son enfance fascinante !"},"content":{"rendered":"<p><\/p>\n<div id='video-container' data-video-id='Z_EBrwTxgbU' style='width:100%; height:auto; max-width:587px; position: relative;'>\n<div class='image-video-plugin' style='background:url(\"https:\/\/img.youtube.com\/vi\/Z_EBrwTxgbU\/0.jpg\") center no-repeat; background-size: cover;'><\/div>\n<p>        <span class='youtube-play-button'><\/span><br \/>\n        <noscript><a href=\"https:\/\/www.youtube.com\/watch?v=Z_EBrwTxgbU\" target=\"_blank\" rel=\"noopener\">Play on YouTube<\/a><\/noscript>\n    <\/div>\n<p><\/p>\n<h2>Claire Chazal enfant : les souvenirs d&rsquo;une enfance marqu\u00e9e par la t\u00e9l\u00e9vision<\/h2>\n<p>Claire Chazal, figure embl\u00e9matique du journalisme fran\u00e7ais, a vu son enfance teint\u00e9e par la magie de la t\u00e9l\u00e9vision. \u00c0 l&rsquo;\u00e9poque, ce petit \u00e9cran fascinait les jeunes esprits, et pour Claire, il \u00e9tait bien plus qu&rsquo;un simple objet de divertissement. Les soir\u00e9es pass\u00e9es devant des \u00e9missions de vari\u00e9t\u00e9s ou des reportages d&rsquo;actualit\u00e9 ont forg\u00e9 son amour pour l&rsquo;information. Elle se souvient de ces moments o\u00f9, captiv\u00e9e par les pr\u00e9sentateurs, elle r\u00eavait d&rsquo;un jour \u00eatre celle qui tiendrait les r\u00eanes d&rsquo;une \u00e9mission. Les images, les sons, tout cela formait un univers o\u00f9 elle pouvait s&rsquo;\u00e9vader, apprendre et s&rsquo;\u00e9merveiller. Claire n&rsquo;\u00e9tait pas seulement spectatrice ; elle \u00e9tait en qu\u00eate d&rsquo;histoires, de r\u00e9cits qui fa\u00e7onnaient sa vision du monde. <\/p>\n<p>Les souvenirs de cette p\u00e9riode sont empreints de tendresse et de fascination. La t\u00e9l\u00e9vision, avec ses lumi\u00e8res vives et ses r\u00e9cits envo\u00fbtants, a marqu\u00e9 son enfance de mani\u00e8re ind\u00e9l\u00e9bile. Les personnages de l&rsquo;\u00e9cran, qu&rsquo;ils soient journalistes, acteurs ou animateurs, ont laiss\u00e9 une empreinte sur son imagination. \u00c0 cette \u00e9poque, chaque \u00e9mission \u00e9tait une aventure, un voyage \u00e0 travers des cultures et des histoires diverses. <b>Les h\u00e9ros de son enfance<\/b> n&rsquo;\u00e9taient pas seulement des figures fictives, mais des mod\u00e8les de r\u00e9ussite et d&rsquo;engagement. Claire Chazal a grandi dans un environnement o\u00f9 la t\u00e9l\u00e9vision \u00e9tait omnipr\u00e9sente, un compagnon de route qui l&rsquo;a aid\u00e9e \u00e0 se construire. Cette p\u00e9riode a sans aucun doute nourri sa passion pour le journalisme et lui a permis de d\u00e9velopper son sens critique et son go\u00fbt pour l&rsquo;excellence.<\/p>\n<h3>Questions qui vous trottent dans la t\u00eate ?<\/h3>\n<ul>\n<li>Quels programmes ont marqu\u00e9 l&rsquo;enfance de Claire Chazal ?<\/li>\n<li>Comment la t\u00e9l\u00e9vision a-t-elle influenc\u00e9 sa carri\u00e8re ?<\/li>\n<li>Y a-t-il des anecdotes particuli\u00e8res de son enfance li\u00e9es \u00e0 la t\u00e9l\u00e9vision ?<\/li>\n<\/ul>\n<h2>Les influences de l&rsquo;enfance de Claire Chazal sur sa carri\u00e8re m\u00e9diatique<\/h2>\n<p>L\u2019enfance de Claire Chazal a fa\u00e7onn\u00e9 son parcours m\u00e9diatique de mani\u00e8re ind\u00e9niable. N\u00e9e \u00e0 Paris, elle a grandi dans un milieu intellectuel o\u00f9 la culture et l&rsquo;\u00e9ducation \u00e9taient omnipr\u00e9sentes. Ce contexte familial a nourri sa curiosit\u00e9, l&rsquo;incitant \u00e0 s\u2019int\u00e9resser aux mots et \u00e0 l\u2019information d\u00e8s son plus jeune \u00e2ge. Ses parents, issus d&rsquo;un milieu cultiv\u00e9, ont probablement jou\u00e9 un r\u00f4le pr\u00e9pond\u00e9rant dans son \u00e9veil aux enjeux soci\u00e9taux et aux \u00e9v\u00e9nements marquants de l&rsquo;actualit\u00e9. Claire a ainsi d\u00e9velopp\u00e9 un sens aigu de l&rsquo;observation et une capacit\u00e9 \u00e0 analyser les situations, des comp\u00e9tences qui lui seraient pr\u00e9cieuses dans le monde du journalisme. Enfant, elle a \u00e9t\u00e9 expos\u00e9e \u00e0 des discussions anim\u00e9es, ce qui a cultiv\u00e9 son esprit critique et son aisance \u00e0 s&rsquo;exprimer en public. Ces premi\u00e8res influences ont \u00e9t\u00e9 des pierres angulaires dans sa carri\u00e8re, lui permettant d\u2019acqu\u00e9rir une certaine l\u00e9gitimit\u00e9 dans le milieu m\u00e9diatique.<\/p>\n<p>L\u2019\u00e9cole, lieu d\u2019apprentissage et de socialisation, a \u00e9galement contribu\u00e9 \u00e0 sa formation. Claire Chazal, en tant qu\u2019\u00e9l\u00e8ve, a toujours \u00e9t\u00e9 attir\u00e9e par les mati\u00e8res litt\u00e9raires et les arts. Cette passion pour la communication s&rsquo;est r\u00e9v\u00e9l\u00e9e \u00e0 travers ses participations \u00e0 des projets scolaires et des activit\u00e9s th\u00e9\u00e2trales. Ce go\u00fbt pour la sc\u00e8ne et l\u2019expression orale s\u2019est traduit plus tard dans sa mani\u00e8re de pr\u00e9senter l\u2019actualit\u00e9, apportant une touche personnelle \u00e0 son style. En outre, son int\u00e9r\u00eat pour la litt\u00e9rature l\u2019a aid\u00e9e \u00e0 d\u00e9velopper un vocabulaire riche, ce qui lui permet de captiver son auditoire. L&rsquo;enfance de Claire, riche en exp\u00e9riences formatrices, a donc jou\u00e9 un r\u00f4le crucial dans sa capacit\u00e9 \u00e0 naviguer dans le monde m\u00e9diatique, lui conf\u00e9rant cette aura qui la caract\u00e9rise aujourd&rsquo;hui.<\/p>\n<h3>Questions que vous vous posez peut-\u00eatre<\/h3>\n<ul>\n<li><b>Quel impact l&rsquo;\u00e9ducation a-t-elle eu sur sa carri\u00e8re ?<\/b> Son milieu familial et scolaire a cultiv\u00e9 sa curiosit\u00e9 et son esprit critique.<\/li>\n<li><b>Comment son enfance a-t-elle influenc\u00e9 son style de pr\u00e9sentation ?<\/b> Ses exp\u00e9riences th\u00e9\u00e2trales et litt\u00e9raires ont enrichi sa mani\u00e8re de communiquer.<\/li>\n<li><b>Quelles valeurs a-t-elle retenues de son enfance ?<\/b> L&rsquo;importance de l&rsquo;information et le go\u00fbt du partage des connaissances.<\/li>\n<\/ul>\n","protected":false},"excerpt":{"rendered":"<p>Play on YouTube Claire Chazal enfant : les souvenirs d&rsquo;une enfance marqu\u00e9e par la t\u00e9l\u00e9vision Claire Chazal, figure embl\u00e9matique du journalisme fran\u00e7ais, a vu son enfance teint\u00e9e par la magie de la t\u00e9l\u00e9vision. \u00c0 l&rsquo;\u00e9poque, ce petit \u00e9cran fascinait les jeunes esprits, et pour Claire, il \u00e9tait bien plus qu&rsquo;un simple objet de divertissement. Les&#8230;<\/p>\n","protected":false},"author":1,"featured_media":1908,"comment_status":"","ping_status":"","sticky":false,"template":"","format":"standard","meta":{"_kad_post_transparent":"","_kad_post_title":"","_kad_post_layout":"","_kad_post_sidebar_id":"","_kad_post_content_style":"","_kad_post_vertical_padding":"","_kad_post_feature":"","_kad_post_feature_position":"","_kad_post_header":false,"_kad_post_footer":false,"_kad_post_classname":"","iawp_total_views":0,"footnotes":""},"categories":[1],"tags":[],"class_list":["post-1907","post","type-post","status-publish","format-standard","has-post-thumbnail","hentry","category-actualites"],"_links":{"self":[{"href":"https:\/\/www.dmoz.fr\/tendances\/wp-json\/wp\/v2\/posts\/1907","targetHints":{"allow":["GET"]}}],"collection":[{"href":"https:\/\/www.dmoz.fr\/tendances\/wp-json\/wp\/v2\/posts"}],"about":[{"href":"https:\/\/www.dmoz.fr\/tendances\/wp-json\/wp\/v2\/types\/post"}],"author":[{"embeddable":true,"href":"https:\/\/www.dmoz.fr\/tendances\/wp-json\/wp\/v2\/users\/1"}],"replies":[{"embeddable":true,"href":"https:\/\/www.dmoz.fr\/tendances\/wp-json\/wp\/v2\/comments?post=1907"}],"version-history":[{"count":0,"href":"https:\/\/www.dmoz.fr\/tendances\/wp-json\/wp\/v2\/posts\/1907\/revisions"}],"wp:featuredmedia":[{"embeddable":true,"href":"https:\/\/www.dmoz.fr\/tendances\/wp-json\/wp\/v2\/media\/1908"}],"wp:attachment":[{"href":"https:\/\/www.dmoz.fr\/tendances\/wp-json\/wp\/v2\/media?parent=1907"}],"wp:term":[{"taxonomy":"category","embeddable":true,"href":"https:\/\/www.dmoz.fr\/tendances\/wp-json\/wp\/v2\/categories?post=1907"},{"taxonomy":"post_tag","embeddable":true,"href":"https:\/\/www.dmoz.fr\/tendances\/wp-json\/wp\/v2\/tags?post=1907"}],"curies":[{"name":"wp","href":"https:\/\/api.w.org\/{rel}","templated":true}]}}