{"id":1911,"date":"2025-02-26T10:33:27","date_gmt":"2025-02-26T09:33:27","guid":{"rendered":"https:\/\/www.dmoz.fr\/tendances\/michel-cymes-covid\/"},"modified":"2025-02-26T10:33:27","modified_gmt":"2025-02-26T09:33:27","slug":"michel-cymes-covid","status":"publish","type":"post","link":"https:\/\/www.dmoz.fr\/tendances\/michel-cymes-covid\/","title":{"rendered":"Michel Cymes face au Covid : r\u00e9v\u00e9lations surprenantes et conseils in\u00e9dits"},"content":{"rendered":"<p><\/p>\n<div id='video-container' data-video-id='wd97dykEEmU' style='width:100%; height:auto; max-width:587px; position: relative;'>\n<div class='image-video-plugin' style='background:url(\"https:\/\/img.youtube.com\/vi\/wd97dykEEmU\/0.jpg\") center no-repeat; background-size: cover;'><\/div>\n<p>        <span class='youtube-play-button'><\/span><br \/>\n        <noscript><a href=\"https:\/\/www.youtube.com\/watch?v=wd97dykEEmU\" target=\"_blank\" rel=\"noopener\">Play on YouTube<\/a><\/noscript>\n    <\/div>\n<p><\/p>\n<h2>Michel Cymes face au Covid : l&rsquo;homme de la sant\u00e9 en premi\u00e8re ligne<\/h2>\n<p>Michel Cymes, figure embl\u00e9matique de la sant\u00e9 en France, a vu son r\u00f4le se transformer radicalement avec l&rsquo;arriv\u00e9e du Covid-19. En premi\u00e8re ligne, il a d\u00fb jongler entre la communication et la p\u00e9dagogie pour expliquer les enjeux sanitaires \u00e0 un public souvent inquiet. Sa pr\u00e9sence dans les m\u00e9dias a \u00e9t\u00e9 un phare, \u00e9clairant les incertitudes et apportant des r\u00e9ponses aux interrogations l\u00e9gitimes des Fran\u00e7ais. Avec son style accessible et son ton rassurant, Cymes a su d\u00e9crypter la complexit\u00e9 de la crise, que ce soit \u00e0 travers des \u00e9missions t\u00e9l\u00e9vis\u00e9es ou des interventions sur les r\u00e9seaux sociaux. Il a abord\u00e9 des th\u00e8mes comme la vaccination, les gestes barri\u00e8res et l&rsquo;importance de suivre les recommandations des autorit\u00e9s sanitaires. Ce travail d\u2019information a \u00e9t\u00e9 crucial pour \u00e9viter la d\u00e9sinformation et rassurer la population, tout en apportant une touche d\u2019humanit\u00e9 \u00e0 des messages parfois techniques.<\/p>\n<p><b>Les d\u00e9fis auxquels Michel Cymes a d\u00fb faire face<\/b> sont multiples. D&rsquo;une part, il a d\u00fb g\u00e9rer la pression m\u00e9diatique tout en maintenant son int\u00e9grit\u00e9 et sa cr\u00e9dibilit\u00e9. Les critiques n&rsquo;ont pas manqu\u00e9, tant sur ses choix de communication que sur ses interventions. D&rsquo;autre part, il a d\u00fb s\u2019adapter \u00e0 une situation en constante \u00e9volution, o\u00f9 les connaissances scientifiques \u00e9voluaient jour apr\u00e8s jour. Cela a n\u00e9cessit\u00e9 une grande r\u00e9activit\u00e9 et une capacit\u00e9 \u00e0 synth\u00e9tiser l&rsquo;information pour la rendre compr\u00e9hensible. Par ailleurs, Cymes a \u00e9galement mis en lumi\u00e8re l&rsquo;importance du dialogue entre les professionnels de sant\u00e9 et le grand public. Il a encourag\u00e9 une approche collaborative, soulignant que chacun a un r\u00f4le \u00e0 jouer dans la lutte contre la pand\u00e9mie. \u00c0 travers ses interventions, il a non seulement inform\u00e9, mais aussi mobilis\u00e9 les citoyens autour d&rsquo;une cause commune, faisant de lui un acteur incontournable de la sant\u00e9 publique durant cette p\u00e9riode in\u00e9dite.<\/p>\n<h3>Questions fr\u00e9quentes sur Michel Cymes et son r\u00f4le pendant la pand\u00e9mie<\/h3>\n<p><b>Quelle a \u00e9t\u00e9 la principale contribution de Michel Cymes durant la crise du Covid-19 ?<\/b><br \/>\nCymes a principalement contribu\u00e9 \u00e0 l\u2019information et \u00e0 la sensibilisation du public sur les enjeux sanitaires li\u00e9s \u00e0 la pand\u00e9mie, en d\u00e9cryptant les informations scientifiques et en promouvant les gestes barri\u00e8res.<\/p>\n<p><b>Comment Michel Cymes a-t-il adapt\u00e9 son message au public ?<\/b><br \/>\nIl a utilis\u00e9 un langage accessible, en \u00e9vitant le jargon m\u00e9dical et en s\u2019appuyant sur des exemples concrets pour que chacun puisse comprendre les enjeux de sant\u00e9 publique.<\/p>\n<p><b>Quelles critiques a-t-il re\u00e7ues durant cette p\u00e9riode ?<\/b><br \/>\nCertaines critiques concernaient ses choix de communication, notamment en ce qui concerne le ton et la mani\u00e8re de pr\u00e9senter les informations, mais il a su maintenir une ligne directrice claire et rassurante.<\/p>\n<p><b>Michel Cymes a-t-il eu des interactions avec d&rsquo;autres professionnels de sant\u00e9 ?<\/b><br \/>\nOui, il a souvent collabor\u00e9 avec d&rsquo;autres experts pour enrichir ses interventions et apporter des r\u00e9ponses pr\u00e9cises et vari\u00e9es aux questions du public.<\/p>\n<p><b>Quel impact a eu son travail sur la perception de la sant\u00e9 publique ?<\/b><br \/>\nSon travail a contribu\u00e9 \u00e0 renforcer la confiance du public envers les recommandations sanitaires, en mettant en avant l\u2019importance de la solidarit\u00e9 et de la responsabilit\u00e9 individuelle dans la lutte contre le virus.<\/p>\n<h2>D\u00e9cryptage des interventions de Michel Cymes sur la pand\u00e9mie de Covid<\/h2>\n<p>Michel Cymes, ce visage familier du petit \u00e9cran, a su se rendre indispensable durant la crise sanitaire mondiale. Sa mani\u00e8re d\u2019aborder la pand\u00e9mie de Covid-19, \u00e0 la fois p\u00e9dagogique et accessible, a permis de d\u00e9mystifier les enjeux de cette maladie complexe. \u00c0 travers ses interventions, il a toujours cherch\u00e9 \u00e0 r\u00e9pondre aux pr\u00e9occupations des Fran\u00e7ais, en expliquant les gestes barri\u00e8res et les recommandations sanitaires avec une clart\u00e9 d\u00e9concertante. Ce qui le distingue, c&rsquo;est sa capacit\u00e9 \u00e0 vulgariser des informations scientifiques, transformant des termes techniques en concepts compr\u00e9hensibles pour le grand public. En partageant des anecdotes personnelles et en utilisant un ton rassurant, il a su instaurer un climat de confiance, essentiel dans une p\u00e9riode marqu\u00e9e par l\u2019incertitude.<\/p>\n<p>Les interventions de Michel Cymes ne se sont pas limit\u00e9es \u00e0 des simples mises \u00e0 jour sur l\u2019\u00e9volution de la pand\u00e9mie. Il a \u00e9galement abord\u00e9 les effets psychologiques du confinement et des mesures restrictives, soulignant l\u2019importance de prendre soin de sa sant\u00e9 mentale. \u00c0 travers des \u00e9missions sp\u00e9ciales, il a invit\u00e9 des experts \u00e0 d\u00e9battre des enjeux de la vaccination, de l\u2019impact des fausses informations et de la n\u00e9cessit\u00e9 d\u2019une communication transparente. Pour lui, il \u00e9tait primordial que chacun puisse avoir acc\u00e8s \u00e0 des informations fiables, loin des rumeurs qui circulaient sur les r\u00e9seaux sociaux. Cette volont\u00e9 de d\u00e9samorcer les peurs a fait de lui une figure rassurante, un peu comme un m\u00e9decin de famille qui r\u00e9pond aux inqui\u00e9tudes avec bienveillance.<\/p>\n<h3>Questions br\u00fblantes sur les interventions de Michel Cymes<\/h3>\n<ul>\n<li><b>Pourquoi Michel Cymes est-il devenu une r\u00e9f\u00e9rence durant la pand\u00e9mie ?<\/b> Son approche simple et directe a permis d&rsquo;informer le public sans cr\u00e9er de panique.<\/li>\n<li><b>Comment a-t-il abord\u00e9 le sujet de la vaccination ?<\/b> Il a encourag\u00e9 le dialogue, en r\u00e9pondant aux doutes et en expliquant les b\u00e9n\u00e9fices de se faire vacciner.<\/li>\n<li><b>Quelles strat\u00e9gies a-t-il utilis\u00e9es pour toucher un large public ?<\/b> En combinant humour et s\u00e9rieux, il a r\u00e9ussi \u00e0 capter l\u2019attention tout en informant efficacement.<\/li>\n<li><b>Quel r\u00f4le a jou\u00e9 la sant\u00e9 mentale dans ses interventions ?<\/b> Il a soulign\u00e9 l&rsquo;importance de prendre soin de soi, en abordant les enjeux psychologiques du confinement.<\/li>\n<\/ul>\n","protected":false},"excerpt":{"rendered":"<p>Play on YouTube Michel Cymes face au Covid : l&rsquo;homme de la sant\u00e9 en premi\u00e8re ligne Michel Cymes, figure embl\u00e9matique de la sant\u00e9 en France, a vu son r\u00f4le se transformer radicalement avec l&rsquo;arriv\u00e9e du Covid-19. En premi\u00e8re ligne, il a d\u00fb jongler entre la communication et la p\u00e9dagogie pour expliquer les enjeux sanitaires \u00e0&#8230;<\/p>\n","protected":false},"author":1,"featured_media":1912,"comment_status":"","ping_status":"","sticky":false,"template":"","format":"standard","meta":{"_kad_post_transparent":"","_kad_post_title":"","_kad_post_layout":"","_kad_post_sidebar_id":"","_kad_post_content_style":"","_kad_post_vertical_padding":"","_kad_post_feature":"","_kad_post_feature_position":"","_kad_post_header":false,"_kad_post_footer":false,"_kad_post_classname":"","iawp_total_views":9,"footnotes":""},"categories":[1],"tags":[],"class_list":["post-1911","post","type-post","status-publish","format-standard","has-post-thumbnail","hentry","category-actualites"],"_links":{"self":[{"href":"https:\/\/www.dmoz.fr\/tendances\/wp-json\/wp\/v2\/posts\/1911","targetHints":{"allow":["GET"]}}],"collection":[{"href":"https:\/\/www.dmoz.fr\/tendances\/wp-json\/wp\/v2\/posts"}],"about":[{"href":"https:\/\/www.dmoz.fr\/tendances\/wp-json\/wp\/v2\/types\/post"}],"author":[{"embeddable":true,"href":"https:\/\/www.dmoz.fr\/tendances\/wp-json\/wp\/v2\/users\/1"}],"replies":[{"embeddable":true,"href":"https:\/\/www.dmoz.fr\/tendances\/wp-json\/wp\/v2\/comments?post=1911"}],"version-history":[{"count":0,"href":"https:\/\/www.dmoz.fr\/tendances\/wp-json\/wp\/v2\/posts\/1911\/revisions"}],"wp:featuredmedia":[{"embeddable":true,"href":"https:\/\/www.dmoz.fr\/tendances\/wp-json\/wp\/v2\/media\/1912"}],"wp:attachment":[{"href":"https:\/\/www.dmoz.fr\/tendances\/wp-json\/wp\/v2\/media?parent=1911"}],"wp:term":[{"taxonomy":"category","embeddable":true,"href":"https:\/\/www.dmoz.fr\/tendances\/wp-json\/wp\/v2\/categories?post=1911"},{"taxonomy":"post_tag","embeddable":true,"href":"https:\/\/www.dmoz.fr\/tendances\/wp-json\/wp\/v2\/tags?post=1911"}],"curies":[{"name":"wp","href":"https:\/\/api.w.org\/{rel}","templated":true}]}}