{"id":2103,"date":"2025-02-27T10:05:33","date_gmt":"2025-02-27T09:05:33","guid":{"rendered":"https:\/\/www.dmoz.fr\/tendances\/accident-bus-noisy-le-grand\/"},"modified":"2025-02-27T10:05:33","modified_gmt":"2025-02-27T09:05:33","slug":"accident-bus-noisy-le-grand","status":"publish","type":"post","link":"https:\/\/www.dmoz.fr\/tendances\/accident-bus-noisy-le-grand\/","title":{"rendered":"Accident de bus \u00e0 Noisy-le-Grand : que s&rsquo;est-il vraiment pass\u00e9 ?"},"content":{"rendered":"<p><\/p>\n<div id='video-container' data-video-id='tZr0x2I-wP4' style='width:100%; height:auto; max-width:587px; position: relative;'>\n<div class='image-video-plugin' style='background:url(\"https:\/\/img.youtube.com\/vi\/tZr0x2I-wP4\/0.jpg\") center no-repeat; background-size: cover;'><\/div>\n<p>        <span class='youtube-play-button'><\/span><br \/>\n        <noscript><a href=\"https:\/\/www.youtube.com\/watch?v=tZr0x2I-wP4\" target=\"_blank\" rel=\"noopener\">Play on YouTube<\/a><\/noscript>\n    <\/div>\n<p><\/p>\n<h2>les circonstances de l&rsquo;accident de bus \u00e0 noisy le grand<\/h2>\n<p>L&rsquo;accident de bus survenu \u00e0 Noisy-le-Grand a suscit\u00e9 une grande attention et des \u00e9motions vives dans la communaut\u00e9. Ce jour-l\u00e0, un bus de la ligne 207 a percut\u00e9 un v\u00e9hicule particulier \u00e0 une intersection tr\u00e8s fr\u00e9quent\u00e9e. Les premi\u00e8res enqu\u00eates indiquent que le bus circulait \u00e0 une vitesse mod\u00e9r\u00e9e, respectant les limitations en vigueur. Cependant, la configuration de l&rsquo;intersection, souvent jug\u00e9e complexe par les usagers, a pu jouer un r\u00f4le significatif dans la survenue de l&rsquo;accident. La visibilit\u00e9 y \u00e9tait limit\u00e9e, ce qui a conduit \u00e0 une situation o\u00f9 le conducteur du bus n&rsquo;a pas pu anticiper la pr\u00e9sence du v\u00e9hicule qui traversait, cr\u00e9ant ainsi un choc in\u00e9vitable.<\/p>\n<p>Les circonstances entourant cet \u00e9v\u00e9nement tragique sont \u00e9galement marqu\u00e9es par les conditions m\u00e9t\u00e9orologiques du jour. Le ciel \u00e9tait couvert, et des pluies l\u00e9g\u00e8res avaient \u00e9t\u00e9 signal\u00e9es quelques heures avant l&rsquo;accident. Les routes \u00e9taient donc potentiellement glissantes, augmentant le risque de perte de contr\u00f4le pour les conducteurs. De plus, le t\u00e9moignage des passants \u00e9voque un moment de confusion, avec plusieurs pi\u00e9tons attendant de traverser, ajoutant au chaos ambiant. Les sir\u00e8nes des secours, qui ont rapidement r\u00e9agi, ont r\u00e9sonn\u00e9 dans les rues, marquant le d\u00e9but d&rsquo;une mobilisation importante pour secourir les bless\u00e9s et \u00e9tablir les faits.<\/p>\n<p>Il est crucial de mentionner que des enqu\u00eates approfondies ont \u00e9t\u00e9 lanc\u00e9es pour d\u00e9terminer les responsabilit\u00e9s et les causes exactes de l&rsquo;accident. La municipalit\u00e9 de Noisy-le-Grand a annonc\u00e9 qu&rsquo;elle collaborerait avec les autorit\u00e9s comp\u00e9tentes pour analyser les enregistrements des cam\u00e9ras de surveillance situ\u00e9es aux abords de l&rsquo;intersection. Une attention particuli\u00e8re sera accord\u00e9e aux t\u00e9moignages des passagers du bus et des occupants du v\u00e9hicule impliqu\u00e9, afin de reconstituer la chronologie des \u00e9v\u00e9nements. Des mesures pr\u00e9ventives pourraient \u00eatre envisag\u00e9es \u00e0 l&rsquo;issue de cette enqu\u00eate pour am\u00e9liorer la s\u00e9curit\u00e9 routi\u00e8re dans cette zone.<\/p>\n<h3>Questions que vous vous posez sur l&rsquo;accident de bus<\/h3>\n<ul>\n<li><b>Quelles sont les causes principales de l&rsquo;accident ?<\/b> Les investigations actuelles cherchent \u00e0 comprendre les facteurs contribuant \u00e0 l&rsquo;accident, notamment la configuration de l&rsquo;intersection et les conditions m\u00e9t\u00e9orologiques.<\/li>\n<li><b>Y a-t-il eu des bless\u00e9s ?<\/b> Oui, plusieurs personnes ont \u00e9t\u00e9 bless\u00e9es dans cet incident, et des soins m\u00e9dicaux ont \u00e9t\u00e9 prodigu\u00e9s sur place.<\/li>\n<li><b>Quelles actions seront prises pour \u00e9viter de futurs accidents ?<\/b> Des mesures de s\u00e9curit\u00e9 routi\u00e8re seront examin\u00e9es, notamment la possibilit\u00e9 d&rsquo;am\u00e9liorer la signalisation et la visibilit\u00e9 \u00e0 l&rsquo;intersection.<\/li>\n<li><b>Quand aura lieu le prochain point sur l&rsquo;enqu\u00eate ?<\/b> Les autorit\u00e9s locales pr\u00e9voient de tenir une r\u00e9union d&rsquo;information publique dans les prochaines semaines pour faire le point sur l&rsquo;enqu\u00eate.<\/li>\n<\/ul>\n<h2>les cons\u00e9quences sur les victimes et la communaut\u00e9<\/h2>\n<p>Les victimes d&rsquo;actes violents subissent des cons\u00e9quences qui d\u00e9passent souvent la simple douleur physique. Les s\u00e9quelles psychologiques peuvent s&rsquo;installer comme une ombre persistante, perturbant la vie quotidienne et engendrant des troubles anxieux, d\u00e9pressifs, ou encore des syndromes de stress post-traumatique. Ces effets se manifestent par des cauchemars r\u00e9currents, une m\u00e9fiance envers autrui, et parfois une incapacit\u00e9 \u00e0 mener une existence normale. Dans ce contexte, la victimologie s&rsquo;efforce de comprendre ces souffrances et d&rsquo;offrir des ressources adapt\u00e9es pour aider les victimes \u00e0 reconstruire leur identit\u00e9, \u00e0 red\u00e9couvrir la confiance en elles et \u00e0 retrouver une certaine forme de s\u00e9r\u00e9nit\u00e9.<\/p>\n<p>Les r\u00e9percussions ne s&rsquo;arr\u00eatent pas aux portes des foyers des victimes ; elles touchent \u00e9galement la communaut\u00e9 dans son ensemble. Un acte de violence peut cr\u00e9er un climat de peur et de m\u00e9fiance au sein d&rsquo;un quartier. Les habitants, affect\u00e9s par un sentiment d&rsquo;ins\u00e9curit\u00e9, peuvent modifier leurs comportements, limitant leurs interactions sociales et leur mobilit\u00e9. Cela cr\u00e9e un cercle vicieux o\u00f9 l&rsquo;isolement et la stigmatisation s&rsquo;installent, emp\u00eachant la coh\u00e9sion sociale. Les enfants, t\u00e9moins ou victimes indirectes, peuvent d\u00e9velopper des comportements agressifs ou, au contraire, une timidit\u00e9 excessive, affectant ainsi leur d\u00e9veloppement psychologique et social. La communaut\u00e9 devient alors un espace de tension, o\u00f9 chacun se m\u00e9fie de l&rsquo;autre, et o\u00f9 les liens se distendent.<\/p>\n<p><b>Les effets \u00e9conomiques ne doivent pas \u00eatre n\u00e9glig\u00e9s non plus<\/b>. Les victimes peuvent se retrouver incapables de travailler, entra\u00eenant une perte de revenus qui impacte non seulement leur vie, mais aussi celle de leurs familles. Les entreprises locales, quant \u00e0 elles, peuvent souffrir de la baisse de fr\u00e9quentation si la r\u00e9putation de la zone se d\u00e9grade. L&rsquo;absence d&rsquo;un soutien ad\u00e9quat peut \u00e9galement peser sur les ressources publiques, car les services sociaux doivent faire face \u00e0 un afflux de demandes d&rsquo;aide. Les collectivit\u00e9s doivent alors mobiliser des fonds pour r\u00e9pondre \u00e0 cette crise, souvent au d\u00e9triment d&rsquo;autres projets communautaires. Ainsi, la spirale des cons\u00e9quences s&rsquo;\u00e9tend bien au-del\u00e0 de l&rsquo;individu, touchant l&rsquo;ensemble du tissu social.<\/p>\n<h3>Questions fr\u00e9quentes sur les cons\u00e9quences des actes violents<\/h3>\n<p><b>Quelles sont les principales cons\u00e9quences psychologiques pour les victimes ?<\/b><br \/>\nLes victimes peuvent souffrir de troubles de l&rsquo;anxi\u00e9t\u00e9, de d\u00e9pression, ou de stress post-traumatique, impactant leur quotidien et leurs relations sociales.<\/p>\n<p><b>Comment la communaut\u00e9 r\u00e9agit-elle face \u00e0 la violence ?<\/b><br \/>\nLa peur et la m\u00e9fiance peuvent s&rsquo;installer, entra\u00eenant un isolement social et une diminution des interactions entre les habitants.<\/p>\n<p><b>Quelles sont les implications \u00e9conomiques pour les victimes et la communaut\u00e9 ?<\/b><br \/>\nLes victimes peuvent perdre leur emploi, tandis que les entreprises locales subissent une baisse de fr\u00e9quentation, entra\u00eenant des r\u00e9percussions financi\u00e8res pour l&rsquo;ensemble de la communaut\u00e9.<\/p>\n<h2>les mesures de s\u00e9curit\u00e9 \u00e0 mettre en place apr\u00e8s l&rsquo;accident<\/h2>\n<p>Il est imp\u00e9ratif de r\u00e9agir rapidement apr\u00e8s un accident pour garantir la s\u00e9curit\u00e9 de toutes les personnes impliqu\u00e9es. La premi\u00e8re mesure \u00e0 prendre consiste \u00e0 \u00e9valuer la situation sur les lieux de l&rsquo;accident. Cela implique de s&rsquo;assurer que personne n&rsquo;est en danger imm\u00e9diat. Si possible, il est conseill\u00e9 de d\u00e9placer les v\u00e9hicules impliqu\u00e9s hors de la circulation afin d&rsquo;\u00e9viter d&rsquo;autres incidents. En cas de bless\u00e9s, appeler les secours doit \u00eatre une priorit\u00e9. Garder son calme et rassurer les personnes touch\u00e9es contribue \u00e9galement \u00e0 r\u00e9duire le stress ambiant. Une bonne communication avec les services d&rsquo;urgence est essentielle ; fournir des informations claires sur la localisation et la nature de l&rsquo;accident facilite leur intervention.<\/p>\n<p>Une fois les secours alert\u00e9s, il est judicieux de prendre des mesures pour s\u00e9curiser le p\u00e9rim\u00e8tre de l&rsquo;accident. Placer des triangles de signalisation ou des feux clignotants permet d&rsquo;avertir les autres conducteurs d&rsquo;une situation potentiellement dangereuse. Si vous disposez d&rsquo;un gilet de s\u00e9curit\u00e9, le porter est recommand\u00e9 pour \u00eatre visible. Dans le cas d&rsquo;un accident sur une route \u00e0 fort trafic, il peut \u00eatre n\u00e9cessaire de demander l&rsquo;assistance d&rsquo;un agent de s\u00e9curit\u00e9 ou de la police pour r\u00e9guler la circulation. En parall\u00e8le, il est conseill\u00e9 de noter tous les d\u00e9tails de l&rsquo;accident, y compris les t\u00e9moins pr\u00e9sents, les conditions m\u00e9t\u00e9orologiques et l&rsquo;\u00e9tat de la route. Ces informations seront pr\u00e9cieuses pour les assurances et les \u00e9ventuelles proc\u00e9dures judiciaires.<\/p>\n<p>Enfin, la prise en charge des victimes est une \u00e9tape cl\u00e9. Apr\u00e8s avoir s\u00e9curis\u00e9 le lieu de l&rsquo;accident, il est crucial de rester avec les personnes bless\u00e9es jusqu&rsquo;\u00e0 l&rsquo;arriv\u00e9e des secours. \u00c9vitez de d\u00e9placer les bless\u00e9s, sauf en cas de danger imm\u00e9diat, car cela pourrait aggraver leurs blessures. Fournir des premiers secours, si vous \u00eates form\u00e9, peut \u00eatre salvateur. Une fois l&rsquo;accident g\u00e9r\u00e9, il est \u00e9galement essentiel de suivre les proc\u00e9dures administratives n\u00e9cessaires. Remplir un constat amiable ou signaler l&rsquo;accident \u00e0 votre assureur doit \u00eatre effectu\u00e9 dans les plus brefs d\u00e9lais. Cela permettra de traiter les r\u00e9clamations et d&rsquo;assurer une couverture ad\u00e9quate des dommages.<\/p>\n<h3>Questions fr\u00e9quentes sur les mesures de s\u00e9curit\u00e9 apr\u00e8s un accident<\/h3>\n<p><b>Que faire si je suis t\u00e9moin d&rsquo;un accident ?<\/b><br \/>\nSi vous \u00eates t\u00e9moin d&rsquo;un accident, il est crucial d&rsquo;\u00e9valuer la situation avant d&rsquo;intervenir. Assurez-vous que vous n&rsquo;\u00eates pas en danger et, si possible, appelez les secours. Vous pouvez \u00e9galement aider en s\u00e9curisant le p\u00e9rim\u00e8tre.<\/p>\n<p><b>Comment puis-je s\u00e9curiser le lieu de l&rsquo;accident ?<\/b><br \/>\nUtilisez des triangles de signalisation ou des feux clignotants pour avertir les autres conducteurs. Si vous avez un gilet de s\u00e9curit\u00e9, portez-le pour \u00eatre visible. Ne tentez pas de d\u00e9placer les v\u00e9hicules si cela n&rsquo;est pas n\u00e9cessaire.<\/p>\n<p><b>Quels documents dois-je remplir apr\u00e8s un accident ?<\/b><br \/>\nIl est important de remplir un constat amiable avec les autres parties impliqu\u00e9es. Notez tous les d\u00e9tails de l&rsquo;accident, y compris les t\u00e9moins, et informez votre assureur le plus rapidement possible.<\/p>\n","protected":false},"excerpt":{"rendered":"<p>Play on YouTube les circonstances de l&rsquo;accident de bus \u00e0 noisy le grand L&rsquo;accident de bus survenu \u00e0 Noisy-le-Grand a suscit\u00e9 une grande attention et des \u00e9motions vives dans la communaut\u00e9. Ce jour-l\u00e0, un bus de la ligne 207 a percut\u00e9 un v\u00e9hicule particulier \u00e0 une intersection tr\u00e8s fr\u00e9quent\u00e9e. Les premi\u00e8res enqu\u00eates indiquent que le&#8230;<\/p>\n","protected":false},"author":1,"featured_media":2104,"comment_status":"","ping_status":"","sticky":false,"template":"","format":"standard","meta":{"_kad_post_transparent":"","_kad_post_title":"","_kad_post_layout":"","_kad_post_sidebar_id":"","_kad_post_content_style":"","_kad_post_vertical_padding":"","_kad_post_feature":"","_kad_post_feature_position":"","_kad_post_header":false,"_kad_post_footer":false,"_kad_post_classname":"","iawp_total_views":0,"footnotes":""},"categories":[1],"tags":[],"class_list":["post-2103","post","type-post","status-publish","format-standard","has-post-thumbnail","hentry","category-actualites"],"_links":{"self":[{"href":"https:\/\/www.dmoz.fr\/tendances\/wp-json\/wp\/v2\/posts\/2103","targetHints":{"allow":["GET"]}}],"collection":[{"href":"https:\/\/www.dmoz.fr\/tendances\/wp-json\/wp\/v2\/posts"}],"about":[{"href":"https:\/\/www.dmoz.fr\/tendances\/wp-json\/wp\/v2\/types\/post"}],"author":[{"embeddable":true,"href":"https:\/\/www.dmoz.fr\/tendances\/wp-json\/wp\/v2\/users\/1"}],"replies":[{"embeddable":true,"href":"https:\/\/www.dmoz.fr\/tendances\/wp-json\/wp\/v2\/comments?post=2103"}],"version-history":[{"count":0,"href":"https:\/\/www.dmoz.fr\/tendances\/wp-json\/wp\/v2\/posts\/2103\/revisions"}],"wp:featuredmedia":[{"embeddable":true,"href":"https:\/\/www.dmoz.fr\/tendances\/wp-json\/wp\/v2\/media\/2104"}],"wp:attachment":[{"href":"https:\/\/www.dmoz.fr\/tendances\/wp-json\/wp\/v2\/media?parent=2103"}],"wp:term":[{"taxonomy":"category","embeddable":true,"href":"https:\/\/www.dmoz.fr\/tendances\/wp-json\/wp\/v2\/categories?post=2103"},{"taxonomy":"post_tag","embeddable":true,"href":"https:\/\/www.dmoz.fr\/tendances\/wp-json\/wp\/v2\/tags?post=2103"}],"curies":[{"name":"wp","href":"https:\/\/api.w.org\/{rel}","templated":true}]}}