{"id":2121,"date":"2025-02-27T11:37:22","date_gmt":"2025-02-27T10:37:22","guid":{"rendered":"https:\/\/www.dmoz.fr\/tendances\/combien-de-mort-du-covid-en-france\/"},"modified":"2025-02-27T11:37:22","modified_gmt":"2025-02-27T10:37:22","slug":"combien-de-mort-du-covid-en-france","status":"publish","type":"post","link":"https:\/\/www.dmoz.fr\/tendances\/combien-de-mort-du-covid-en-france\/","title":{"rendered":"Combien de morts du Covid en France : chiffres r\u00e9v\u00e9lateurs et v\u00e9rit\u00e9s cach\u00e9es"},"content":{"rendered":"<p><\/p>\n<div id='video-container' data-video-id='jm2Z1gs_9N4' style='width:100%; height:auto; max-width:587px; position: relative;'>\n<div class='image-video-plugin' style='background:url(\"https:\/\/img.youtube.com\/vi\/jm2Z1gs_9N4\/0.jpg\") center no-repeat; background-size: cover;'><\/div>\n<p>        <span class='youtube-play-button'><\/span><br \/>\n        <noscript><a href=\"https:\/\/www.youtube.com\/watch?v=jm2Z1gs_9N4\" target=\"_blank\" rel=\"noopener\">Play on YouTube<\/a><\/noscript>\n    <\/div>\n<p><\/p>\n<h2>Les chiffres qui d\u00e9rangent : combien de morts du covid en France ?<\/h2>\n<p>En France, la pand\u00e9mie de Covid-19 a laiss\u00e9 des traces ind\u00e9l\u00e9biles, tant sur le plan sanitaire que social. Les chiffres avanc\u00e9s par les autorit\u00e9s sanitaires sont souvent sources de d\u00e9bats, de questions, et parfois m\u00eame de controverses. Au 1er octobre 2023, le nombre total de d\u00e9c\u00e8s li\u00e9s au Covid-19 s&rsquo;\u00e9levait \u00e0 environ <b>160 000<\/b> personnes. Ce chiffre, bien que colossal, repr\u00e9sente des vies, des histoires, des familles endeuill\u00e9es. Chaque statistique raconte un drame, un parcours de vie interrompu. Les autorit\u00e9s, tout en communiquant ces donn\u00e9es, tentent d&rsquo;apporter un certain degr\u00e9 de transparence, mais la r\u00e9alit\u00e9 est souvent plus complexe. Les personnes \u00e2g\u00e9es, en particulier celles vivant en EHPAD, ont pay\u00e9 un lourd tribut. Leurs vuln\u00e9rabilit\u00e9s face \u00e0 ce virus ont \u00e9t\u00e9 mises en lumi\u00e8re, r\u00e9v\u00e9lant les failles de notre syst\u00e8me de sant\u00e9 et de protection sociale.<\/p>\n<p>Les chiffres ne sont pas seulement des statistiques froides. Ils refl\u00e8tent aussi l&rsquo;impact des mesures sanitaires mises en place, comme le confinement et la vaccination. Au fur et \u00e0 mesure que la vaccination s&rsquo;est intensifi\u00e9e, une diminution des d\u00e9c\u00e8s a \u00e9t\u00e9 observ\u00e9e, mais cela n\u2019a pas effac\u00e9 les pertes d\u00e9j\u00e0 subies. Les experts s&rsquo;accordent \u00e0 dire que la gestion de cette crise a \u00e9t\u00e9 marqu\u00e9e par des choix difficiles, souvent contest\u00e9s. De plus, il est crucial de se pencher sur les effets \u00e0 long terme de la pand\u00e9mie, tant sur la sant\u00e9 mentale que physique des survivants. Selon les \u00e9tudes, des s\u00e9quelles persistent chez une partie des malades, ce qui soul\u00e8ve des questions sur l&rsquo;h\u00e9ritage durable de cette crise. En somme, derri\u00e8re chaque chiffre se cache une histoire, une r\u00e9alit\u00e9 qui d\u00e9passe les simples statistiques.<\/p>\n<h3>Questions br\u00fblantes sur le Covid-19 en France<\/h3>\n<ul>\n<li><b>Quel est l&rsquo;impact des variants sur le nombre de d\u00e9c\u00e8s ?<\/b> Les variants du virus ont modifi\u00e9 la donne, rendant la lutte contre la pand\u00e9mie encore plus complexe.<\/li>\n<li><b>Comment la vaccination a-t-elle influenc\u00e9 les chiffres ?<\/b> La campagne de vaccination a permis de r\u00e9duire significativement le nombre de d\u00e9c\u00e8s, mais les d\u00e9fis demeurent.<\/li>\n<li><b>Quels sont les enjeux de la transparence des donn\u00e9es ?<\/b> La communication des chiffres est essentielle, mais elle doit \u00eatre accompagn\u00e9e de contexte pour \u00e9viter la d\u00e9sinformation.<\/li>\n<\/ul>\n<h2>Analyse des impacts : au-del\u00e0 des chiffres, une r\u00e9alit\u00e9 humaine<\/h2>\n<p>Lorsque l&rsquo;on se penche sur les chiffres, il est facile de se laisser submerger par une mer de statistiques qui, \u00e0 premi\u00e8re vue, peuvent sembler d\u00e9shumanis\u00e9es. Cependant, derri\u00e8re chaque chiffre se cache une histoire, un v\u00e9cu, une r\u00e9alit\u00e9 humaine souvent oubli\u00e9e. Prenons l&rsquo;exemple de l&rsquo;impact \u00e9conomique d&rsquo;une crise. Les millions d&rsquo;euros perdus dans les bilans financiers ne repr\u00e9sentent pas seulement des pertes pour les entreprises, mais aussi des familles qui se retrouvent en difficult\u00e9, des travailleurs qui doivent faire face \u00e0 l&rsquo;incertitude de l&#8217;emploi, des enfants dont l&rsquo;avenir se retrouve compromis. Ces cons\u00e9quences, bien que moins visibles, sont les v\u00e9ritables indicateurs de la profondeur des effets d&rsquo;une crise. Les chiffres peuvent donner une image d&rsquo;ensemble, mais c&rsquo;est dans les t\u00e9moignages des individus touch\u00e9s que l&rsquo;on per\u00e7oit la v\u00e9ritable port\u00e9e de ces \u00e9v\u00e9nements.<\/p>\n<p>En outre, il est essentiel de consid\u00e9rer les impacts sociaux qui d\u00e9coulent de ces crises. La peur, l&rsquo;angoisse et le stress deviennent des compagnons de route pour de nombreuses personnes. Par exemple, des \u00e9tudes montrent que l&rsquo;isolement social augmente dans des p\u00e9riodes de crise \u00e9conomique. Ce ph\u00e9nom\u00e8ne n&rsquo;est pas seulement une simple statistique ; il traduit une souffrance psychologique qui touche des millions d&rsquo;individus. De plus, les in\u00e9galit\u00e9s sociales tendent \u00e0 se creuser, exacerbant ainsi les tensions au sein des communaut\u00e9s. Les quartiers d\u00e9favoris\u00e9s, souvent les plus touch\u00e9s, voient leurs ressources s&rsquo;\u00e9puiser, laissant les habitants dans une pr\u00e9carit\u00e9 grandissante. Il est donc crucial de se rappeler que derri\u00e8re chaque chiffre se cache une multitude de vies et d&rsquo;histoires. Ce constat nous pousse \u00e0 aller au-del\u00e0 des simples donn\u00e9es et \u00e0 envisager des solutions qui prennent en compte cette r\u00e9alit\u00e9 humaine, car c&rsquo;est l\u00e0 que r\u00e9side l&rsquo;essence m\u00eame des impacts que nous analysons.<\/p>\n<h3>Questions br\u00fblantes sur l&rsquo;impact humain<\/h3>\n<ul>\n<li><b>Comment les crises \u00e9conomiques affectent-elles la sant\u00e9 mentale des individus ?<\/b> Les t\u00e9moignages r\u00e9v\u00e8lent que la perte d&#8217;emploi et l&rsquo;incertitude financi\u00e8re engendrent souvent une hausse de l&rsquo;anxi\u00e9t\u00e9 et de la d\u00e9pression.<\/li>\n<li><b>Quelles sont les cons\u00e9quences sur les enfants et les jeunes ?<\/b> L&rsquo;acc\u00e8s \u00e0 l&rsquo;\u00e9ducation et aux loisirs peut \u00eatre gravement compromis, impactant leur d\u00e9veloppement et leur avenir.<\/li>\n<li><b>Comment les communaut\u00e9s peuvent-elles se soutenir durant ces p\u00e9riodes difficiles ?<\/b> La solidarit\u00e9, les initiatives locales et le soutien psychologique sont cruciaux pour att\u00e9nuer les effets n\u00e9fastes des crises.<\/li>\n<\/ul>\n","protected":false},"excerpt":{"rendered":"<p>Play on YouTube Les chiffres qui d\u00e9rangent : combien de morts du covid en France ? En France, la pand\u00e9mie de Covid-19 a laiss\u00e9 des traces ind\u00e9l\u00e9biles, tant sur le plan sanitaire que social. Les chiffres avanc\u00e9s par les autorit\u00e9s sanitaires sont souvent sources de d\u00e9bats, de questions, et parfois m\u00eame de controverses. Au 1er&#8230;<\/p>\n","protected":false},"author":1,"featured_media":2122,"comment_status":"","ping_status":"","sticky":false,"template":"","format":"standard","meta":{"_kad_post_transparent":"","_kad_post_title":"","_kad_post_layout":"","_kad_post_sidebar_id":"","_kad_post_content_style":"","_kad_post_vertical_padding":"","_kad_post_feature":"","_kad_post_feature_position":"","_kad_post_header":false,"_kad_post_footer":false,"_kad_post_classname":"","iawp_total_views":43,"footnotes":""},"categories":[1],"tags":[],"class_list":["post-2121","post","type-post","status-publish","format-standard","has-post-thumbnail","hentry","category-actualites"],"_links":{"self":[{"href":"https:\/\/www.dmoz.fr\/tendances\/wp-json\/wp\/v2\/posts\/2121","targetHints":{"allow":["GET"]}}],"collection":[{"href":"https:\/\/www.dmoz.fr\/tendances\/wp-json\/wp\/v2\/posts"}],"about":[{"href":"https:\/\/www.dmoz.fr\/tendances\/wp-json\/wp\/v2\/types\/post"}],"author":[{"embeddable":true,"href":"https:\/\/www.dmoz.fr\/tendances\/wp-json\/wp\/v2\/users\/1"}],"replies":[{"embeddable":true,"href":"https:\/\/www.dmoz.fr\/tendances\/wp-json\/wp\/v2\/comments?post=2121"}],"version-history":[{"count":0,"href":"https:\/\/www.dmoz.fr\/tendances\/wp-json\/wp\/v2\/posts\/2121\/revisions"}],"wp:featuredmedia":[{"embeddable":true,"href":"https:\/\/www.dmoz.fr\/tendances\/wp-json\/wp\/v2\/media\/2122"}],"wp:attachment":[{"href":"https:\/\/www.dmoz.fr\/tendances\/wp-json\/wp\/v2\/media?parent=2121"}],"wp:term":[{"taxonomy":"category","embeddable":true,"href":"https:\/\/www.dmoz.fr\/tendances\/wp-json\/wp\/v2\/categories?post=2121"},{"taxonomy":"post_tag","embeddable":true,"href":"https:\/\/www.dmoz.fr\/tendances\/wp-json\/wp\/v2\/tags?post=2121"}],"curies":[{"name":"wp","href":"https:\/\/api.w.org\/{rel}","templated":true}]}}