{"id":2230,"date":"2025-02-27T15:09:48","date_gmt":"2025-02-27T14:09:48","guid":{"rendered":"https:\/\/www.dmoz.fr\/tendances\/maladie-de-darier\/"},"modified":"2025-02-27T15:09:48","modified_gmt":"2025-02-27T14:09:48","slug":"maladie-de-darier","status":"publish","type":"post","link":"https:\/\/www.dmoz.fr\/tendances\/maladie-de-darier\/","title":{"rendered":"Tout savoir sur la maladie de darier : sympt\u00f4mes, causes et traitements \u00e9tonnants"},"content":{"rendered":"<p><\/p>\n<div id='video-container' data-video-id='iPqxf2lGGQY' style='width:100%; height:auto; max-width:587px; position: relative;'>\n<div class='image-video-plugin' style='background:url(\"https:\/\/img.youtube.com\/vi\/iPqxf2lGGQY\/0.jpg\") center no-repeat; background-size: cover;'><\/div>\n<p>        <span class='youtube-play-button'><\/span><br \/>\n        <noscript><a href=\"https:\/\/www.youtube.com\/watch?v=iPqxf2lGGQY\" target=\"_blank\" rel=\"noopener\">Play on YouTube<\/a><\/noscript>\n    <\/div>\n<p><\/p>\n<h2>Comprendre la maladie de darier : sympt\u00f4mes et causes<\/h2>\n<p>La maladie de Darier, une affection cutan\u00e9e rare, se manifeste par une s\u00e9rie de sympt\u00f4mes distinctifs qui peuvent varier d&rsquo;une personne \u00e0 l&rsquo;autre. Les l\u00e9sions cutan\u00e9es sont souvent le premier signe r\u00e9v\u00e9lateur. Ces derni\u00e8res apparaissent g\u00e9n\u00e9ralement sous forme de papules, souvent brun\u00e2tres, qui peuvent coalescer pour former des plaques squameuses. La localisation des l\u00e9sions est fr\u00e9quente sur le cuir chevelu, le thorax et les zones de flexion, telles que les coudes et les genoux. En outre, ces l\u00e9sions peuvent provoquer des d\u00e9mangeaisons, parfois intenses, ce qui peut engendrer un inconfort consid\u00e9rable pour ceux qui en souffrent. Les manifestations peuvent \u00eatre exacerb\u00e9es par la chaleur, l&rsquo;humidit\u00e9 ou le stress, ce qui complique davantage la gestion quotidienne de cette maladie.<\/p>\n<p>Les causes de la maladie de Darier sont principalement g\u00e9n\u00e9tiques. Elle est li\u00e9e \u00e0 des mutations dans le g\u00e8ne ATP2A2, responsable de la r\u00e9gulation du calcium dans les cellules de la peau. Cette mutation entra\u00eene une alt\u00e9ration de la fonction des k\u00e9ratinocytes, les cellules essentielles \u00e0 la formation de la barri\u00e8re cutan\u00e9e. Ce dysfonctionnement se traduit par une prolif\u00e9ration anormale des cellules, cr\u00e9ant ainsi les l\u00e9sions caract\u00e9ristiques de la maladie. La transmission de cette maladie se fait selon un mode autosomique dominant, ce qui signifie qu&rsquo;une seule copie du g\u00e8ne mut\u00e9 h\u00e9rit\u00e9e d&rsquo;un parent peut suffire \u00e0 provoquer la maladie. Cela rend \u00e9galement les ant\u00e9c\u00e9dents familiaux particuli\u00e8rement pertinents pour le diagnostic.<\/p>\n<p><b>Les complications associ\u00e9es \u00e0 la maladie de Darier<\/b> ne doivent pas \u00eatre n\u00e9glig\u00e9es. Les personnes atteintes peuvent d\u00e9velopper des infections cutan\u00e9es secondaires en raison de la rupture de la barri\u00e8re cutan\u00e9e. Les l\u00e9sions peuvent \u00e9galement \u00eatre confondues avec d&rsquo;autres pathologies dermatologiques, rendant le diagnostic parfois difficile. Les patients doivent \u00eatre attentifs aux signes d&rsquo;infection, tels que rougeurs, chaleur ou \u00e9coulement, et consulter un professionnel de sant\u00e9 en cas de doute. Une prise en charge pr\u00e9coce et adapt\u00e9e est essentielle pour minimiser les impacts de cette maladie sur la qualit\u00e9 de vie.<\/p>\n<h3>Questions fr\u00e9quentes sur la maladie de Darier<\/h3>\n<p><b>Quels sont les traitements disponibles pour la maladie de Darier ?<\/b><br \/>\nLes traitements visent principalement \u00e0 soulager les sympt\u00f4mes et \u00e0 contr\u00f4ler les pouss\u00e9es. Des cr\u00e8mes topiques contenant des corticost\u00e9ro\u00efdes ou des r\u00e9tino\u00efdes peuvent \u00eatre prescrites. Dans certains cas, des m\u00e9dicaments syst\u00e9miques peuvent \u00eatre envisag\u00e9s pour les formes plus s\u00e9v\u00e8res.<\/p>\n<p><b>La maladie de Darier est-elle contagieuse ?<\/b><br \/>\nNon, la maladie de Darier n&rsquo;est pas contagieuse. Elle est d&rsquo;origine g\u00e9n\u00e9tique et ne se propage pas d&rsquo;une personne \u00e0 une autre.<\/p>\n<p><b>Quels conseils pour vivre avec la maladie de Darier ?<\/b><br \/>\nIl est conseill\u00e9 de garder la peau bien hydrat\u00e9e et de porter des v\u00eatements en mati\u00e8res naturelles pour \u00e9viter les irritations. \u00c9viter les expositions prolong\u00e9es au soleil et aux sources de chaleur peut \u00e9galement aider \u00e0 r\u00e9duire les sympt\u00f4mes.<\/p>\n<h2>Les traitements disponibles pour la maladie de darier<\/h2>\n<p>la maladie de darier, une affection cutan\u00e9e rare et g\u00e9n\u00e9tique, requiert une approche th\u00e9rapeutique adapt\u00e9e pour att\u00e9nuer les sympt\u00f4mes et am\u00e9liorer la qualit\u00e9 de vie des patients. Divers traitements sont disponibles, allant des solutions topiques aux interventions syst\u00e9miques. Parmi les options, les corticost\u00e9ro\u00efdes topiques se r\u00e9v\u00e8lent efficaces pour r\u00e9duire l&rsquo;inflammation et apaiser les l\u00e9sions cutan\u00e9es. Ces m\u00e9dicaments, appliqu\u00e9s directement sur la peau, aident \u00e0 contr\u00f4ler les pouss\u00e9es et \u00e0 diminuer les d\u00e9mangeaisons. En parall\u00e8le, des r\u00e9tino\u00efdes topiques, comme le tazarot\u00e8ne, peuvent \u00e9galement \u00eatre prescrits pour favoriser la normalisation de la k\u00e9ratinisation.<\/p>\n<p>les traitements syst\u00e9miques peuvent \u00eatre envisag\u00e9s lorsque les formes localis\u00e9es de la maladie ne suffisent pas. Les r\u00e9tino\u00efdes oraux, tels que l&rsquo;isotr\u00e9tino\u00efne, sont souvent utilis\u00e9s pour leurs propri\u00e9t\u00e9s anti-inflammatoires et leur capacit\u00e9 \u00e0 r\u00e9duire la formation de plaques. Cette approche peut \u00eatre b\u00e9n\u00e9fique, mais n\u00e9cessite un suivi m\u00e9dical rigoureux en raison des effets secondaires potentiels. Par ailleurs, des traitements immunosuppresseurs, comme la ciclosporine, peuvent \u00eatre propos\u00e9s pour les cas plus s\u00e9v\u00e8res. Ces m\u00e9dicaments agissent en modifiant la r\u00e9ponse immunitaire, permettant ainsi une meilleure gestion des sympt\u00f4mes.<\/p>\n<p>des th\u00e9rapies compl\u00e9mentaires, comme la phototh\u00e9rapie, s&rsquo;av\u00e8rent \u00e9galement int\u00e9ressantes. L&rsquo;utilisation de la lumi\u00e8re ultraviolette B (UVB) permet de diminuer les l\u00e9sions cutan\u00e9es en agissant sur les cellules de la peau. En fonction des besoins individuels, des soins de support, tels que des \u00e9mollients et des hydratants, sont recommand\u00e9s pour maintenir la peau en bonne sant\u00e9 et \u00e9viter les irritations. L&rsquo;approche multidisciplinaire est souvent n\u00e9cessaire pour adapter les traitements aux sp\u00e9cificit\u00e9s de chaque patient.<\/p>\n<h3>Questions fr\u00e9quemment pos\u00e9es sur les traitements de la maladie de darier<\/h3>\n<p><b>Quels sont les traitements les plus courants pour la maladie de darier ?<\/b><br \/>\nles traitements incluent des corticost\u00e9ro\u00efdes topiques, des r\u00e9tino\u00efdes et, dans les cas plus graves, des traitements syst\u00e9miques comme les r\u00e9tino\u00efdes oraux et les immunosuppresseurs.<\/p>\n<p><b>La phototh\u00e9rapie est-elle efficace ?<\/b><br \/>\noui, la phototh\u00e9rapie, notamment avec la lumi\u00e8re UVB, peut aider \u00e0 r\u00e9duire les l\u00e9sions cutan\u00e9es et am\u00e9liorer l&rsquo;\u00e9tat de la peau.<\/p>\n<p><b>Y a-t-il des effets secondaires associ\u00e9s aux traitements ?<\/b><br \/>\noui, certains traitements, en particulier les r\u00e9tino\u00efdes oraux et les immunosuppresseurs, peuvent entra\u00eener des effets secondaires. Un suivi m\u00e9dical est donc essentiel pour g\u00e9rer ces risques.<\/p>\n<h2>Vivre avec la maladie de darier : conseils et soutien<\/h2>\n<p>vivre avec la maladie de darier n\u00e9cessite une approche r\u00e9fl\u00e9chie et inform\u00e9e. Il est crucial d\u2019adopter des habitudes de vie qui permettent de mieux g\u00e9rer les sympt\u00f4mes. Cela commence par une bonne hygi\u00e8ne de la peau, car la maladie peut entra\u00eener des l\u00e9sions cutan\u00e9es douloureuses et g\u00eanantes. Utiliser des nettoyants doux et hydrater r\u00e9guli\u00e8rement la peau avec des cr\u00e8mes \u00e9mollientes peut aider \u00e0 minimiser l\u2019irritation. Il est \u00e9galement recommand\u00e9 d\u2019\u00e9viter les produits irritants comme les savons parfum\u00e9s ou les cosm\u00e9tiques agressifs. Une routine de soins adapt\u00e9e peut faire toute la diff\u00e9rence dans le quotidien.<\/p>\n<p>le soutien \u00e9motionnel joue un r\u00f4le fondamental dans la gestion de cette maladie. Il est souvent b\u00e9n\u00e9fique de rejoindre des groupes de soutien, que ce soit en ligne ou en personne. Partager ses exp\u00e9riences avec d\u2019autres personnes vivant la m\u00eame situation peut apporter un r\u00e9confort immense. Les \u00e9changes permettent d&rsquo;apprendre des strat\u00e9gies de coping, d\u2019obtenir des conseils pratiques et de se sentir moins isol\u00e9. Envisager des consultations avec un psychologue peut \u00e9galement s\u2019av\u00e9rer utile pour travailler sur l\u2019acceptation de la maladie et le stress qu&rsquo;elle peut engendrer.<\/p>\n<p>il est \u00e9galement important de garder un \u0153il sur son alimentation et son mode de vie. Une alimentation \u00e9quilibr\u00e9e, riche en antioxydants, peut contribuer \u00e0 am\u00e9liorer la sant\u00e9 de la peau. Privil\u00e9gier les fruits, les l\u00e9gumes, et les acides gras om\u00e9ga-3 peut avoir des effets b\u00e9n\u00e9fiques. L&rsquo;activit\u00e9 physique r\u00e9guli\u00e8re est \u00e9galement recommand\u00e9e, non seulement pour le bien-\u00eatre physique, mais aussi pour le moral. Pratiquer des activit\u00e9s comme la marche, le yoga ou la natation peut \u00eatre une source de plaisir et d\u2019\u00e9vasion. <\/p>\n<h3>Questions fr\u00e9quentes sur la maladie de darier<\/h3>\n<p><b>Quelles sont les meilleures pratiques pour g\u00e9rer les sympt\u00f4mes de la maladie de darier ?<\/b><br \/>\nil est conseill\u00e9 de maintenir une bonne hygi\u00e8ne cutan\u00e9e, d\u2019utiliser des produits doux et d\u2019hydrater r\u00e9guli\u00e8rement la peau. \u00c9viter les irritants et adopter une routine de soins adapt\u00e9e est essentiel.<\/p>\n<p><b>Comment trouver du soutien lorsque l&rsquo;on vit avec cette maladie ?<\/b><br \/>\nrejoindre des groupes de soutien, que ce soit en ligne ou en personne, peut \u00eatre tr\u00e8s b\u00e9n\u00e9fique. Partager ses exp\u00e9riences et apprendre des autres aide \u00e0 se sentir moins seul face \u00e0 la maladie.<\/p>\n<p><b>Quels changements alimentaires peuvent aider \u00e0 am\u00e9liorer la condition ?<\/b><br \/>\nune alimentation riche en fruits, l\u00e9gumes et acides gras om\u00e9ga-3 est conseill\u00e9e. Une nutrition \u00e9quilibr\u00e9e contribue \u00e0 la sant\u00e9 de la peau et au bien-\u00eatre g\u00e9n\u00e9ral.<\/p>\n","protected":false},"excerpt":{"rendered":"<p>Play on YouTube Comprendre la maladie de darier : sympt\u00f4mes et causes La maladie de Darier, une affection cutan\u00e9e rare, se manifeste par une s\u00e9rie de sympt\u00f4mes distinctifs qui peuvent varier d&rsquo;une personne \u00e0 l&rsquo;autre. Les l\u00e9sions cutan\u00e9es sont souvent le premier signe r\u00e9v\u00e9lateur. Ces derni\u00e8res apparaissent g\u00e9n\u00e9ralement sous forme de papules, souvent brun\u00e2tres, qui&#8230;<\/p>\n","protected":false},"author":1,"featured_media":2231,"comment_status":"","ping_status":"","sticky":false,"template":"","format":"standard","meta":{"_kad_post_transparent":"","_kad_post_title":"","_kad_post_layout":"","_kad_post_sidebar_id":"","_kad_post_content_style":"","_kad_post_vertical_padding":"","_kad_post_feature":"","_kad_post_feature_position":"","_kad_post_header":false,"_kad_post_footer":false,"_kad_post_classname":"","iawp_total_views":2,"footnotes":""},"categories":[1],"tags":[],"class_list":["post-2230","post","type-post","status-publish","format-standard","has-post-thumbnail","hentry","category-actualites"],"_links":{"self":[{"href":"https:\/\/www.dmoz.fr\/tendances\/wp-json\/wp\/v2\/posts\/2230","targetHints":{"allow":["GET"]}}],"collection":[{"href":"https:\/\/www.dmoz.fr\/tendances\/wp-json\/wp\/v2\/posts"}],"about":[{"href":"https:\/\/www.dmoz.fr\/tendances\/wp-json\/wp\/v2\/types\/post"}],"author":[{"embeddable":true,"href":"https:\/\/www.dmoz.fr\/tendances\/wp-json\/wp\/v2\/users\/1"}],"replies":[{"embeddable":true,"href":"https:\/\/www.dmoz.fr\/tendances\/wp-json\/wp\/v2\/comments?post=2230"}],"version-history":[{"count":0,"href":"https:\/\/www.dmoz.fr\/tendances\/wp-json\/wp\/v2\/posts\/2230\/revisions"}],"wp:featuredmedia":[{"embeddable":true,"href":"https:\/\/www.dmoz.fr\/tendances\/wp-json\/wp\/v2\/media\/2231"}],"wp:attachment":[{"href":"https:\/\/www.dmoz.fr\/tendances\/wp-json\/wp\/v2\/media?parent=2230"}],"wp:term":[{"taxonomy":"category","embeddable":true,"href":"https:\/\/www.dmoz.fr\/tendances\/wp-json\/wp\/v2\/categories?post=2230"},{"taxonomy":"post_tag","embeddable":true,"href":"https:\/\/www.dmoz.fr\/tendances\/wp-json\/wp\/v2\/tags?post=2230"}],"curies":[{"name":"wp","href":"https:\/\/api.w.org\/{rel}","templated":true}]}}