{"id":2303,"date":"2025-02-28T09:53:43","date_gmt":"2025-02-28T08:53:43","guid":{"rendered":"https:\/\/www.dmoz.fr\/tendances\/covid-19-symptomes\/"},"modified":"2025-02-28T09:53:43","modified_gmt":"2025-02-28T08:53:43","slug":"covid-19-symptomes","status":"publish","type":"post","link":"https:\/\/www.dmoz.fr\/tendances\/covid-19-symptomes\/","title":{"rendered":"Covid 19 sympt\u00f4mes : les signes m\u00e9connus qui pourraient vous alerter"},"content":{"rendered":"<p><\/p>\n<div id='video-container' data-video-id='9-t_GMMaGdw' style='width:100%; height:auto; max-width:587px; position: relative;'>\n<div class='image-video-plugin' style='background:url(\"https:\/\/img.youtube.com\/vi\/9-t_GMMaGdw\/0.jpg\") center no-repeat; background-size: cover;'><\/div>\n<p>        <span class='youtube-play-button'><\/span><br \/>\n        <noscript><a href=\"https:\/\/www.youtube.com\/watch?v=9-t_GMMaGdw\" target=\"_blank\" rel=\"noopener\">Play on YouTube<\/a><\/noscript>\n    <\/div>\n<p><\/p>\n<h2>Les sympt\u00f4mes du covid 19 : une alerte sur votre sant\u00e9<\/h2>\n<p>Le covid-19, ce virus sournois qui a fait son apparition dans nos vies, s&rsquo;accompagne d&rsquo;une palette de sympt\u00f4mes vari\u00e9s. Il est essentiel de rester attentif \u00e0 ces signaux que notre corps nous envoie. Parmi les manifestations les plus fr\u00e9quentes, on retrouve la <b>fi\u00e8vre<\/b>, qui peut s&rsquo;\u00e9lever au-dessus de 38 \u00b0C, souvent accompagn\u00e9e de frissons. Ensuite, il y a la <b>toux s\u00e8che<\/b>, ce compagnon ind\u00e9sirable qui ne nous l\u00e2che pas et qui peut devenir particuli\u00e8rement g\u00eanant. Les <b>douleurs musculaires<\/b> et les <b>maux de t\u00eate<\/b> viennent s&rsquo;ajouter \u00e0 cette liste, signalant que quelque chose ne va pas. D&rsquo;autres sympt\u00f4mes, comme la <b>fatigue extr\u00eame<\/b>, peuvent \u00e9galement survenir, nous laissant \u00e9puis\u00e9s sans raison apparente. <\/p>\n<p>N\u2019oublions pas les sympt\u00f4mes respiratoires qui peuvent se manifester : une <b>difficult\u00e9 \u00e0 respirer<\/b> ou une sensation d&rsquo;oppression dans la poitrine. Certains patients rapportent aussi une <b>perte de go\u00fbt<\/b> ou d&rsquo;<b>odorat<\/b>, une exp\u00e9rience troublante qui peut nous amener \u00e0 reconsid\u00e9rer notre rapport \u00e0 la nourriture. Il est crucial de surveiller l&rsquo;apparition de ces sympt\u00f4mes et d&rsquo;agir rapidement. En cas de doute, il est recommand\u00e9 de consulter un professionnel de sant\u00e9 pour un avis \u00e9clair\u00e9 et, si n\u00e9cessaire, un test de d\u00e9pistage. La vigilance est de mise, car ces sympt\u00f4mes peuvent varier d&rsquo;une personne \u00e0 l&rsquo;autre, et il n&rsquo;est pas rare que le covid-19 se manifeste de mani\u00e8re atypique. <\/p>\n<h3>Des questions sur les sympt\u00f4mes ? Voici des r\u00e9ponses !<\/h3>\n<ul>\n<li><b>Quels sont les sympt\u00f4mes les plus courants du covid-19 ?<\/b> La fi\u00e8vre, la toux s\u00e8che et la fatigue sont les plus souvent rapport\u00e9s.<\/li>\n<li><b>Est-ce que tous les malades ressentent des sympt\u00f4mes ?<\/b> Non, certaines personnes peuvent \u00eatre asymptomatiques.<\/li>\n<li><b>Combien de temps mettent les sympt\u00f4mes \u00e0 appara\u00eetre ?<\/b> En g\u00e9n\u00e9ral, ils apparaissent entre 2 et 14 jours apr\u00e8s l&rsquo;exposition au virus.<\/li>\n<li><b>Dois-je consulter si j&rsquo;ai des sympt\u00f4mes l\u00e9gers ?<\/b> Oui, il est toujours pr\u00e9f\u00e9rable de consulter un professionnel de sant\u00e9 pour \u00e9valuer votre situation.<\/li>\n<\/ul>\n<p>Rester attentif aux signaux de son corps est essentiel dans cette p\u00e9riode o\u00f9 la sant\u00e9 est mise \u00e0 l&rsquo;\u00e9preuve. Les sympt\u00f4mes du covid-19 doivent \u00eatre pris au s\u00e9rieux, car ils peuvent \u00e9voluer rapidement. En cas de doute, n\u2019h\u00e9sitez pas \u00e0 contacter un m\u00e9decin pour b\u00e9n\u00e9ficier d&rsquo;un suivi appropri\u00e9.<\/p>\n<h2>D\u00e9tecter le covid 19 : signes \u00e0 surveiller attentivement<\/h2>\n<p><b>Les sympt\u00f4mes du covid-19<\/b> peuvent varier d&rsquo;une personne \u00e0 l&rsquo;autre, mais certains signes sont particuli\u00e8rement courants et doivent alerter. Parmi eux, on retrouve la fi\u00e8vre, souvent accompagn\u00e9e de frissons. Une temp\u00e9rature corporelle sup\u00e9rieure \u00e0 38 \u00b0C est un indicateur cl\u00e9. Ensuite, la toux s\u00e8che est un autre sympt\u00f4me \u00e0 ne pas n\u00e9gliger. Cette toux ne produit g\u00e9n\u00e9ralement pas de mucus et peut s&rsquo;accompagner d&rsquo;une sensation de g\u00eane dans la poitrine. Les maux de t\u00eate, la fatigue excessive et les douleurs musculaires peuvent \u00e9galement survenir, rendant le quotidien plus difficile. Il est essentiel de pr\u00eater attention \u00e0 ces sympt\u00f4mes, surtout s&rsquo;ils apparaissent soudainement. <\/p>\n<p>En outre, certains signes moins \u00e9vidents mais tout aussi significatifs incluent la perte de go\u00fbt ou d&rsquo;odorat, connue sous le nom d&rsquo;anosmie. Cette anomalie sensorielle est souvent un indicateur r\u00e9v\u00e9lateur de l&rsquo;infection par le virus. D&rsquo;autres manifestations telles que des maux de gorge, une congestion nasale, ou encore des \u00e9ruptions cutan\u00e9es peuvent \u00e9galement \u00eatre des signes pr\u00e9coces de l&rsquo;infection. <b>Il est crucial<\/b> de surveiller l&rsquo;apparition de sympt\u00f4mes respiratoires, comme l&rsquo;essoufflement ou des difficult\u00e9s \u00e0 respirer, car ils peuvent signaler une aggravation de l&rsquo;\u00e9tat de sant\u00e9. En cas de doute, il est recommand\u00e9 de se faire tester et de suivre les conseils des professionnels de sant\u00e9 pour \u00e9viter la propagation du virus.<\/p>\n<h3>Des questions sur les signes \u00e0 surveiller ?<\/h3>\n<p><b>Quels sont les signes les plus fr\u00e9quents du covid-19 ?<\/b><br \/>\nLes signes les plus fr\u00e9quents incluent la fi\u00e8vre, la toux s\u00e8che, la fatigue, ainsi que la perte de go\u00fbt ou d&rsquo;odorat. <\/p>\n<p><b>Comment diff\u00e9rencier le covid-19 d&rsquo;un rhume ?<\/b><br \/>\nLes sympt\u00f4mes du covid-19 peuvent \u00eatre similaires \u00e0 ceux d&rsquo;un rhume, mais la perte de go\u00fbt et d&rsquo;odorat, ainsi que la fi\u00e8vre \u00e9lev\u00e9e, sont des indicateurs plus sp\u00e9cifiques \u00e0 surveiller. <\/p>\n<p><b>Quand faut-il consulter un m\u00e9decin ?<\/b><br \/>\nIl est conseill\u00e9 de consulter un m\u00e9decin si vous ressentez des sympt\u00f4mes graves, comme des difficult\u00e9s respiratoires, une douleur persistante dans la poitrine ou une confusion mentale. <\/p>\n<p><b>Le test est-il n\u00e9cessaire si je pr\u00e9sente des sympt\u00f4mes ?<\/b><br \/>\nOui, il est fortement recommand\u00e9 de se faire tester si vous pr\u00e9sentez des sympt\u00f4mes du covid-19 afin de confirmer l&rsquo;infection et de suivre les protocoles de sant\u00e9 publique.<\/p>\n","protected":false},"excerpt":{"rendered":"<p>Play on YouTube Les sympt\u00f4mes du covid 19 : une alerte sur votre sant\u00e9 Le covid-19, ce virus sournois qui a fait son apparition dans nos vies, s&rsquo;accompagne d&rsquo;une palette de sympt\u00f4mes vari\u00e9s. Il est essentiel de rester attentif \u00e0 ces signaux que notre corps nous envoie. Parmi les manifestations les plus fr\u00e9quentes, on retrouve&#8230;<\/p>\n","protected":false},"author":1,"featured_media":2304,"comment_status":"","ping_status":"","sticky":false,"template":"","format":"standard","meta":{"_kad_post_transparent":"","_kad_post_title":"","_kad_post_layout":"","_kad_post_sidebar_id":"","_kad_post_content_style":"","_kad_post_vertical_padding":"","_kad_post_feature":"","_kad_post_feature_position":"","_kad_post_header":false,"_kad_post_footer":false,"_kad_post_classname":"","iawp_total_views":0,"footnotes":""},"categories":[1],"tags":[],"class_list":["post-2303","post","type-post","status-publish","format-standard","has-post-thumbnail","hentry","category-actualites"],"_links":{"self":[{"href":"https:\/\/www.dmoz.fr\/tendances\/wp-json\/wp\/v2\/posts\/2303","targetHints":{"allow":["GET"]}}],"collection":[{"href":"https:\/\/www.dmoz.fr\/tendances\/wp-json\/wp\/v2\/posts"}],"about":[{"href":"https:\/\/www.dmoz.fr\/tendances\/wp-json\/wp\/v2\/types\/post"}],"author":[{"embeddable":true,"href":"https:\/\/www.dmoz.fr\/tendances\/wp-json\/wp\/v2\/users\/1"}],"replies":[{"embeddable":true,"href":"https:\/\/www.dmoz.fr\/tendances\/wp-json\/wp\/v2\/comments?post=2303"}],"version-history":[{"count":0,"href":"https:\/\/www.dmoz.fr\/tendances\/wp-json\/wp\/v2\/posts\/2303\/revisions"}],"wp:featuredmedia":[{"embeddable":true,"href":"https:\/\/www.dmoz.fr\/tendances\/wp-json\/wp\/v2\/media\/2304"}],"wp:attachment":[{"href":"https:\/\/www.dmoz.fr\/tendances\/wp-json\/wp\/v2\/media?parent=2303"}],"wp:term":[{"taxonomy":"category","embeddable":true,"href":"https:\/\/www.dmoz.fr\/tendances\/wp-json\/wp\/v2\/categories?post=2303"},{"taxonomy":"post_tag","embeddable":true,"href":"https:\/\/www.dmoz.fr\/tendances\/wp-json\/wp\/v2\/tags?post=2303"}],"curies":[{"name":"wp","href":"https:\/\/api.w.org\/{rel}","templated":true}]}}