{"id":2317,"date":"2025-02-28T10:49:38","date_gmt":"2025-02-28T09:49:38","guid":{"rendered":"https:\/\/www.dmoz.fr\/tendances\/morts-covid-france\/"},"modified":"2025-02-28T10:49:38","modified_gmt":"2025-02-28T09:49:38","slug":"morts-covid-france","status":"publish","type":"post","link":"https:\/\/www.dmoz.fr\/tendances\/morts-covid-france\/","title":{"rendered":"Morts Covid en France : r\u00e9v\u00e9lations chocs sur la r\u00e9alit\u00e9 derri\u00e8re les chiffres"},"content":{"rendered":"<p><\/p>\n<div id='video-container' data-video-id='dmPN8py-A6s' style='width:100%; height:auto; max-width:587px; position: relative;'>\n<div class='image-video-plugin' style='background:url(\"https:\/\/img.youtube.com\/vi\/dmPN8py-A6s\/0.jpg\") center no-repeat; background-size: cover;'><\/div>\n<p>        <span class='youtube-play-button'><\/span><br \/>\n        <noscript><a href=\"https:\/\/www.youtube.com\/watch?v=dmPN8py-A6s\" target=\"_blank\" rel=\"noopener\">Play on YouTube<\/a><\/noscript>\n    <\/div>\n<p><\/p>\n<h2>Les chiffres des morts Covid en France : une r\u00e9alit\u00e9 troublante<\/h2>\n<p>La pand\u00e9mie de Covid-19 a laiss\u00e9 une empreinte ind\u00e9l\u00e9bile sur la soci\u00e9t\u00e9 fran\u00e7aise, et les chiffres des d\u00e9c\u00e8s en sont un t\u00e9moignage accablant. Depuis le d\u00e9but de la crise sanitaire, la France a enregistr\u00e9 plus de 150 000 d\u00e9c\u00e8s li\u00e9s au virus, un chiffre qui fait froid dans le dos et qui nous rappelle \u00e0 quel point cette maladie est impitoyable. Chaque num\u00e9ro repr\u00e9sente une vie, une histoire, un \u00eatre cher perdu. Les statistiques sont bien plus que de simples chiffres, elles sont le reflet d&rsquo;une douleur collective. En analysant ces donn\u00e9es, on peut voir des pics de mortalit\u00e9 durant les vagues \u00e9pid\u00e9miques, notamment en mars et avril 2020, o\u00f9 les h\u00f4pitaux \u00e9taient submerg\u00e9s. Les plus touch\u00e9s ont souvent \u00e9t\u00e9 les personnes \u00e2g\u00e9es, mais la maladie n&rsquo;a pas \u00e9pargn\u00e9 les plus jeunes, ce qui rend la situation d&rsquo;autant plus tragique. <\/p>\n<p>En scrutant ces chiffres, il est important de ne pas perdre de vue les r\u00e9alit\u00e9s humaines derri\u00e8re ces statistiques. Les h\u00f4pitaux, en premi\u00e8re ligne, ont d\u00fb faire face \u00e0 des choix d\u00e9chirants, souvent confront\u00e9s \u00e0 un manque de ressources. Les t\u00e9moignages des soignants, ces h\u00e9ros du quotidien, font \u00e9tat d&rsquo;une fatigue extr\u00eame et d&rsquo;une d\u00e9tresse \u00e9motionnelle qui s&rsquo;est install\u00e9e. Chaque d\u00e9c\u00e8s a eu des r\u00e9percussions sur les familles, les amis, et m\u00eame sur des communaut\u00e9s enti\u00e8res. Les chiffres des morts sont un indicateur, mais ils soulignent aussi l&rsquo;urgence de la solidarit\u00e9 et de la responsabilit\u00e9 collective face \u00e0 cette pand\u00e9mie. En examinant ces donn\u00e9es, il est crucial de rester vigilant, de continuer \u00e0 respecter les gestes barri\u00e8res et de se faire vacciner, afin de rendre hommage aux disparus et de prot\u00e9ger ceux qui restent.<\/p>\n<h3>Des chiffres qui parlent<\/h3>\n<ul>\n<li><b>150 000<\/b> d\u00e9c\u00e8s confirm\u00e9s en France depuis le d\u00e9but de la pand\u00e9mie.<\/li>\n<li>Pics de mortalit\u00e9 observ\u00e9s en <b>mars et avril 2020<\/b>.<\/li>\n<li>Les personnes \u00e2g\u00e9es sont les plus touch\u00e9es, mais <b>tous les \u00e2ges<\/b> sont concern\u00e9s.<\/li>\n<\/ul>\n<h3>Les cons\u00e9quences humaines<\/h3>\n<p>Les effets de la pand\u00e9mie ne se limitent pas aux chiffres. Les familles endeuill\u00e9es vivent un v\u00e9ritable traumatisme, et le syst\u00e8me de sant\u00e9 a \u00e9t\u00e9 mis \u00e0 rude \u00e9preuve. Les t\u00e9moignages de ceux qui ont perdu des proches sont empreints de chagrin, mais aussi de r\u00e9silience. La France a travers\u00e9 des moments sombres, et chaque chiffre de d\u00e9c\u00e8s r\u00e9sonne comme un appel \u00e0 l&rsquo;action pour pr\u00e9venir de futures trag\u00e9dies. Les chiffres des morts Covid ne doivent pas \u00eatre une simple donn\u00e9e statistique, mais un rappel constant de l&rsquo;importance de la sant\u00e9 publique et de la solidarit\u00e9 humaine.<\/p>\n<h3>En qu\u00eate de r\u00e9ponses<\/h3>\n<p>La soci\u00e9t\u00e9 se questionne : comment en sommes-nous arriv\u00e9s l\u00e0 ? Quelles le\u00e7ons tirer de cette crise ? Les chiffres des morts Covid en France sont une r\u00e9alit\u00e9 troublante qui appelle \u00e0 une r\u00e9flexion profonde sur notre mode de vie, notre rapport \u00e0 la sant\u00e9, et notre capacit\u00e9 \u00e0 nous unir face \u00e0 l&rsquo;adversit\u00e9. C&rsquo;est en confrontant ces r\u00e9alit\u00e9s que nous pourrons esp\u00e9rer b\u00e2tir un avenir meilleur. <\/p>\n<h3>Questions br\u00fblantes sur la pand\u00e9mie<\/h3>\n<ul>\n<li>Comment les autorit\u00e9s g\u00e8rent-elles la m\u00e9moire des victimes ?<\/li>\n<li>Quelles mesures sont mises en place pour \u00e9viter de futurs drames ?<\/li>\n<li>Quel impact psychologique la pand\u00e9mie a-t-elle sur la population ?<\/li>\n<\/ul>\n<h2>R\u00e9actions et impacts des d\u00e9c\u00e8s li\u00e9s au Covid en France<\/h2>\n<p>Les d\u00e9c\u00e8s li\u00e9s au Covid-19 en France ont suscit\u00e9 des r\u00e9actions vari\u00e9es, oscillant entre l&rsquo;indignation et la solidarit\u00e9. En effet, face \u00e0 une crise sanitaire sans pr\u00e9c\u00e9dent, la population a d\u00fb faire face \u00e0 des \u00e9motions exacerb\u00e9es. Les chiffres, souvent tragiques, ont mis en lumi\u00e8re une r\u00e9alit\u00e9 brutale : des vies perdues, des familles d\u00e9vast\u00e9es. Les r\u00e9seaux sociaux se sont transform\u00e9s en plateformes d&rsquo;hommages, o\u00f9 des milliers de Fran\u00e7ais ont partag\u00e9 leurs chagrins, leurs souvenirs et leurs r\u00e9flexions sur la perte d&rsquo;\u00eatres chers. Les c\u00e9r\u00e9monies en hommage aux victimes, bien que limit\u00e9es par les restrictions sanitaires, ont \u00e9t\u00e9 des moments forts, o\u00f9 la douleur collective a \u00e9t\u00e9 palpable. Les artistes, les c\u00e9l\u00e9brit\u00e9s, mais aussi des anonymes ont exprim\u00e9 leur tristesse \u00e0 travers des \u0153uvres, des chansons et des initiatives, traduisant ainsi une volont\u00e9 de se rassembler malgr\u00e9 la distance impos\u00e9e par la pand\u00e9mie.<\/p>\n<p>Sur le plan soci\u00e9tal, ces d\u00e9c\u00e8s ont engendr\u00e9 des impacts profonds, notamment sur la sant\u00e9 mentale des Fran\u00e7ais. La peur de perdre un proche, l&rsquo;angoisse face \u00e0 la maladie, et le sentiment d&rsquo;impuissance ont exacerb\u00e9 des troubles pr\u00e9existants ou en ont fait \u00e9merger de nouveaux. Les professionnels de la sant\u00e9 mentale ont vu une hausse significative des consultations, t\u00e9moignant d&rsquo;une souffrance latente qui a pris de l&rsquo;ampleur. Parall\u00e8lement, la question de la gestion des fun\u00e9railles a \u00e9galement \u00e9t\u00e9 au c\u0153ur des pr\u00e9occupations. Les restrictions impos\u00e9es par les autorit\u00e9s ont engendr\u00e9 des d\u00e9bats sur le droit \u00e0 un dernier adieu digne, sur l&rsquo;importance des rituels de deuil et sur la n\u00e9cessit\u00e9 de r\u00e9inventer ces moments cruciaux dans un contexte de distanciation. Les d\u00e9bats publics ont \u00e9t\u00e9 aliment\u00e9s par des t\u00e9moignages poignants, mettant en exergue le besoin de repenser notre rapport \u00e0 la mort et au deuil dans une soci\u00e9t\u00e9 marqu\u00e9e par l&rsquo;isolement.<\/p>\n<h3>Questions br\u00fblantes autour des d\u00e9c\u00e8s li\u00e9s au Covid-19<\/h3>\n<ul>\n<li><b>Comment les familles ont-elles fait face \u00e0 la perte d&rsquo;un proche ?<\/b><\/li>\n<li><b>Quelles initiatives ont vu le jour pour honorer la m\u00e9moire des victimes ?<\/b><\/li>\n<li><b>Comment le syst\u00e8me de sant\u00e9 a-t-il r\u00e9agi face \u00e0 cette crise ?<\/b><\/li>\n<li><b>Quels impacts psychologiques ont \u00e9t\u00e9 observ\u00e9s dans la population ?<\/b><\/li>\n<li><b>Quel r\u00f4le ont jou\u00e9 les m\u00e9dias dans la couverture de ces d\u00e9c\u00e8s ?<\/b><\/li>\n<\/ul>\n<p>Les d\u00e9c\u00e8s li\u00e9s au Covid-19 ont \u00e9galement mis en lumi\u00e8re les in\u00e9galit\u00e9s sociales existantes en France. Les populations les plus vuln\u00e9rables, souvent issues de milieux d\u00e9favoris\u00e9s, ont \u00e9t\u00e9 touch\u00e9es de mani\u00e8re disproportionn\u00e9e. Les t\u00e9moignages de ces familles, souvent oubli\u00e9es dans les discours politiques, ont fait \u00e9merger des questions sur l&rsquo;acc\u00e8s aux soins, sur la pr\u00e9carit\u00e9 et sur la n\u00e9cessit\u00e9 de r\u00e9former notre syst\u00e8me de sant\u00e9. Les d\u00e9bats autour de l&rsquo;\u00e9quit\u00e9 en mati\u00e8re de sant\u00e9 se sont intensifi\u00e9s, soulignant l&rsquo;urgence de mettre en place des politiques publiques plus justes. La crise a r\u00e9v\u00e9l\u00e9 des fractures au sein de la soci\u00e9t\u00e9, incitant de nombreux acteurs \u00e0 r\u00e9fl\u00e9chir \u00e0 des solutions durables pour \u00e9viter que de telles trag\u00e9dies ne se reproduisent \u00e0 l&rsquo;avenir. <\/p>\n<p>La mobilisation citoyenne a \u00e9galement \u00e9t\u00e9 un aspect marquant de cette p\u00e9riode. Des groupes de soutien se sont form\u00e9s, offrant \u00e9coute et r\u00e9confort aux familles endeuill\u00e9es. Ces initiatives, souvent locales, ont permis de cr\u00e9er des liens et de renforcer le tissu social, m\u00eame dans une p\u00e9riode d&rsquo;isolement. L&rsquo;entraide et la solidarit\u00e9 ont pris des formes vari\u00e9es, allant des collectes de fonds aux repas partag\u00e9s, t\u00e9moignant d&rsquo;une r\u00e9silience collective face \u00e0 l&rsquo;adversit\u00e9. Cette dynamique de soutien mutuel a \u00e9t\u00e9 essentielle pour de nombreuses personnes, permettant de surmonter la douleur et de trouver un sens \u00e0 cette trag\u00e9die collective.<\/p>\n","protected":false},"excerpt":{"rendered":"<p>Play on YouTube Les chiffres des morts Covid en France : une r\u00e9alit\u00e9 troublante La pand\u00e9mie de Covid-19 a laiss\u00e9 une empreinte ind\u00e9l\u00e9bile sur la soci\u00e9t\u00e9 fran\u00e7aise, et les chiffres des d\u00e9c\u00e8s en sont un t\u00e9moignage accablant. Depuis le d\u00e9but de la crise sanitaire, la France a enregistr\u00e9 plus de 150 000 d\u00e9c\u00e8s li\u00e9s au&#8230;<\/p>\n","protected":false},"author":1,"featured_media":2318,"comment_status":"","ping_status":"","sticky":false,"template":"","format":"standard","meta":{"_kad_post_transparent":"","_kad_post_title":"","_kad_post_layout":"","_kad_post_sidebar_id":"","_kad_post_content_style":"","_kad_post_vertical_padding":"","_kad_post_feature":"","_kad_post_feature_position":"","_kad_post_header":false,"_kad_post_footer":false,"_kad_post_classname":"","iawp_total_views":0,"footnotes":""},"categories":[1],"tags":[],"class_list":["post-2317","post","type-post","status-publish","format-standard","has-post-thumbnail","hentry","category-actualites"],"_links":{"self":[{"href":"https:\/\/www.dmoz.fr\/tendances\/wp-json\/wp\/v2\/posts\/2317","targetHints":{"allow":["GET"]}}],"collection":[{"href":"https:\/\/www.dmoz.fr\/tendances\/wp-json\/wp\/v2\/posts"}],"about":[{"href":"https:\/\/www.dmoz.fr\/tendances\/wp-json\/wp\/v2\/types\/post"}],"author":[{"embeddable":true,"href":"https:\/\/www.dmoz.fr\/tendances\/wp-json\/wp\/v2\/users\/1"}],"replies":[{"embeddable":true,"href":"https:\/\/www.dmoz.fr\/tendances\/wp-json\/wp\/v2\/comments?post=2317"}],"version-history":[{"count":0,"href":"https:\/\/www.dmoz.fr\/tendances\/wp-json\/wp\/v2\/posts\/2317\/revisions"}],"wp:featuredmedia":[{"embeddable":true,"href":"https:\/\/www.dmoz.fr\/tendances\/wp-json\/wp\/v2\/media\/2318"}],"wp:attachment":[{"href":"https:\/\/www.dmoz.fr\/tendances\/wp-json\/wp\/v2\/media?parent=2317"}],"wp:term":[{"taxonomy":"category","embeddable":true,"href":"https:\/\/www.dmoz.fr\/tendances\/wp-json\/wp\/v2\/categories?post=2317"},{"taxonomy":"post_tag","embeddable":true,"href":"https:\/\/www.dmoz.fr\/tendances\/wp-json\/wp\/v2\/tags?post=2317"}],"curies":[{"name":"wp","href":"https:\/\/api.w.org\/{rel}","templated":true}]}}