{"id":2459,"date":"2025-03-01T05:35:26","date_gmt":"2025-03-01T04:35:26","guid":{"rendered":"https:\/\/www.dmoz.fr\/tendances\/retraite-ne-en-1963-nouvelle-reforme\/"},"modified":"2025-03-01T05:35:26","modified_gmt":"2025-03-01T04:35:26","slug":"retraite-ne-en-1963-nouvelle-reforme","status":"publish","type":"post","link":"https:\/\/www.dmoz.fr\/tendances\/retraite-ne-en-1963-nouvelle-reforme\/","title":{"rendered":"Retraite n\u00e9e en 1963 : d\u00e9couvrez la nouvelle r\u00e9forme qui change tout !"},"content":{"rendered":"<h2>Retraite n\u00e9 en 1963 : les d\u00e9fis de la nouvelle r\u00e9forme<\/h2>\n<p>La r\u00e9forme des retraites a toujours \u00e9t\u00e9 un sujet d\u00e9licat, mais pour ceux n\u00e9s en 1963, elle rev\u00eat un caract\u00e8re particuli\u00e8rement \u00e9pineux. Ces individus, souvent appel\u00e9s \u00ab g\u00e9n\u00e9rations sacrifi\u00e9es \u00bb, se retrouvent \u00e0 jongler entre des promesses de s\u00e9curit\u00e9 et une r\u00e9alit\u00e9 qui semble s&rsquo;assombrir. Les modifications apport\u00e9es au syst\u00e8me de retraite, telles que le recul de l&rsquo;\u00e2ge de d\u00e9part ou la r\u00e9vision des conditions d&rsquo;acc\u00e8s \u00e0 une pension \u00e0 taux plein, suscitent de vives inqui\u00e9tudes. De nombreux retrait\u00e9s potentiels se questionnent sur l&rsquo;\u00e9quilibre de leur avenir financier. En effet, alors que le syst\u00e8me de retraite traditionnel s&rsquo;effrite, les personnes n\u00e9es en 1963 doivent d\u00e9sormais naviguer dans un oc\u00e9an d&rsquo;incertitudes. <\/p>\n<p>Les d\u00e9fis auxquels ils font face ne se limitent pas seulement \u00e0 l&rsquo;\u00e2ge de d\u00e9part. Les modalit\u00e9s de calcul des pensions \u00e9voluent \u00e9galement, avec une tendance vers des retraites moins g\u00e9n\u00e9reuses. Pour beaucoup, cela signifie devoir travailler plus longtemps ou, pire encore, envisager des emplois pr\u00e9caires \u00e0 un \u00e2ge avanc\u00e9. Ces nouvelles normes provoquent un sentiment d&rsquo;injustice, car la promesse d&rsquo;une retraite confortable semble s&rsquo;\u00e9loigner. Les enjeux de cette r\u00e9forme sont donc cruciaux, notamment en ce qui concerne la solidarit\u00e9 interg\u00e9n\u00e9rationnelle et la pr\u00e9servation du pouvoir d&rsquo;achat des futurs retrait\u00e9s. Les personnes n\u00e9es en 1963 doivent donc se pr\u00e9parer \u00e0 un parcours sem\u00e9 d&#8217;emb\u00fbches, o\u00f9 la vigilance et l&rsquo;adaptabilit\u00e9 seront les ma\u00eetres mots de leur retraite.<\/p>\n<h3>Questions fr\u00e9quentes sur la r\u00e9forme des retraites pour les n\u00e9s en 1963<\/h3>\n<ul>\n<li><b>Quel est l&rsquo;\u00e2ge de d\u00e9part \u00e0 la retraite pour ceux n\u00e9s en 1963 ?<\/b><\/li>\n<li><b>Comment la r\u00e9forme impacte-t-elle le montant des pensions ?<\/b><\/li>\n<li><b>Quels sont les recours possibles en cas de d\u00e9saccord avec la r\u00e9forme ?<\/b><\/li>\n<li><b>Quelles sont les alternatives pour pr\u00e9parer sa retraite ?<\/b><\/li>\n<\/ul>\n<p>Les r\u00e9ponses \u00e0 ces questions sont essentielles pour comprendre l&rsquo;ampleur de la r\u00e9forme et ses cons\u00e9quences. Les personnes n\u00e9es en 1963 doivent \u00eatre conscientes des changements qui les attendent et s&rsquo;informer activement sur les options qui s&rsquo;offrent \u00e0 elles. La transparence et l&rsquo;acc\u00e8s \u00e0 l&rsquo;information sont des cl\u00e9s pour naviguer dans ce nouveau paysage, car la r\u00e9forme des retraites n&rsquo;est pas simplement une question d&rsquo;\u00e2ge, mais un v\u00e9ritable enjeu de soci\u00e9t\u00e9 qui touche chacun d&rsquo;entre nous.<\/p>\n<h2>Comprendre les impacts de la r\u00e9forme sur votre avenir<\/h2>\n<p>La r\u00e9forme en cours suscite de nombreuses interrogations quant \u00e0 ses r\u00e9percussions sur votre quotidien et votre avenir professionnel. En effet, les changements envisag\u00e9s touchent divers aspects de la vie \u00e9conomique et sociale, ce qui rend essentiel de s&rsquo;informer pour mieux anticiper. D&rsquo;un c\u00f4t\u00e9, il y a des promesses de simplification administrative qui pourraient all\u00e9ger les d\u00e9marches et rendre le march\u00e9 du travail plus accessible. D&rsquo;un autre, des craintes \u00e9mergent concernant la pr\u00e9carisation de certains secteurs, avec une instabilit\u00e9 accrue pour les travailleurs. Par cons\u00e9quent, il est crucial d\u2019analyser en profondeur ces changements afin de comprendre comment ils vont influencer non seulement vos opportunit\u00e9s d&#8217;emploi, mais \u00e9galement votre s\u00e9curit\u00e9 financi\u00e8re \u00e0 long terme.<\/p>\n<p>En explorant les diff\u00e9rentes facettes de cette r\u00e9forme, plusieurs \u00e9l\u00e9ments cl\u00e9s m\u00e9ritent d&rsquo;\u00eatre mis en avant. Tout d&rsquo;abord, les <b>nouvelles r\u00e9glementations<\/b> sur le march\u00e9 du travail pourraient entra\u00eener une reconfiguration des contrats de travail, ce qui pourrait \u00eatre \u00e0 la fois une chance et un risque pour les salari\u00e9s. Ensuite, la <b>formation professionnelle<\/b> est mise \u00e0 l&rsquo;honneur, avec des dispositifs qui visent \u00e0 am\u00e9liorer les comp\u00e9tences des travailleurs. Cela signifie que ceux qui s&rsquo;engagent dans un processus de formation continu peuvent se retrouver mieux arm\u00e9s pour naviguer dans un environnement en constante \u00e9volution. Enfin, il est n\u00e9cessaire de pr\u00eater attention aux <b>impacts sur les retraites<\/b>, car des changements dans le syst\u00e8me de pension peuvent influencer votre avenir financier et votre qualit\u00e9 de vie \u00e0 la retraite. Il est donc primordial de rester inform\u00e9 et de se pr\u00e9parer en cons\u00e9quence.<\/p>\n<h3>Vos interrogations, nos r\u00e9ponses<\/h3>\n<ul>\n<li><b>Quels sont les principaux changements apport\u00e9s par la r\u00e9forme ?<\/b> Les r\u00e9formes portent sur la simplification des proc\u00e9dures administratives, la flexibilit\u00e9 des contrats de travail et le renforcement des dispositifs de formation professionnelle.<\/li>\n<li><b>Comment la r\u00e9forme affecte-t-elle les travailleurs pr\u00e9caires ?<\/b> Elle pourrait augmenter la pr\u00e9carit\u00e9 dans certains secteurs, rendant plus difficile l&rsquo;acc\u00e8s \u00e0 des contrats stables.<\/li>\n<li><b>Quelles opportunit\u00e9s la r\u00e9forme offre-t-elle aux jeunes ?<\/b> Les dispositifs de formation renforc\u00e9s peuvent offrir aux jeunes des comp\u00e9tences recherch\u00e9es sur le march\u00e9, augmentant ainsi leur employabilit\u00e9.<\/li>\n<li><b>Comment se pr\u00e9parer aux changements ?<\/b> Il est essentiel de se tenir inform\u00e9 des \u00e9volutions l\u00e9gislatives et de s&rsquo;engager dans des formations pour s&rsquo;adapter aux nouvelles exigences du march\u00e9.<\/li>\n<\/ul>\n","protected":false},"excerpt":{"rendered":"<p>Retraite n\u00e9 en 1963 : les d\u00e9fis de la nouvelle r\u00e9forme La r\u00e9forme des retraites a toujours \u00e9t\u00e9 un sujet d\u00e9licat, mais pour ceux n\u00e9s en 1963, elle rev\u00eat un caract\u00e8re particuli\u00e8rement \u00e9pineux. Ces individus, souvent appel\u00e9s \u00ab g\u00e9n\u00e9rations sacrifi\u00e9es \u00bb, se retrouvent \u00e0 jongler entre des promesses de s\u00e9curit\u00e9 et une r\u00e9alit\u00e9 qui semble&#8230;<\/p>\n","protected":false},"author":1,"featured_media":0,"comment_status":"","ping_status":"","sticky":false,"template":"","format":"standard","meta":{"_kad_post_transparent":"","_kad_post_title":"","_kad_post_layout":"","_kad_post_sidebar_id":"","_kad_post_content_style":"","_kad_post_vertical_padding":"","_kad_post_feature":"","_kad_post_feature_position":"","_kad_post_header":false,"_kad_post_footer":false,"_kad_post_classname":"","iawp_total_views":2,"footnotes":""},"categories":[1],"tags":[],"class_list":["post-2459","post","type-post","status-publish","format-standard","hentry","category-actualites"],"_links":{"self":[{"href":"https:\/\/www.dmoz.fr\/tendances\/wp-json\/wp\/v2\/posts\/2459","targetHints":{"allow":["GET"]}}],"collection":[{"href":"https:\/\/www.dmoz.fr\/tendances\/wp-json\/wp\/v2\/posts"}],"about":[{"href":"https:\/\/www.dmoz.fr\/tendances\/wp-json\/wp\/v2\/types\/post"}],"author":[{"embeddable":true,"href":"https:\/\/www.dmoz.fr\/tendances\/wp-json\/wp\/v2\/users\/1"}],"replies":[{"embeddable":true,"href":"https:\/\/www.dmoz.fr\/tendances\/wp-json\/wp\/v2\/comments?post=2459"}],"version-history":[{"count":0,"href":"https:\/\/www.dmoz.fr\/tendances\/wp-json\/wp\/v2\/posts\/2459\/revisions"}],"wp:attachment":[{"href":"https:\/\/www.dmoz.fr\/tendances\/wp-json\/wp\/v2\/media?parent=2459"}],"wp:term":[{"taxonomy":"category","embeddable":true,"href":"https:\/\/www.dmoz.fr\/tendances\/wp-json\/wp\/v2\/categories?post=2459"},{"taxonomy":"post_tag","embeddable":true,"href":"https:\/\/www.dmoz.fr\/tendances\/wp-json\/wp\/v2\/tags?post=2459"}],"curies":[{"name":"wp","href":"https:\/\/api.w.org\/{rel}","templated":true}]}}