{"id":2623,"date":"2025-03-01T22:09:38","date_gmt":"2025-03-01T21:09:38","guid":{"rendered":"https:\/\/www.dmoz.fr\/tendances\/le-rapport-de-brodeck\/"},"modified":"2025-03-01T22:09:38","modified_gmt":"2025-03-01T21:09:38","slug":"le-rapport-de-brodeck","status":"publish","type":"post","link":"https:\/\/www.dmoz.fr\/tendances\/le-rapport-de-brodeck\/","title":{"rendered":"Le rapport de Brodeck : une exploration fascinante de l&rsquo;\u00e2me humaine et de la v\u00e9rit\u00e9 cach\u00e9e"},"content":{"rendered":"<h2>Analyse des th\u00e8mes du rapport de brodeck<\/h2>\n<h3>La qu\u00eate de l&rsquo;identit\u00e9<\/h3>\n<p>Dans \u00ab Le Rapport de Brodeck \u00bb, l\u2019identit\u00e9 est un th\u00e8me central qui se d\u00e9ploie \u00e0 travers le personnage principal, Brodeck lui-m\u00eame. Ce dernier, confront\u00e9 \u00e0 la barbarie humaine, s&rsquo;interroge sur sa propre place dans un monde o\u00f9 les fronti\u00e8res entre le bien et le mal semblent floues. <b>La qu\u00eate de l\u2019identit\u00e9<\/b> est ainsi mise en lumi\u00e8re par ses r\u00e9flexions int\u00e9rieures, o\u00f9 il cherche \u00e0 comprendre son r\u00f4le en tant qu\u2019observateur et narrateur de l&rsquo;horreur. Les \u00e9v\u00e9nements tragiques qui se d\u00e9roulent dans son village, marqu\u00e9s par la pr\u00e9sence d\u2019un \u00e9tranger, r\u00e9v\u00e8lent les tensions inh\u00e9rentes \u00e0 la nature humaine. La dualit\u00e9 entre l\u2019appartenance et l\u2019ali\u00e9nation est palpable, et Brodeck est tiraill\u00e9 entre son devoir de m\u00e9moire et son d\u00e9sir d&rsquo;\u00e9chapper \u00e0 un pass\u00e9 douloureux.<\/p>\n<h3>La m\u00e9moire et le t\u00e9moignage<\/h3>\n<p>Un autre th\u00e8me majeur du r\u00e9cit est celui de <b>la m\u00e9moire<\/b> et du <b>t\u00e9moignage<\/b>. Brodeck, en tant que narrateur, se voit confier la t\u00e2che de relater les \u00e9v\u00e9nements tragiques qui ont secou\u00e9 sa communaut\u00e9. Ce processus de t\u00e9moignage est charg\u00e9 de responsabilit\u00e9, car il doit non seulement raconter les faits, mais aussi leur donner sens. La m\u00e9moire collective du village est mise \u00e0 mal par la violence, et Brodeck devient le gardien d\u2019un r\u00e9cit que beaucoup pr\u00e9f\u00e8rent oublier. La lutte pour pr\u00e9server la m\u00e9moire des victimes et d\u00e9noncer les atrocit\u00e9s commises soul\u00e8ve des questions essentielles sur la nature du r\u00e9cit historique et la mani\u00e8re dont il peut fa\u00e7onner l\u2019identit\u00e9 d\u2019un peuple. En s&rsquo;engageant dans cette entreprise m\u00e9morielle, Brodeck incarne le dilemme de l\u2019\u00e9crivain face \u00e0 l\u2019horreur : comment t\u00e9moigner sans tomber dans le pathos ou l&rsquo;oubli ?<\/p>\n<h3>Les th\u00e8mes de l&rsquo;alt\u00e9rit\u00e9<\/h3>\n<p>L\u2019alt\u00e9rit\u00e9, ou la confrontation avec l\u2019autre, est \u00e9galement un th\u00e8me r\u00e9current dans le roman. L\u2019arriv\u00e9e de l\u2019\u00e9tranger dans le village symbolise la peur de l\u2019inconnu et l\u2019intol\u00e9rance qui en d\u00e9coule. Brodeck, qui est lui-m\u00eame per\u00e7u comme un marginal, doit naviguer entre son empathie pour cet autre et la suspicion ambiante qui r\u00e8gne autour de lui. <b>La peur de l\u2019autre<\/b> est ainsi mise en exergue, r\u00e9v\u00e9lant les m\u00e9canismes de d\u00e9fense des individus face \u00e0 la diff\u00e9rence. Ce th\u00e8me est d\u2019autant plus poignant dans le contexte de la Seconde Guerre mondiale, o\u00f9 l\u2019\u00e9tranger devient souvent un bouc \u00e9missaire, et o\u00f9 les pr\u00e9jug\u00e9s prennent le pas sur la raison. \u00c0 travers cette dynamique, le roman interroge notre capacit\u00e9 \u00e0 accepter l\u2019autre dans toute sa complexit\u00e9.<\/p>\n<h3>La nature humaine et la barbarie<\/h3>\n<p>Le rapport de Brodeck plonge aussi dans les ab\u00eemes de la <b>nature humaine<\/b>, explorant la fronti\u00e8re t\u00e9nue entre la civilisation et la barbarie. Les \u00e9v\u00e9nements tragiques qui se d\u00e9roulent dans le village mettent en lumi\u00e8re la capacit\u00e9 de l\u2019homme \u00e0 commettre l\u2019irr\u00e9m\u00e9diable. Brodeck, en tant que t\u00e9moin de ces atrocit\u00e9s, se retrouve face \u00e0 une question d\u00e9stabilisante : qu&rsquo;est-ce qui pousse un homme \u00e0 devenir un bourreau ? Cette interrogation sur la nature humaine soul\u00e8ve des r\u00e9flexions profondes sur la moralit\u00e9 et la responsabilit\u00e9 individuelle. Le roman devient ainsi une m\u00e9ditation sur la fragilit\u00e9 des valeurs humaines face \u00e0 la brutalit\u00e9 des instincts primaires.<\/p>\n<h3>Exploration de la culpabilit\u00e9<\/h3>\n<p>Enfin, la culpabilit\u00e9 \u00e9merge comme un th\u00e8me omnipr\u00e9sent dans le r\u00e9cit. Brodeck se d\u00e9bat avec le poids de ses propres choix et de son inaction face \u00e0 la violence qui l&rsquo;entoure. La culpabilit\u00e9 devient un moteur de l\u2019action, mais aussi une source de souffrance. Il est partag\u00e9 entre la n\u00e9cessit\u00e9 de se d\u00e9fendre et celle de se rappeler des victimes, faisant de son rapport une qu\u00eate cathartique. Ce conflit int\u00e9rieur interroge la mani\u00e8re dont les individus vivent leur culpabilit\u00e9 et comment celle-ci peut les pousser \u00e0 agir ou \u00e0 sombrer dans l&rsquo;inaction. \u00c0 travers cette exploration, le roman r\u00e9v\u00e8le les nuances de la condition humaine, o\u00f9 le fardeau de la m\u00e9moire et de la culpabilit\u00e9 p\u00e8se lourd sur les \u00e9paules de ceux qui ont \u00e9t\u00e9 t\u00e9moins de l\u2019horreur.<\/p>\n<h3>Questions qui piquent votre curiosit\u00e9<\/h3>\n<ul>\n<li>Pourquoi Brodeck est-il consid\u00e9r\u00e9 comme un personnage marginal dans son propre village ?<\/li>\n<li>Comment la m\u00e9moire collective influence-t-elle la perception des \u00e9v\u00e9nements tragiques ?<\/li>\n<li>En quoi l&rsquo;alt\u00e9rit\u00e9 est-elle un miroir des peurs humaines ?<\/li>\n<li>Quel r\u00f4le joue la culpabilit\u00e9 dans le processus de t\u00e9moignage de Brodeck ?<\/li>\n<li>Comment le roman aborde-t-il la question de la barbarie et de la civilisation ?<\/li>\n<\/ul>\n<h2>Les personnages cl\u00e9s et leur impact dans le rapport de brodeck<\/h2>\n<h3>Brodeck : le t\u00e9moin et le narrateur<\/h3>\n<p>Brodeck, personnage central du r\u00e9cit, est \u00e0 la fois un observateur et un acteur de l\u2019histoire. Sa qu\u00eate identitaire et son r\u00f4le de narrateur le placent au c\u0153ur des \u00e9v\u00e9nements tragiques qui secouent son village. \u00c0 travers son regard, on d\u00e9couvre les cons\u00e9quences d\u00e9vastatrices de la guerre et de la violence humaine. Brodeck est un homme marqu\u00e9 par le pass\u00e9, et sa sensibilit\u00e9 le pousse \u00e0 interroger le sens de l\u2019existence et de la m\u00e9moire. Son rapport avec les autres personnages, notamment avec l\u2019\u00c9tranger, r\u00e9v\u00e8le des tensions profondes entre l\u2019acceptation et le rejet. Il est le miroir de la soci\u00e9t\u00e9, un reflet de ses contradictions et de ses souffrances. <\/p>\n<h3>L\u2019\u00c9tranger : symbole de l\u2019autre<\/h3>\n<p>L\u2019\u00c9tranger, figure \u00e9nigmatique et tragique, incarne la peur de l\u2019inconnu et le rejet de l\u2019autre. Son arriv\u00e9e dans le village bouleverse l\u2019ordre \u00e9tabli et met en lumi\u00e8re les pr\u00e9jug\u00e9s qui y r\u00e9sident. Les villageois, en proie \u00e0 leurs propres d\u00e9mons, voient en lui un bouc \u00e9missaire, un coupable id\u00e9al sur lequel projeter leurs angoisses. La relation entre Brodeck et l\u2019\u00c9tranger est cruciale : elle souligne les dilemmes moraux auxquels chacun doit faire face. En choisissant de d\u00e9fendre l\u2019\u00c9tranger, Brodeck s\u2019oppose \u00e0 la violence collective, mais cela le place \u00e9galement en marge de la soci\u00e9t\u00e9. Ce choix, lourd de cons\u00e9quences, questionne la notion de solidarit\u00e9 et de responsabilit\u00e9 individuelle dans un contexte de crise.  <\/p>\n<h3>Les autres figures embl\u00e9matiques<\/h3>\n<ul>\n<li><b>La femme de Brodeck :<\/b> son soutien et sa force int\u00e9rieure repr\u00e9sentent l\u2019humanit\u00e9 et l\u2019amour dans un monde en d\u00e9solation.<\/li>\n<li><b>Le narrateur anonyme :<\/b> figure omnipr\u00e9sente, il relie les diff\u00e9rents destins et t\u00e9moigne des douleurs partag\u00e9es.<\/li>\n<li><b>Les villageois :<\/b> ils incarnent la multitude, leurs r\u00e9actions et leurs choix refl\u00e8tent la complexit\u00e9 des comportements face \u00e0 l\u2019adversit\u00e9.<\/li>\n<\/ul>\n<h3>Les th\u00e8mes r\u00e9v\u00e9l\u00e9s par les personnages<\/h3>\n<p>Les interactions entre Brodeck, l\u2019\u00c9tranger et les autres personnages mettent en lumi\u00e8re des th\u00e8mes fondamentaux tels que l\u2019identit\u00e9, la culpabilit\u00e9 et la m\u00e9moire collective. Brodeck, en tant que narrateur, se retrouve \u00e0 jongler avec ces concepts tout en tentant de r\u00e9concilier son pass\u00e9 avec son pr\u00e9sent. L\u2019impact des personnages ne se limite pas \u00e0 leurs actions, mais s\u2019\u00e9tend \u00e9galement \u00e0 la fa\u00e7on dont ils influencent la perception du monde qui les entoure. L\u2019\u00c9tranger, par son existence m\u00eame, force Brodeck et les villageois \u00e0 confronter leurs propres pr\u00e9jug\u00e9s et \u00e0 red\u00e9finir ce qu\u2019ils consid\u00e8rent comme \u00ab normal \u00bb ou \u00ab acceptable \u00bb. <\/p>\n<h3>Des relations complexes et interconnect\u00e9es<\/h3>\n<p>La dynamique entre les personnages est marqu\u00e9e par des relations complexes et souvent conflictuelles. Chaque interaction r\u00e9v\u00e8le des facettes cach\u00e9es des protagonistes, illustrant ainsi leur humanit\u00e9 et leurs faiblesses. Brodeck, en cherchant \u00e0 comprendre l\u2019\u00c9tranger, s\u2019aper\u00e7oit que son propre chemin est pav\u00e9 de souffrances et de choix difficiles. Les villageois, quant \u00e0 eux, oscillent entre solidarit\u00e9 et rejet, ce qui soul\u00e8ve des questions sur la nature humaine et la capacit\u00e9 \u00e0 faire preuve d\u2019empathie face \u00e0 l\u2019inconnu. Ces personnages cl\u00e9s, par leurs actions et leurs choix, contribuent \u00e0 tisser une toile narrative riche et nuanc\u00e9e, o\u00f9 chaque fil est essentiel \u00e0 la compr\u00e9hension du tableau global. <\/p>\n<h3>Vos questions sur les personnages et leur impact<\/h3>\n<p>Vous vous interrogez sur l&rsquo;importance des personnages dans \u00ab Le rapport de Brodeck \u00bb ? Ou peut-\u00eatre souhaitez-vous savoir comment leurs relations influencent l&rsquo;intrigue ? N&rsquo;h\u00e9sitez pas \u00e0 poser vos questions pour approfondir votre compr\u00e9hension de cette \u0153uvre fascinante !<\/p>\n","protected":false},"excerpt":{"rendered":"<p>Analyse des th\u00e8mes du rapport de brodeck La qu\u00eate de l&rsquo;identit\u00e9 Dans \u00ab Le Rapport de Brodeck \u00bb, l\u2019identit\u00e9 est un th\u00e8me central qui se d\u00e9ploie \u00e0 travers le personnage principal, Brodeck lui-m\u00eame. Ce dernier, confront\u00e9 \u00e0 la barbarie humaine, s&rsquo;interroge sur sa propre place dans un monde o\u00f9 les fronti\u00e8res entre le bien et&#8230;<\/p>\n","protected":false},"author":1,"featured_media":0,"comment_status":"","ping_status":"","sticky":false,"template":"","format":"standard","meta":{"_kad_post_transparent":"","_kad_post_title":"","_kad_post_layout":"","_kad_post_sidebar_id":"","_kad_post_content_style":"","_kad_post_vertical_padding":"","_kad_post_feature":"","_kad_post_feature_position":"","_kad_post_header":false,"_kad_post_footer":false,"_kad_post_classname":"","iawp_total_views":0,"footnotes":""},"categories":[1],"tags":[],"class_list":["post-2623","post","type-post","status-publish","format-standard","hentry","category-actualites"],"_links":{"self":[{"href":"https:\/\/www.dmoz.fr\/tendances\/wp-json\/wp\/v2\/posts\/2623","targetHints":{"allow":["GET"]}}],"collection":[{"href":"https:\/\/www.dmoz.fr\/tendances\/wp-json\/wp\/v2\/posts"}],"about":[{"href":"https:\/\/www.dmoz.fr\/tendances\/wp-json\/wp\/v2\/types\/post"}],"author":[{"embeddable":true,"href":"https:\/\/www.dmoz.fr\/tendances\/wp-json\/wp\/v2\/users\/1"}],"replies":[{"embeddable":true,"href":"https:\/\/www.dmoz.fr\/tendances\/wp-json\/wp\/v2\/comments?post=2623"}],"version-history":[{"count":0,"href":"https:\/\/www.dmoz.fr\/tendances\/wp-json\/wp\/v2\/posts\/2623\/revisions"}],"wp:attachment":[{"href":"https:\/\/www.dmoz.fr\/tendances\/wp-json\/wp\/v2\/media?parent=2623"}],"wp:term":[{"taxonomy":"category","embeddable":true,"href":"https:\/\/www.dmoz.fr\/tendances\/wp-json\/wp\/v2\/categories?post=2623"},{"taxonomy":"post_tag","embeddable":true,"href":"https:\/\/www.dmoz.fr\/tendances\/wp-json\/wp\/v2\/tags?post=2623"}],"curies":[{"name":"wp","href":"https:\/\/api.w.org\/{rel}","templated":true}]}}