{"id":2630,"date":"2025-03-01T23:44:58","date_gmt":"2025-03-01T22:44:58","guid":{"rendered":"https:\/\/www.dmoz.fr\/tendances\/etienne-carbonnier-taille\/"},"modified":"2025-03-01T23:44:58","modified_gmt":"2025-03-01T22:44:58","slug":"etienne-carbonnier-taille","status":"publish","type":"post","link":"https:\/\/www.dmoz.fr\/tendances\/etienne-carbonnier-taille\/","title":{"rendered":"Etienne Carbonnier : d\u00e9couvrez sa taille et les secrets de sa pr\u00e9sence sc\u00e9nique !"},"content":{"rendered":"<h2>La taille d&rsquo;\u00c9tienne Carbonnier : un myst\u00e8re \u00e0 percer<\/h2>\n<p>La taille d&rsquo;\u00c9tienne Carbonnier, figure embl\u00e9matique du paysage m\u00e9diatique fran\u00e7ais, suscite de nombreuses interrogations. Les spectateurs, fascin\u00e9s par sa pr\u00e9sence \u00e0 l&rsquo;\u00e9cran, se demandent souvent quel est ce secret qui se cache derri\u00e8re ses mensurations. Est-ce un choix d\u00e9lib\u00e9r\u00e9 de la part de l&rsquo;artiste pour cr\u00e9er un personnage atypique, ou bien s&rsquo;agit-il d&rsquo;un simple ph\u00e9nom\u00e8ne naturel ? Ce qui est certain, c&rsquo;est que sa stature unique contribue \u00e0 sa personnalit\u00e9 captivante. Les rumeurs vont bon train, certains l&rsquo;imaginant haut comme trois pommes, tandis que d&rsquo;autres le voient comme un g\u00e9ant au c\u0153ur tendre. En scrutant les images, il est ais\u00e9 de se laisser emporter par cette ambivalence, mais les chiffres restent \u00e9trangement flous.<\/p>\n<p>D&rsquo;un point de vue technique, plusieurs \u00e9l\u00e9ments peuvent influencer notre perception de la taille d&rsquo;\u00c9tienne Carbonnier. Par exemple, la cam\u00e9ra joue un r\u00f4le crucial dans la mani\u00e8re dont nous le percevons. Les angles, la lumi\u00e8re, m\u00eame la posture peuvent modifier notre jugement. De plus, il est int\u00e9ressant de noter que la taille des autres intervenants autour de lui peut \u00e9galement alt\u00e9rer notre vision. C&rsquo;est un peu comme dans une \u0153uvre d&rsquo;art o\u00f9 chaque d\u00e9tail compte. Les cr\u00e9ateurs d&rsquo;illusions savent bien que la perspective est tout. En fin de compte, la v\u00e9ritable taille d&rsquo;\u00c9tienne reste un myst\u00e8re, une \u00e9nigme qui, loin de se r\u00e9soudre, ne fait qu&rsquo;ajouter \u00e0 son charme. Les passionn\u00e9s du personnage continuent de s&rsquo;interroger, nourrissant ainsi le mythe autour de cet artiste qui, qu&rsquo;il soit grand ou petit, ne laisse personne indiff\u00e9rent.<\/p>\n<h3>Questions br\u00fblantes sur la taille d&rsquo;\u00c9tienne Carbonnier<\/h3>\n<ul>\n<li><b>Quelle est la taille exacte d&rsquo;\u00c9tienne Carbonnier ?<\/b> Les sources sont contradictoires et le myst\u00e8re persiste.<\/li>\n<li><b>Comment sa taille influence-t-elle sa carri\u00e8re ?<\/b> Un regard sur son parcours pourrait r\u00e9v\u00e9ler des surprises.<\/li>\n<li><b>Les autres artistes commentent-ils sa stature ?<\/b> Les opinions divergent, et chaque t\u00e9moignage ajoute une couche au myst\u00e8re.<\/li>\n<li><b>La taille d&rsquo;\u00c9tienne est-elle un atout ou un handicap ?<\/b> La r\u00e9ponse pourrait bien d\u00e9pendre de l&rsquo;\u0153il qui regarde.<\/li>\n<\/ul>\n<h2>\u00c9tienne Carbonnier : plus qu&rsquo;une simple question de taille<\/h2>\n<p>\u00c9tienne Carbonnier, ce nom r\u00e9sonne comme une m\u00e9lodie dans le paysage audiovisuel fran\u00e7ais. Il ne s&rsquo;agit pas uniquement de sa stature physique, mais d&rsquo;une pr\u00e9sence unique qui transcende les simples apparences. Sa capacit\u00e9 \u00e0 jongler avec les mots, \u00e0 tisser des r\u00e9cits captivants, fait de lui un personnage incontournable. Chaque apparition \u00e0 l&rsquo;\u00e9cran est un v\u00e9ritable spectacle, o\u00f9 l&rsquo;humour et la r\u00e9flexion s&rsquo;entrelacent. On pourrait penser que c&rsquo;est sa taille qui attire l&rsquo;attention, mais c&rsquo;est bien plus que cela. C&rsquo;est son charisme, son intelligence et sa mani\u00e8re de captiver le public qui en font un artiste \u00e0 part enti\u00e8re. Son parcours, riche et vari\u00e9, t\u00e9moigne d&rsquo;une profondeur qui d\u00e9passe largement les clich\u00e9s.<\/p>\n<p>Dans le monde de l&rsquo;humour et de la t\u00e9l\u00e9vision, Carbonnier ne se contente pas de faire rire. Il propose une analyse subtile des comportements humains, des travers de notre soci\u00e9t\u00e9, et cela, avec une l\u00e9g\u00e8ret\u00e9 d\u00e9concertante. Sa voix, \u00e0 la fois douce et percutante, s&rsquo;impose comme un v\u00e9ritable instrument de communication. \u00c0 travers ses chroniques et ses interventions, il r\u00e9ussit \u00e0 aborder des sujets parfois d\u00e9licats, tout en gardant un ton accessible. Loin de se limiter \u00e0 une simple question de taille, \u00c9tienne Carbonnier incarne une forme d&rsquo;art qui m\u00e9lange performance et r\u00e9flexion. Sa popularit\u00e9 n&rsquo;est pas seulement due \u00e0 son physique, mais \u00e0 l&rsquo;authenticit\u00e9 qu&rsquo;il d\u00e9gage et \u00e0 la pertinence de ses propos. <\/p>\n<h3>Les multiples facettes d&rsquo;\u00c9tienne Carbonnier<\/h3>\n<ul>\n<li><b>Chroniqueur engag\u00e9 :<\/b> Il aborde des sujets vari\u00e9s, m\u00ealant humour et critique sociale.<\/li>\n<li><b>Artiste polyvalent :<\/b> Ses talents ne se limitent pas \u00e0 la t\u00e9l\u00e9vision, il explore \u00e9galement le th\u00e9\u00e2tre et la sc\u00e8ne.<\/li>\n<li><b>\u00c9coute attentive :<\/b> Il sait capter l&rsquo;air du temps et donner la parole \u00e0 ceux qui l&rsquo;entourent.<\/li>\n<\/ul>\n<h3>Un impact au-del\u00e0 de l&rsquo;\u00e9cran<\/h3>\n<p>Chaque intervention d&rsquo;\u00c9tienne Carbonnier laisse une empreinte durable. Sa capacit\u00e9 \u00e0 aborder des th\u00e8mes de soci\u00e9t\u00e9 avec humour lui permet de toucher un large public, qu&rsquo;il soit jeune ou moins jeune. Sa d\u00e9marche artistique est une invitation \u00e0 la r\u00e9flexion, tout en provoquant le rire. En ce sens, sa pr\u00e9sence est un v\u00e9ritable atout dans le paysage m\u00e9diatique fran\u00e7ais. Il r\u00e9ussit \u00e0 ouvrir des d\u00e9bats tout en divertissant, une prouesse rare dans le monde du divertissement. Sa mani\u00e8re de faire r\u00e9sonner les mots avec une telle force prouve que, finalement, la taille n&rsquo;est qu&rsquo;un d\u00e9tail face \u00e0 l&rsquo;impact que l&rsquo;on peut avoir.<\/p>\n<h3>Des questions qui m\u00e9ritent d&rsquo;\u00eatre pos\u00e9es<\/h3>\n<ul>\n<li>Comment \u00c9tienne Carbonnier parvient-il \u00e0 allier humour et profondeur ?<\/li>\n<li>Quelles sont les inspirations qui nourrissent son travail ?<\/li>\n<li>Pourquoi sa voix r\u00e9sonne-t-elle si fortement dans le c\u0153ur des Fran\u00e7ais ?<\/li>\n<\/ul>\n<p>Avec \u00c9tienne Carbonnier, on ne se contente pas de rire. On r\u00e9fl\u00e9chit, on s&rsquo;interroge, et surtout, on appr\u00e9cie la richesse d&rsquo;un discours qui d\u00e9passe les simples jeux de mots. Sa stature, loin d&rsquo;\u00eatre un simple attribut physique, devient le symbole d&rsquo;une pens\u00e9e libre et audacieuse.<\/p>\n","protected":false},"excerpt":{"rendered":"<p>La taille d&rsquo;\u00c9tienne Carbonnier : un myst\u00e8re \u00e0 percer La taille d&rsquo;\u00c9tienne Carbonnier, figure embl\u00e9matique du paysage m\u00e9diatique fran\u00e7ais, suscite de nombreuses interrogations. Les spectateurs, fascin\u00e9s par sa pr\u00e9sence \u00e0 l&rsquo;\u00e9cran, se demandent souvent quel est ce secret qui se cache derri\u00e8re ses mensurations. Est-ce un choix d\u00e9lib\u00e9r\u00e9 de la part de l&rsquo;artiste pour cr\u00e9er&#8230;<\/p>\n","protected":false},"author":1,"featured_media":0,"comment_status":"","ping_status":"","sticky":false,"template":"","format":"standard","meta":{"_kad_post_transparent":"","_kad_post_title":"","_kad_post_layout":"","_kad_post_sidebar_id":"","_kad_post_content_style":"","_kad_post_vertical_padding":"","_kad_post_feature":"","_kad_post_feature_position":"","_kad_post_header":false,"_kad_post_footer":false,"_kad_post_classname":"","iawp_total_views":5,"footnotes":""},"categories":[1],"tags":[],"class_list":["post-2630","post","type-post","status-publish","format-standard","hentry","category-actualites"],"_links":{"self":[{"href":"https:\/\/www.dmoz.fr\/tendances\/wp-json\/wp\/v2\/posts\/2630","targetHints":{"allow":["GET"]}}],"collection":[{"href":"https:\/\/www.dmoz.fr\/tendances\/wp-json\/wp\/v2\/posts"}],"about":[{"href":"https:\/\/www.dmoz.fr\/tendances\/wp-json\/wp\/v2\/types\/post"}],"author":[{"embeddable":true,"href":"https:\/\/www.dmoz.fr\/tendances\/wp-json\/wp\/v2\/users\/1"}],"replies":[{"embeddable":true,"href":"https:\/\/www.dmoz.fr\/tendances\/wp-json\/wp\/v2\/comments?post=2630"}],"version-history":[{"count":0,"href":"https:\/\/www.dmoz.fr\/tendances\/wp-json\/wp\/v2\/posts\/2630\/revisions"}],"wp:attachment":[{"href":"https:\/\/www.dmoz.fr\/tendances\/wp-json\/wp\/v2\/media?parent=2630"}],"wp:term":[{"taxonomy":"category","embeddable":true,"href":"https:\/\/www.dmoz.fr\/tendances\/wp-json\/wp\/v2\/categories?post=2630"},{"taxonomy":"post_tag","embeddable":true,"href":"https:\/\/www.dmoz.fr\/tendances\/wp-json\/wp\/v2\/tags?post=2630"}],"curies":[{"name":"wp","href":"https:\/\/api.w.org\/{rel}","templated":true}]}}