{"id":2667,"date":"2025-03-02T09:22:59","date_gmt":"2025-03-02T08:22:59","guid":{"rendered":"https:\/\/www.dmoz.fr\/tendances\/je-suis-fatigue-patron\/"},"modified":"2025-03-02T09:22:59","modified_gmt":"2025-03-02T08:22:59","slug":"je-suis-fatigue-patron","status":"publish","type":"post","link":"https:\/\/www.dmoz.fr\/tendances\/je-suis-fatigue-patron\/","title":{"rendered":"Je suis fatigu\u00e9 patron : le cri du c\u0153ur d&rsquo;un salari\u00e9 \u00e0 bout"},"content":{"rendered":"<p><\/p>\n<div id='video-container' data-video-id='AbjMT5El9sw' style='width:100%; height:auto; max-width:587px; position: relative;'>\n<div class='image-video-plugin' style='background:url(\"https:\/\/img.youtube.com\/vi\/AbjMT5El9sw\/0.jpg\") center no-repeat; background-size: cover;'><\/div>\n<p>        <span class='youtube-play-button'><\/span><br \/>\n        <noscript><a href=\"https:\/\/www.youtube.com\/watch?v=AbjMT5El9sw\" target=\"_blank\" rel=\"noopener\">Play on YouTube<\/a><\/noscript>\n    <\/div>\n<p><\/p>\n<h2>Je suis fatigu\u00e9 patron : le cri du c\u0153ur des travailleurs<\/h2>\n<p>Il y a un moment, on se l\u00e8ve le matin, on enfile son costume de guerrier des temps modernes, et on se dit que \u00e7a ira, que \u00e7a passera. Mais au fil des jours, cette routine qui \u00e9tait cens\u00e9e \u00eatre un tremplin vers la r\u00e9ussite se transforme en une bouillie de stress et de fatigue. Les journ\u00e9es s\u2019allongent, les heures s\u2019\u00e9tirent comme un chewing-gum qui ne veut pas c\u00e9der, et au fond de soi, la voix r\u00e9sonne : \u00ab Je suis fatigu\u00e9, patron \u00bb. C\u2019est un cri du c\u0153ur, un appel \u00e0 l\u2019aide qui se perd dans le bruit des claviers et des t\u00e9l\u00e9phones qui sonnent. Le travail, c\u2019est bien, mais \u00e0 quel prix ? Le temps de pause devient un luxe, les \u00e9changes humains se r\u00e9duisent \u00e0 des sourires fig\u00e9s, et la passion, cette petite flamme qui nous animait, s\u2019\u00e9teint peu \u00e0 peu.<\/p>\n<p><b>La fatigue des travailleurs<\/b> n\u2019est pas qu\u2019un simple \u00e9tat d\u2019esprit ; c\u2019est un ph\u00e9nom\u00e8ne de soci\u00e9t\u00e9. On le voit, on le ressent. Des employ\u00e9s qui tra\u00eenent les pieds, des visages marqu\u00e9s par le stress, des yeux cern\u00e9s qui t\u00e9moignent de nuits \u00e9court\u00e9es. Les travailleurs, ces h\u00e9ros du quotidien, se battent avec des conditions de travail de plus en plus difficiles. La surcharge de travail, les attentes d\u00e9mesur\u00e9es, et ce besoin constant de performance cr\u00e9ent un environnement o\u00f9 la fatigue devient omnipr\u00e9sente. Les pauses caf\u00e9, qui devraient \u00eatre des moments de convivialit\u00e9, se transforment en soupapes de d\u00e9compression, o\u00f9 chacun se plaint de son sort. Et l\u00e0, dans ce tumulte, une question se pose : comment retrouver un \u00e9quilibre, une harmonie dans ce monde o\u00f9 \u00ab je suis fatigu\u00e9, patron \u00bb est devenu le mantra des employ\u00e9s ?<\/p>\n<h3>Les signes de la fatigue au travail<\/h3>\n<ul>\n<li><b>Probl\u00e8mes de concentration :<\/b> On se surprend \u00e0 r\u00eavasser, \u00e0 perdre le fil de ses pens\u00e9es.<\/li>\n<li><b>Augmentation de l&rsquo;irritabilit\u00e9 :<\/b> Les petites contrari\u00e9t\u00e9s deviennent des montagnes.<\/li>\n<li><b>Manque d&rsquo;\u00e9nergie :<\/b> On se l\u00e8ve le matin avec une impression de poids sur les \u00e9paules.<\/li>\n<li><b>Difficult\u00e9s \u00e0 se motiver :<\/b> Les projets qui semblaient passionnants deviennent des corv\u00e9es.<\/li>\n<\/ul>\n<p><b>\u00c9couter ces voix fatigu\u00e9es<\/b> est essentiel pour le bien-\u00eatre collectif. Les entreprises doivent prendre conscience de la n\u00e9cessit\u00e9 de r\u00e9\u00e9valuer leurs attentes, de repenser leur approche manag\u00e9riale. On ne peut pas continuer \u00e0 ignorer le mal-\u00eatre ambiant. Les travailleurs ont besoin de plus que de simples mots d\u2019encouragement ; ils r\u00e9clament des actions concr\u00e8tes. Des politiques de bien-\u00eatre au travail, des programmes de gestion du stress, et surtout, un dialogue ouvert entre les \u00e9quipes et la direction. C\u2019est en cultivant cette \u00e9coute que l\u2019on pourra esp\u00e9rer voir surgir, au-del\u00e0 de la fatigue, une nouvelle dynamique de travail o\u00f9 chacun se sentira valoris\u00e9.<\/p>\n<h3>Comment surmonter la fatigue au travail ?<\/h3>\n<ul>\n<li><b>Prendre des pauses r\u00e9guli\u00e8res :<\/b> M\u00eame courtes, elles permettent de se ressourcer.<\/li>\n<li><b>Pratiquer des activit\u00e9s physiques :<\/b> Le sport aide \u00e0 \u00e9vacuer le stress accumul\u00e9.<\/li>\n<li><b>Favoriser la communication :<\/b> Parler de ses ressentis avec ses coll\u00e8gues ou sa hi\u00e9rarchie.<\/li>\n<li><b>\u00c9tablir des limites :<\/b> Savoir dire non pour pr\u00e9server son \u00e9quilibre personnel.<\/li>\n<\/ul>\n<h3>Des solutions pour all\u00e9ger le poids de la fatigue<\/h3>\n<p>Dans ce contexte o\u00f9 \u00ab je suis fatigu\u00e9, patron \u00bb prend tout son sens, il est imp\u00e9ratif d&rsquo;agir. Chaque voix compte, chaque cri doit \u00eatre entendu. Les entreprises, en prenant en compte les besoins de leurs employ\u00e9s, peuvent transformer cette fatigue en une force collective, un \u00e9lan vers un avenir professionnel plus serein. Ce n&rsquo;est pas seulement une question de productivit\u00e9, mais de respect de l&rsquo;humain dans toute sa complexit\u00e9. Quand on dit que le travail est une seconde famille, il est temps de lui donner un sens, un \u00e9quilibre, et de faire de ce cri du c\u0153ur un v\u00e9ritable appel \u00e0 l&rsquo;action.<\/p>\n<h3>Votre voix compte : partagez vos exp\u00e9riences !<\/h3>\n<p>Que vous soyez employ\u00e9, manager ou ind\u00e9pendant, n\u2019h\u00e9sitez pas \u00e0 faire entendre votre voix. Vos exp\u00e9riences et vos suggestions peuvent aider \u00e0 construire un environnement de travail plus sain. Ensemble, on peut faire en sorte que \u00ab je suis fatigu\u00e9, patron \u00bb ne soit plus qu\u2019un souvenir lointain, mais un point de d\u00e9part pour un dialogue constructif.<\/p>\n<h2>Les solutions pour sortir de cette fatigue au travail<\/h2>\n<p>La fatigue au travail, c&rsquo;est un peu comme une mauvaise chanson qui tourne en boucle dans votre t\u00eate. On se l\u00e8ve le matin avec l&rsquo;envie de conqu\u00e9rir le monde, mais en quelques heures, on se retrouve \u00e0 siroter un caf\u00e9 comme si c&rsquo;\u00e9tait un \u00e9lixir magique. Pour y rem\u00e9dier, il est crucial de mettre en place des strat\u00e9gies concr\u00e8tes. Par exemple, n&rsquo;h\u00e9sitez pas \u00e0 int\u00e9grer des pauses r\u00e9guli\u00e8res dans votre journ\u00e9e. Un petit break de cinq minutes toutes les heures peut faire des merveilles. Profitez-en pour vous lever, vous \u00e9tirer ou m\u00eame faire une courte promenade. Cela permet de recharger vos batteries et d&rsquo;am\u00e9liorer votre concentration. De plus, il est essentiel d&rsquo;\u00e9tablir une routine de sommeil saine. Dormir suffisamment et \u00e0 des heures r\u00e9guli\u00e8res est fondamental pour maintenir votre \u00e9nergie tout au long de la journ\u00e9e. N&rsquo;oubliez pas que la qualit\u00e9 du sommeil est tout aussi importante que sa quantit\u00e9. <\/p>\n<p>Un autre aspect souvent n\u00e9glig\u00e9 est l&rsquo;alimentation. Une alimentation \u00e9quilibr\u00e9e contribue \u00e0 une meilleure gestion de l&rsquo;\u00e9nergie. Privil\u00e9giez des repas riches en nutriments, avec des fruits, des l\u00e9gumes et des prot\u00e9ines. \u00c9vitez les sucres rapides qui, bien qu&rsquo;attrayants, vous laisseront sur le carreau apr\u00e8s un pic d&rsquo;\u00e9nergie \u00e9ph\u00e9m\u00e8re. Pensez \u00e9galement \u00e0 l&rsquo;hydratation : boire suffisamment d&rsquo;eau est souvent la cl\u00e9 d&rsquo;une bonne forme physique et mentale. Enfin, int\u00e9grer des activit\u00e9s physiques r\u00e9guli\u00e8res dans votre quotidien peut faire toute la diff\u00e9rence. Que ce soit une s\u00e9ance de yoga, une balade \u00e0 v\u00e9lo ou m\u00eame une danse improvis\u00e9e dans votre salon, le mouvement stimule la circulation sanguine et lib\u00e8re des endorphines, ces hormones du bonheur qui chassent la fatigue. En combinant ces solutions, vous aurez toutes les cartes en main pour combattre cette fatigue au travail et retrouver votre \u00e9lan.<\/p>\n<h3>Vos questions sur la fatigue au travail<\/h3>\n<p><b>Comment savoir si je suis vraiment fatigu\u00e9 au travail ?<\/b><br \/>\nIl est essentiel d&rsquo;\u00e9couter votre corps. Des signes comme des difficult\u00e9s de concentration, une irritabilit\u00e9 accrue ou une baisse de motivation peuvent indiquer que vous \u00eates fatigu\u00e9.<\/p>\n<p><b>Quelle est l&rsquo;importance des pauses au travail ?<\/b><br \/>\nLes pauses r\u00e9guli\u00e8res permettent de recharger votre attention et votre \u00e9nergie. Elles sont cruciales pour maintenir un bon niveau de performance tout au long de la journ\u00e9e.<\/p>\n<p><b>Les boissons \u00e9nerg\u00e9tiques sont-elles efficaces ?<\/b><br \/>\nBien qu&rsquo;elles puissent offrir un regain d&rsquo;\u00e9nergie temporaire, elles ne remplacent pas une alimentation \u00e9quilibr\u00e9e et un bon sommeil. \u00c0 utiliser avec mod\u00e9ration !<\/p>\n<p><b>Comment g\u00e9rer la fatigue chronique au travail ?<\/b><br \/>\nIl est recommand\u00e9 de consulter un professionnel de sant\u00e9 pour explorer les causes sous-jacentes et mettre en place un plan d&rsquo;action adapt\u00e9 \u00e0 votre situation.<\/p>\n","protected":false},"excerpt":{"rendered":"<p>Play on YouTube Je suis fatigu\u00e9 patron : le cri du c\u0153ur des travailleurs Il y a un moment, on se l\u00e8ve le matin, on enfile son costume de guerrier des temps modernes, et on se dit que \u00e7a ira, que \u00e7a passera. Mais au fil des jours, cette routine qui \u00e9tait cens\u00e9e \u00eatre un&#8230;<\/p>\n","protected":false},"author":1,"featured_media":2668,"comment_status":"","ping_status":"","sticky":false,"template":"","format":"standard","meta":{"_kad_post_transparent":"","_kad_post_title":"","_kad_post_layout":"","_kad_post_sidebar_id":"","_kad_post_content_style":"","_kad_post_vertical_padding":"","_kad_post_feature":"","_kad_post_feature_position":"","_kad_post_header":false,"_kad_post_footer":false,"_kad_post_classname":"","iawp_total_views":1,"footnotes":""},"categories":[1],"tags":[],"class_list":["post-2667","post","type-post","status-publish","format-standard","has-post-thumbnail","hentry","category-actualites"],"_links":{"self":[{"href":"https:\/\/www.dmoz.fr\/tendances\/wp-json\/wp\/v2\/posts\/2667","targetHints":{"allow":["GET"]}}],"collection":[{"href":"https:\/\/www.dmoz.fr\/tendances\/wp-json\/wp\/v2\/posts"}],"about":[{"href":"https:\/\/www.dmoz.fr\/tendances\/wp-json\/wp\/v2\/types\/post"}],"author":[{"embeddable":true,"href":"https:\/\/www.dmoz.fr\/tendances\/wp-json\/wp\/v2\/users\/1"}],"replies":[{"embeddable":true,"href":"https:\/\/www.dmoz.fr\/tendances\/wp-json\/wp\/v2\/comments?post=2667"}],"version-history":[{"count":0,"href":"https:\/\/www.dmoz.fr\/tendances\/wp-json\/wp\/v2\/posts\/2667\/revisions"}],"wp:featuredmedia":[{"embeddable":true,"href":"https:\/\/www.dmoz.fr\/tendances\/wp-json\/wp\/v2\/media\/2668"}],"wp:attachment":[{"href":"https:\/\/www.dmoz.fr\/tendances\/wp-json\/wp\/v2\/media?parent=2667"}],"wp:term":[{"taxonomy":"category","embeddable":true,"href":"https:\/\/www.dmoz.fr\/tendances\/wp-json\/wp\/v2\/categories?post=2667"},{"taxonomy":"post_tag","embeddable":true,"href":"https:\/\/www.dmoz.fr\/tendances\/wp-json\/wp\/v2\/tags?post=2667"}],"curies":[{"name":"wp","href":"https:\/\/api.w.org\/{rel}","templated":true}]}}