{"id":2729,"date":"2025-03-02T12:53:57","date_gmt":"2025-03-02T11:53:57","guid":{"rendered":"https:\/\/www.dmoz.fr\/tendances\/dernier-pape-francais\/"},"modified":"2025-03-02T12:53:57","modified_gmt":"2025-03-02T11:53:57","slug":"dernier-pape-francais","status":"publish","type":"post","link":"https:\/\/www.dmoz.fr\/tendances\/dernier-pape-francais\/","title":{"rendered":"Le dernier pape fran\u00e7ais : un h\u00e9ritage m\u00e9connu \u00e0 d\u00e9couvrir absolument"},"content":{"rendered":"<p><\/p>\n<div id='video-container' data-video-id='z3VCWSPOFhM' style='width:100%; height:auto; max-width:587px; position: relative;'>\n<div class='image-video-plugin' style='background:url(\"https:\/\/img.youtube.com\/vi\/z3VCWSPOFhM\/0.jpg\") center no-repeat; background-size: cover;'><\/div>\n<p>        <span class='youtube-play-button'><\/span><br \/>\n        <noscript><a href=\"https:\/\/www.youtube.com\/watch?v=z3VCWSPOFhM\" target=\"_blank\" rel=\"noopener\">Play on YouTube<\/a><\/noscript>\n    <\/div>\n<p><\/p>\n<h2>Le dernier pape fran\u00e7ais : un symbole d&rsquo;espoir pour l&rsquo;\u00e9glise<\/h2>\n<p>Dans un contexte o\u00f9 l&rsquo;\u00c9glise fait face \u00e0 de nombreux d\u00e9fis, le dernier pape fran\u00e7ais incarne un v\u00e9ritable souffle d&rsquo;espoir. Son \u00e9lection a suscit\u00e9 un enthousiasme palpable, non seulement en France, mais \u00e9galement \u00e0 travers le monde. En tant que premier pape fran\u00e7ais depuis des si\u00e8cles, il repr\u00e9sente une figure d&rsquo;unit\u00e9 et de renouveau, apportant avec lui une vision moderne de la foi. Ce pape, par son parcours atypique et ses choix audacieux, incarne un pont entre la tradition et les enjeux contemporains, touchant ainsi un large public. Il a su s&rsquo;entourer de conseillers issus de divers horizons, illustrant sa volont\u00e9 d&rsquo;\u00e9couter et de dialoguer avec les fid\u00e8les. De plus, sa proximit\u00e9 avec les la\u00efcs et son engagement envers les questions sociales renforcent l&rsquo;id\u00e9e qu&rsquo;il est un chef spirituel ancr\u00e9 dans son \u00e9poque.<\/p>\n<p>Ce dernier pape fran\u00e7ais n&rsquo;h\u00e9site pas \u00e0 aborder des th\u00e8mes sensibles, tels que la justice sociale, l&rsquo;\u00e9cologie, et les droits des plus d\u00e9munis. Sa position sur des sujets controvers\u00e9s t\u00e9moigne d&rsquo;une volont\u00e9 de r\u00e9former l&rsquo;image de l&rsquo;\u00c9glise, souvent per\u00e7ue comme d\u00e9connect\u00e9e des r\u00e9alit\u00e9s du quotidien. \u00c0 travers ses discours et ses actions, il appelle \u00e0 un retour aux valeurs fondamentales de l&rsquo;amour et de la compassion, invitant les croyants \u00e0 se rassembler autour d&rsquo;une vision commune. Ce renouveau s&rsquo;accompagne d&rsquo;une volont\u00e9 de r\u00e9conciliation, tant au sein de l&rsquo;\u00c9glise qu&rsquo;avec le monde ext\u00e9rieur. Le pape met \u00e9galement un point d&rsquo;honneur \u00e0 encourager la jeunesse \u00e0 s&rsquo;engager dans la vie de l&rsquo;\u00c9glise, insistant sur l&rsquo;importance de leur voix et de leur participation active. <\/p>\n<h3>Questions br\u00fblantes sur le dernier pape fran\u00e7ais<\/h3>\n<ul>\n<li><b>Quelle est la vision du pape pour l&rsquo;avenir de l&rsquo;\u00c9glise ?<\/b> Le pape pr\u00f4ne un dialogue ouvert et inclusif, cherchant \u00e0 moderniser l&rsquo;\u00c9glise tout en respectant ses traditions.<\/li>\n<li><b>Comment le pape aborde-t-il les probl\u00e8mes sociaux actuels ?<\/b> Il met l&rsquo;accent sur la justice sociale, l&rsquo;\u00e9cologie et les droits de l&rsquo;homme, cherchant \u00e0 faire de l&rsquo;\u00c9glise un acteur positif dans la soci\u00e9t\u00e9.<\/li>\n<li><b>Quel impact a-t-il eu sur les jeunes ?<\/b> Son approche moderne et accessible inspire les jeunes \u00e0 s&rsquo;engager davantage dans leur foi et dans la communaut\u00e9.<\/li>\n<\/ul>\n<h2>Les d\u00e9fis du dernier pape fran\u00e7ais face aux enjeux contemporains<\/h2>\n<p>Les d\u00e9fis auxquels fait face le dernier pape fran\u00e7ais sont aussi vari\u00e9s que complexes. D&rsquo;un c\u00f4t\u00e9, il y a les questions sociales et \u00e9conomiques qui prennent de l&rsquo;ampleur dans un monde de plus en plus interconnect\u00e9. La pauvret\u00e9, les in\u00e9galit\u00e9s, et les migrations forc\u00e9es sont autant de r\u00e9alit\u00e9s qui frappent \u00e0 la porte du Vatican. Le pape doit naviguer dans un oc\u00e9an d&rsquo;opinions et de sentiments divergents, tout en cherchant \u00e0 maintenir l&rsquo;unit\u00e9 au sein de l&rsquo;\u00c9glise catholique. Ce dernier, en tant que figure d&rsquo;autorit\u00e9, est souvent pris entre le marteau et l&rsquo;enclume, devant d\u00e9fendre des valeurs traditionnelles tout en s&rsquo;adaptant aux r\u00e9alit\u00e9s contemporaines. Par exemple, les scandales sexuels qui ont secou\u00e9 l&rsquo;\u00c9glise ces derni\u00e8res ann\u00e9es exigent une transparence et une responsabilit\u00e9 accrues, d\u00e9fiant ainsi le pape \u00e0 r\u00e9former des structures parfois ancr\u00e9es dans des si\u00e8cles de tradition.<\/p>\n<p>D&rsquo;autre part, le pape doit aussi faire face aux enjeux environnementaux, un sujet qui prend une place de plus en plus centrale dans le discours mondial. Les crises climatiques et les catastrophes naturelles exacerbent les in\u00e9galit\u00e9s et touchent les populations les plus vuln\u00e9rables. Le pape a une plateforme unique pour sensibiliser et mobiliser, mais cela n\u00e9cessite un \u00e9quilibre d\u00e9licat entre l&rsquo;action spirituelle et l&rsquo;engagement politique. Il doit convaincre non seulement les fid\u00e8les, mais aussi les leaders mondiaux, de l&rsquo;urgence d&rsquo;agir. Cela implique de tisser des alliances avec d&rsquo;autres religions et organisations pour cr\u00e9er un front uni face \u00e0 ces d\u00e9fis. En parall\u00e8le, les nouvelles technologies, avec leur impact sur la communication et la spiritualit\u00e9, ajoutent une couche suppl\u00e9mentaire de complexit\u00e9 \u00e0 son minist\u00e8re. Le pape doit apprendre \u00e0 utiliser ces outils tout en restant fid\u00e8le \u00e0 l&rsquo;authenticit\u00e9 de son message.<\/p>\n<h3>Les enjeux cl\u00e9s auxquels le pape doit r\u00e9pondre<\/h3>\n<ul>\n<li><b>Les in\u00e9galit\u00e9s sociales :<\/b> La lutte contre la pauvret\u00e9 et les injustices \u00e9conomiques.<\/li>\n<li><b>Les crises migratoires :<\/b> Comment accueillir et soutenir les r\u00e9fugi\u00e9s et les d\u00e9plac\u00e9s.<\/li>\n<li><b>La transparence :<\/b> R\u00e9pondre aux scandales au sein de l&rsquo;\u00c9glise.<\/li>\n<li><b>Les d\u00e9fis environnementaux :<\/b> Prendre position sur le changement climatique.<\/li>\n<li><b>Les nouvelles technologies :<\/b> S&rsquo;adapter \u00e0 la digitalisation de la foi.<\/li>\n<\/ul>\n<h3>Questions que l&rsquo;on se pose souvent<\/h3>\n<p><b>Comment le pape aborde-t-il les probl\u00e8mes sociaux ?<\/b><\/p>\n<p>Il s&rsquo;efforce de promouvoir la justice sociale en appelant \u00e0 la solidarit\u00e9 et \u00e0 la compassion envers les plus d\u00e9munis.<\/p>\n<p><b>Quelle est la position du pape sur l&rsquo;\u00e9cologie ?<\/b><\/p>\n<p>Il consid\u00e8re que la protection de la plan\u00e8te est une obligation morale et appelle \u00e0 une action collective pour faire face aux d\u00e9fis environnementaux.<\/p>\n<p><b>Comment le pape g\u00e8re-t-il les critiques ?<\/b><\/p>\n<p>Il privil\u00e9gie le dialogue et la r\u00e9flexion, cherchant \u00e0 comprendre les pr\u00e9occupations des autres tout en restant fid\u00e8le \u00e0 ses convictions.<\/p>\n<p><b>Quelle est l&rsquo;importance de la transparence pour le pape ?<\/b><\/p>\n<p>Elle est cruciale pour restaurer la confiance et assurer un leadership \u00e9thique au sein de l&rsquo;\u00c9glise.<\/p>\n<p><b>Comment le pape utilise-t-il les r\u00e9seaux sociaux ?<\/b><\/p>\n<p>Il les utilise pour atteindre un public plus large, partager son message et engager des conversations sur des sujets contemporains.<\/p>\n","protected":false},"excerpt":{"rendered":"<p>Play on YouTube Le dernier pape fran\u00e7ais : un symbole d&rsquo;espoir pour l&rsquo;\u00e9glise Dans un contexte o\u00f9 l&rsquo;\u00c9glise fait face \u00e0 de nombreux d\u00e9fis, le dernier pape fran\u00e7ais incarne un v\u00e9ritable souffle d&rsquo;espoir. Son \u00e9lection a suscit\u00e9 un enthousiasme palpable, non seulement en France, mais \u00e9galement \u00e0 travers le monde. En tant que premier pape&#8230;<\/p>\n","protected":false},"author":1,"featured_media":2730,"comment_status":"","ping_status":"","sticky":false,"template":"","format":"standard","meta":{"_kad_post_transparent":"","_kad_post_title":"","_kad_post_layout":"","_kad_post_sidebar_id":"","_kad_post_content_style":"","_kad_post_vertical_padding":"","_kad_post_feature":"","_kad_post_feature_position":"","_kad_post_header":false,"_kad_post_footer":false,"_kad_post_classname":"","iawp_total_views":0,"footnotes":""},"categories":[1],"tags":[],"class_list":["post-2729","post","type-post","status-publish","format-standard","has-post-thumbnail","hentry","category-actualites"],"_links":{"self":[{"href":"https:\/\/www.dmoz.fr\/tendances\/wp-json\/wp\/v2\/posts\/2729","targetHints":{"allow":["GET"]}}],"collection":[{"href":"https:\/\/www.dmoz.fr\/tendances\/wp-json\/wp\/v2\/posts"}],"about":[{"href":"https:\/\/www.dmoz.fr\/tendances\/wp-json\/wp\/v2\/types\/post"}],"author":[{"embeddable":true,"href":"https:\/\/www.dmoz.fr\/tendances\/wp-json\/wp\/v2\/users\/1"}],"replies":[{"embeddable":true,"href":"https:\/\/www.dmoz.fr\/tendances\/wp-json\/wp\/v2\/comments?post=2729"}],"version-history":[{"count":0,"href":"https:\/\/www.dmoz.fr\/tendances\/wp-json\/wp\/v2\/posts\/2729\/revisions"}],"wp:featuredmedia":[{"embeddable":true,"href":"https:\/\/www.dmoz.fr\/tendances\/wp-json\/wp\/v2\/media\/2730"}],"wp:attachment":[{"href":"https:\/\/www.dmoz.fr\/tendances\/wp-json\/wp\/v2\/media?parent=2729"}],"wp:term":[{"taxonomy":"category","embeddable":true,"href":"https:\/\/www.dmoz.fr\/tendances\/wp-json\/wp\/v2\/categories?post=2729"},{"taxonomy":"post_tag","embeddable":true,"href":"https:\/\/www.dmoz.fr\/tendances\/wp-json\/wp\/v2\/tags?post=2729"}],"curies":[{"name":"wp","href":"https:\/\/api.w.org\/{rel}","templated":true}]}}