{"id":289,"date":"2025-02-09T23:30:17","date_gmt":"2025-02-09T22:30:17","guid":{"rendered":"https:\/\/www.dmoz.fr\/tendances\/claude-leveque-portrait-et-actualites-de-cette-personnalite-marquante\/"},"modified":"2025-02-09T23:30:17","modified_gmt":"2025-02-09T22:30:17","slug":"claude-leveque-portrait-et-actualites-de-cette-personnalite-marquante","status":"publish","type":"post","link":"https:\/\/www.dmoz.fr\/tendances\/claude-leveque-portrait-et-actualites-de-cette-personnalite-marquante\/","title":{"rendered":"Claude L\u00e9veque : portrait et actualit\u00e9s de cette personnalit\u00e9 marquante"},"content":{"rendered":"\n<figure class='wp-block-image size-full'>\n<img width=\"1792\" height=\"1024\" src=\"https:\/\/www.dmoz.fr\/tendances\/wp-content\/uploads\/2025\/02\/Claude-Leveque-portrait-et-actualites-de-cette-personnalite-marquante.png\" class=\"attachment-full size-full\" alt=\"d\u00e9couvrez le portrait et les actualit\u00e9s de claude l\u00e9veque, une personnalit\u00e9 marquante du paysage contemporain. plongez dans son univers, explorez ses r\u00e9alisations et suivez ses derni\u00e8res actualit\u00e9s qui font \u00e9cho dans le monde culturel.\" decoding=\"async\" srcset=\"https:\/\/www.dmoz.fr\/tendances\/wp-content\/uploads\/2025\/02\/Claude-Leveque-portrait-et-actualites-de-cette-personnalite-marquante.png 1792w, https:\/\/www.dmoz.fr\/tendances\/wp-content\/uploads\/2025\/02\/Claude-Leveque-portrait-et-actualites-de-cette-personnalite-marquante-300x171.png 300w, https:\/\/www.dmoz.fr\/tendances\/wp-content\/uploads\/2025\/02\/Claude-Leveque-portrait-et-actualites-de-cette-personnalite-marquante-1024x585.png 1024w, https:\/\/www.dmoz.fr\/tendances\/wp-content\/uploads\/2025\/02\/Claude-Leveque-portrait-et-actualites-de-cette-personnalite-marquante-768x439.png 768w, https:\/\/www.dmoz.fr\/tendances\/wp-content\/uploads\/2025\/02\/Claude-Leveque-portrait-et-actualites-de-cette-personnalite-marquante-1536x878.png 1536w\" sizes=\"(max-width: 1792px) 100vw, 1792px\" title=\"\">\n<\/figure>\n\n\n\n<p>Claude L\u00e9veque est un <strong>artiste plasticien<\/strong> fran\u00e7ais dont la carri\u00e8re et les r\u00e9centes actualit\u00e9s ont suscit\u00e9 un vif int\u00e9r\u00eat et controverses. De sa jeunesse \u00e0 Nevers, en passant par ses cr\u00e9ations audacieuses qui m\u00ealent lumi\u00e8re et mat\u00e9riaux vari\u00e9s, jusqu&rsquo;\u00e0 la brutale mise en examen pour des accusations graves, le parcours de L\u00e9veque ne laisse personne indiff\u00e9rent. Cet article se propose d&rsquo;explorer les facettes de cet artiste controvers\u00e9 et son impact sur le monde de l&rsquo;art contemporain.<\/p>\n\n\n<h2 class=\"wp-block-heading\">Un parcours artistique singulier<\/h2>\n\n\n<p>N\u00e9 en 1953 \u00e0 Nevers, Claude L\u00e9veque a rapidement marqu\u00e9 le monde artistique par ses \u0153uvres innovantes. Il a fait ses armes \u00e0 l&rsquo;\u00c9cole des Beaux-Arts de Bourges, o\u00f9 il a d\u00e9velopp\u00e9 son go\u00fbt pour l&rsquo;exp\u00e9rimentation. En 1982, il participe \u00e0 sa premi\u00e8re exposition \u00e0 la Maison des Arts de Cr\u00e9teil, pr\u00e9sentant une \u0153uvre tridimensionnelle intitul\u00e9e <strong>Grand H\u00f4tel<\/strong>. Ce projet m\u00ealait les \u00e9l\u00e9ments de la <strong>photographie<\/strong> et de la <strong>sculpture<\/strong>, embl\u00e8me d&rsquo;un style qui lui est propre, utilisant des textures dor\u00e9es pour capturer des corps, cr\u00e9ant ainsi une exp\u00e9rience immersive pour le visiteur.<\/p>\n\n\n<h2 class=\"wp-block-heading\">La th\u00e9matique de l&rsquo;enfance<\/h2>\n\n\n<p>Un des th\u00e8mes r\u00e9currents dans l&rsquo;\u0153uvre de L\u00e9veque est sans doute l&rsquo;enfance. Son exposition dans divers lieux t\u00e9moigne d\u2019une sensibilit\u00e9 marqu\u00e9e vers les jeunes g\u00e9n\u00e9rations. Ses d\u00e9clarations sur ses relations avec les jeunes artistes, qu\u2019il d\u00e9crit comme ses \u00ab\u00a0filleuls\u00a0\u00bb ou \u00ab\u00a0neveux\u00a0\u00bb, tendent \u00e0 cr\u00e9er une image d\u2019un mentor bienveillant et inspirant. Cependant, derri\u00e8re cette fa\u00e7ade, se cache un monde d\u2019accusations qui remettent en question cette bienveillance.<\/p>\n\n\n<h2 class=\"wp-block-heading\">Des controverses in\u00e9vitables<\/h2>\n\n\n<p>Le parcours de Claude L\u00e9veque n&rsquo;est pas exempt de controverses. Le 31 mars dernier, il a \u00e9t\u00e9 <strong>mis en examen<\/strong> pour des motifs graves, notamment <strong>des viols et agressions sexuelles sur mineurs<\/strong>. Ces accusations, r\u00e9v\u00e9l\u00e9es par des m\u00e9dias tels que Le Monde et Mediapart, ont rapidement fait le tour de la sph\u00e8re m\u00e9diatique. Laurent Faulon, un autre plasticien, a \u00e9t\u00e9 \u00e0 l&rsquo;origine des all\u00e9gations, mettant en lumi\u00e8re un r\u00e9seau d&rsquo;inqui\u00e9tantes interactions dans le milieu artistique. Des artistes se sont retrouv\u00e9s dans un jeu d&rsquo;ombre, interrogeant les fondements m\u00eames de la cr\u00e9ation artistique.<\/p>\n\n\n<h2 class=\"wp-block-heading\">Une image artistique ternie<\/h2>\n\n\n<p>Cette nouvelle face \u00e0 la l\u00e9gende de L\u00e9veque a transform\u00e9 sa perception dans le monde culturel. Autrefois c\u00e9l\u00e9br\u00e9 \u00e0 la Biennale de Venise pour ses installations audacieuses, il est d\u00e9sormais cern\u00e9 par la suspicion et les interrogations. L&rsquo;art, qui pr\u00e9tendait \u00eatre un refuge d&rsquo;expression libre, appara\u00eet de plus en plus comme un champ de bataille \u00e0 la crois\u00e9e de l&rsquo;esth\u00e9tique et de la moralit\u00e9. Avez-vous d\u00e9j\u00e0 pens\u00e9 que des artistes pouvaient c\u00f4toyer les t\u00e9n\u00e8bres tout en \u00e9tant acclam\u00e9s ?\u00a0<\/p>\n\n\n<h2 class=\"wp-block-heading\">Les r\u00e9percussions de l&rsquo;affaire<\/h2>\n\n\n<p>Ce qui \u00e9tait autrefois un r\u00e9cit d\u2019ascension dans le monde de l\u2019art s&rsquo;est transform\u00e9 en une sombre trag\u00e9die. Le contr\u00f4le judiciaire impos\u00e9 \u00e0 L\u00e9veque emp\u00eache toute activit\u00e9 publique, laissant une grande partie de son travail en suspens. Pour les amateurs d\u2019art, la question se pose : peut-on encore appr\u00e9cier ses \u0153uvres sans \u00eatre envahis par les \u00e9chos lugubres des r\u00e9v\u00e9lations ?\u00a0<\/p>\n\n\n<h2 class=\"wp-block-heading\">Pour en savoir plus sur Claude L\u00e9veque<\/h2>\n\n\n<p>Pour ceux qui souhaitent plonger plus profond\u00e9ment dans le parcours et les \u0153uvres de Claude L\u00e9veque, les ressources ne manquent pas. Des articles et des bilans sur son impact dans le monde de l\u2019art, ainsi que les r\u00e9centes actualit\u00e9s sur cette affaire, peuvent \u00eatre consult\u00e9s sur des sites tels que <a href=\"https:\/\/www.gala.fr\/stars_et_gotha\/claude_leveque\" target=\"_blank\" rel=\"nofollow noopener\">Gala<\/a>, <a href=\"https:\/\/www.elle.fr\/Personnalites\/Claude-Leveque\" target=\"_blank\" rel=\"nofollow noopener\">Elle<\/a>, et <a href=\"https:\/\/www.liberation.fr\/culture\/2021\/01\/12\/affaire-claude-leveque-il-n-a-jamais-nie-il-a-ete-assez-clair-sur-tout-ce-qui-s-etait-passe_1810921\/\" target=\"_blank\" rel=\"nofollow noopener\">Lib\u00e9ration<\/a>. De plus, la plateforme Radio France offre des podcasts et des analyses sur son \u0153uvre et son parcours, disponibles <a href=\"https:\/\/www.radiofrance.fr\/personnes\/claude-leveque\" target=\"_blank\" rel=\"nofollow noopener\">ici<\/a>.<\/p>\n\n\n<p>Tandis que l\u2019ombre de l\u2019affaire se profile, le public est en attente d\u2019une r\u00e9solution. L&rsquo;avenir de Claude L\u00e9veque et de son h\u00e9ritage artistique reste suspendu \u00e0 la d\u00e9cision de la justice, mais une chose est certaine : le monde de l\u2019art ne peut plus se permettre d\u2019ignorer les voix qui \u00e9veillent \u00e0 la vigilance.<\/p>\n","protected":false},"excerpt":{"rendered":"<p>Claude L\u00e9veque est un artiste plasticien fran\u00e7ais dont la carri\u00e8re et les r\u00e9centes actualit\u00e9s ont suscit\u00e9 un vif int\u00e9r\u00eat et controverses. De sa jeunesse \u00e0 Nevers, en passant par ses cr\u00e9ations audacieuses qui m\u00ealent lumi\u00e8re et mat\u00e9riaux vari\u00e9s, jusqu&rsquo;\u00e0 la brutale mise en examen pour des accusations graves, le parcours de L\u00e9veque ne laisse personne&#8230;<\/p>\n","protected":false},"author":1,"featured_media":290,"comment_status":"","ping_status":"","sticky":false,"template":"","format":"standard","meta":{"_kad_post_transparent":"","_kad_post_title":"","_kad_post_layout":"","_kad_post_sidebar_id":"","_kad_post_content_style":"","_kad_post_vertical_padding":"","_kad_post_feature":"","_kad_post_feature_position":"","_kad_post_header":false,"_kad_post_footer":false,"_kad_post_classname":"","iawp_total_views":3,"footnotes":""},"categories":[1],"tags":[],"class_list":["post-289","post","type-post","status-publish","format-standard","has-post-thumbnail","hentry","category-actualites"],"_links":{"self":[{"href":"https:\/\/www.dmoz.fr\/tendances\/wp-json\/wp\/v2\/posts\/289","targetHints":{"allow":["GET"]}}],"collection":[{"href":"https:\/\/www.dmoz.fr\/tendances\/wp-json\/wp\/v2\/posts"}],"about":[{"href":"https:\/\/www.dmoz.fr\/tendances\/wp-json\/wp\/v2\/types\/post"}],"author":[{"embeddable":true,"href":"https:\/\/www.dmoz.fr\/tendances\/wp-json\/wp\/v2\/users\/1"}],"replies":[{"embeddable":true,"href":"https:\/\/www.dmoz.fr\/tendances\/wp-json\/wp\/v2\/comments?post=289"}],"version-history":[{"count":0,"href":"https:\/\/www.dmoz.fr\/tendances\/wp-json\/wp\/v2\/posts\/289\/revisions"}],"wp:featuredmedia":[{"embeddable":true,"href":"https:\/\/www.dmoz.fr\/tendances\/wp-json\/wp\/v2\/media\/290"}],"wp:attachment":[{"href":"https:\/\/www.dmoz.fr\/tendances\/wp-json\/wp\/v2\/media?parent=289"}],"wp:term":[{"taxonomy":"category","embeddable":true,"href":"https:\/\/www.dmoz.fr\/tendances\/wp-json\/wp\/v2\/categories?post=289"},{"taxonomy":"post_tag","embeddable":true,"href":"https:\/\/www.dmoz.fr\/tendances\/wp-json\/wp\/v2\/tags?post=289"}],"curies":[{"name":"wp","href":"https:\/\/api.w.org\/{rel}","templated":true}]}}