{"id":2894,"date":"2025-03-07T01:56:56","date_gmt":"2025-03-07T00:56:56","guid":{"rendered":"https:\/\/www.dmoz.fr\/tendances\/accident-pleumeur-bodou\/"},"modified":"2025-03-07T01:56:56","modified_gmt":"2025-03-07T00:56:56","slug":"accident-pleumeur-bodou","status":"publish","type":"post","link":"https:\/\/www.dmoz.fr\/tendances\/accident-pleumeur-bodou\/","title":{"rendered":"Accident \u00e0 Pleumeur Bodou : ce que vous devez absolument savoir"},"content":{"rendered":"<p><\/p>\n<div id='video-container' data-video-id='L-hER0NmxoI' style='width:100%; height:auto; max-width:587px; position: relative;'>\n<div class='image-video-plugin' style='background:url(\"https:\/\/img.youtube.com\/vi\/L-hER0NmxoI\/0.jpg\") center no-repeat; background-size: cover;'><\/div>\n<p>        <span class='youtube-play-button'><\/span><br \/>\n        <noscript><a href=\"https:\/\/www.youtube.com\/watch?v=L-hER0NmxoI\" target=\"_blank\" rel=\"noopener\">Play on YouTube<\/a><\/noscript>\n    <\/div>\n<p><\/p>\n<h2>Accident pleumeur bodou : les circonstances troublantes \u00e0 \u00e9claircir<\/h2>\n<p>Le 20 septembre 2023, un \u00e9v\u00e9nement tragique a secou\u00e9 la commune de Pleumeur-Bodou, en Bretagne. Ce jour-l\u00e0, un accident de la route a co\u00fbt\u00e9 la vie \u00e0 deux personnes et bless\u00e9 plusieurs autres. Les circonstances entourant cet incident restent floues et soul\u00e8vent de nombreuses questions. Les t\u00e9moins oculaires rapportent des \u00e9l\u00e9ments contradictoires, ce qui complique la t\u00e2che des enqu\u00eateurs. Par exemple, certains affirment avoir vu un v\u00e9hicule circuler \u00e0 vive allure avant le choc, tandis que d&rsquo;autres \u00e9voquent une man\u0153uvre impr\u00e9visible d&rsquo;un des conducteurs. Les autorit\u00e9s locales ont lanc\u00e9 une enqu\u00eate pour \u00e9tablir les faits, mais les d\u00e9tails demeurent encore \u00e0 \u00e9claircir. <\/p>\n<p>Les premiers \u00e9l\u00e9ments de l&rsquo;enqu\u00eate sugg\u00e8rent que des conditions m\u00e9t\u00e9orologiques d\u00e9favorables pourraient avoir jou\u00e9 un r\u00f4le dans l&rsquo;accident. Des pluies torrentielles avaient \u00e9t\u00e9 signal\u00e9es quelques heures avant l&rsquo;incident, rendant la route particuli\u00e8rement glissante. En outre, les autorit\u00e9s ont mis en avant le fait que la zone o\u00f9 l&rsquo;accident s&rsquo;est produit est connue pour sa dangerosit\u00e9. Les limitations de vitesse y sont souvent ignor\u00e9es, et la signalisation pourrait \u00eatre am\u00e9lior\u00e9e. D&rsquo;autres facteurs, comme une possible distraction des conducteurs ou l&rsquo;\u00e9tat des v\u00e9hicules impliqu\u00e9s, sont \u00e9galement \u00e0 l&rsquo;\u00e9tude. La question qui se pose maintenant est de savoir si cet accident \u00e9tait in\u00e9vitable ou s&rsquo;il aurait pu \u00eatre \u00e9vit\u00e9 avec une vigilance accrue de la part des conducteurs.<\/p>\n<h3>Questions fr\u00e9quentes sur l&rsquo;accident de Pleumeur-Bodou<\/h3>\n<ul>\n<li><b>Quelles sont les causes possibles de l&rsquo;accident ?<\/b> Les enqu\u00eateurs examinent plusieurs hypoth\u00e8ses, y compris les conditions m\u00e9t\u00e9orologiques et le comportement des conducteurs.<\/li>\n<li><b>Y a-t-il eu des t\u00e9moins de l&rsquo;accident ?<\/b> Oui, plusieurs personnes ont assist\u00e9 \u00e0 l&rsquo;accident et leurs t\u00e9moignages sont cruciaux pour l&rsquo;enqu\u00eate.<\/li>\n<li><b>Des mesures de s\u00e9curit\u00e9 vont-elles \u00eatre prises ?<\/b> Les autorit\u00e9s envisagent d&rsquo;am\u00e9liorer la signalisation et d&rsquo;accro\u00eetre la surveillance de la route.<\/li>\n<li><b>Quels sont les prochains \u00e9tapes de l&rsquo;enqu\u00eate ?<\/b> Les enqu\u00eateurs poursuivent leurs investigations pour d\u00e9terminer les responsabilit\u00e9s et les causes exactes de l&rsquo;accident.<\/li>\n<\/ul>\n<h2>Accident pleumeur bodou : les t\u00e9moignages des t\u00e9moins cl\u00e9s<\/h2>\n<p>Les t\u00e9moignages des t\u00e9moins cl\u00e9s de l&rsquo;accident survenu \u00e0 Pleumeur-Bodou apportent un \u00e9clairage pr\u00e9cieux sur les \u00e9v\u00e9nements tragiques qui se sont d\u00e9roul\u00e9s ce jour-l\u00e0. Parmi les premiers \u00e0 arriver sur les lieux, un habitant de la commune, visiblement encore sous le choc, raconte : \u00ab J&rsquo;ai entendu un bruit assourdissant, comme un fracas, suivi de cris. Je ne savais pas quoi faire, j&rsquo;ai juste couru vers la sc\u00e8ne \u00bb. Ce t\u00e9moignage souligne l\u2019angoisse ressentie par les t\u00e9moins, mais aussi leur instinct de solidarit\u00e9. Les r\u00e9cits se multiplient, chacun r\u00e9v\u00e9lant des d\u00e9tails uniques qui, mis ensemble, dessinent un tableau plus clair de la situation. Un autre t\u00e9moin, un jeune homme qui passait par l\u00e0, se souvient avoir vu des personnes essayant d&rsquo;aider les victimes : \u00ab Tout le monde \u00e9tait en \u00e9tat de choc, mais on a fait ce qu&rsquo;on pouvait. Certaines personnes ont m\u00eame tent\u00e9 de porter les bless\u00e9s jusqu&rsquo;\u00e0 l&rsquo;ambulance. \u00bb <\/p>\n<p>Au-del\u00e0 des r\u00e9cits individuels, des groupes de t\u00e9moins ont partag\u00e9 leurs exp\u00e9riences collectives. Une habitante de la commune, membre d\u2019une association locale, a t\u00e9moign\u00e9 des actions rapides de la communaut\u00e9 : \u00ab Nous avons imm\u00e9diatement alert\u00e9 les secours, et des b\u00e9n\u00e9voles se sont mobilis\u00e9s pour aider les victimes. C&rsquo;\u00e9tait incroyable de voir comment tout le monde s&rsquo;est rassembl\u00e9 dans ce moment de crise. \u00bb Ce type de solidarit\u00e9 est souvent mis en avant dans les situations d&rsquo;urgence, mais ici, il prend une r\u00e9sonance particuli\u00e8re dans le contexte d&rsquo;un accident qui a profond\u00e9ment marqu\u00e9 la ville. Les t\u00e9moignages recueillis r\u00e9v\u00e8lent \u00e9galement la n\u00e9cessit\u00e9 de mieux comprendre les circonstances entourant l&rsquo;accident. Des questions se posent quant \u00e0 la s\u00e9curit\u00e9 des lieux, les mesures de pr\u00e9vention en place et la r\u00e9ponse des autorit\u00e9s. Chacun de ces r\u00e9cits contribue \u00e0 un effort collectif pour non seulement comprendre ce qui s&rsquo;est pass\u00e9, mais aussi pour rendre hommage aux victimes et renforcer la r\u00e9silience de la communaut\u00e9.<\/p>\n<h3>Des r\u00e9cits poignants et vari\u00e9s<\/h3>\n<ul>\n<li><b>Un habitant du quartier<\/b> : \u00ab J&rsquo;ai cru que c&rsquo;\u00e9tait un r\u00eave, tellement c&rsquo;\u00e9tait irr\u00e9el. \u00bb<\/li>\n<li><b>Une jeune femme pr\u00e9sente sur les lieux<\/b> : \u00ab J&rsquo;ai vu des visages en d\u00e9tresse, c&rsquo;\u00e9tait horrible. \u00bb<\/li>\n<li><b>Un pompier volontaire<\/b> : \u00ab Nous avons fait notre maximum, mais c&rsquo;\u00e9tait chaotique. \u00bb<\/li>\n<\/ul>\n<h3>Un appel \u00e0 la r\u00e9flexion<\/h3>\n<p>Il est essentiel de prendre en compte ces t\u00e9moignages non seulement pour comprendre l&rsquo;accident, mais aussi pour envisager des am\u00e9liorations dans la s\u00e9curit\u00e9 et la gestion des crises. Les voix des t\u00e9moins cl\u00e9s sont une ressource inestimable, elles nous rappellent l&rsquo;importance de la vigilance et de la solidarit\u00e9 dans des moments aussi critiques. Alors que la communaut\u00e9 de Pleumeur-Bodou se remet de ce drame, ces r\u00e9cits continueront \u00e0 r\u00e9sonner, appelant \u00e0 une prise de conscience collective.<\/p>\n<h3>Vos interrogations sur l&rsquo;accident<\/h3>\n<p><b>Quelles sont les circonstances exactes de l&rsquo;accident ?<\/b><br \/>\nLes d\u00e9tails pr\u00e9cis sont encore en cours d&rsquo;investigation, mais des t\u00e9moignages \u00e9voquent des d\u00e9faillances dans la signalisation.<\/p>\n<p><b>Comment la communaut\u00e9 a-t-elle r\u00e9agi ?<\/b><br \/>\nLes habitants se sont mobilis\u00e9s rapidement pour aider les victimes et soutenir les familles touch\u00e9es.<\/p>\n<p><b>Quelles mesures de s\u00e9curit\u00e9 sont envisag\u00e9es ?<\/b><br \/>\nLes autorit\u00e9s locales envisagent des am\u00e9liorations dans les infrastructures pour pr\u00e9venir de futurs incidents.<\/p>\n","protected":false},"excerpt":{"rendered":"<p>Play on YouTube Accident pleumeur bodou : les circonstances troublantes \u00e0 \u00e9claircir Le 20 septembre 2023, un \u00e9v\u00e9nement tragique a secou\u00e9 la commune de Pleumeur-Bodou, en Bretagne. Ce jour-l\u00e0, un accident de la route a co\u00fbt\u00e9 la vie \u00e0 deux personnes et bless\u00e9 plusieurs autres. Les circonstances entourant cet incident restent floues et soul\u00e8vent de&#8230;<\/p>\n","protected":false},"author":1,"featured_media":2895,"comment_status":"","ping_status":"","sticky":false,"template":"","format":"standard","meta":{"_kad_post_transparent":"","_kad_post_title":"","_kad_post_layout":"","_kad_post_sidebar_id":"","_kad_post_content_style":"","_kad_post_vertical_padding":"","_kad_post_feature":"","_kad_post_feature_position":"","_kad_post_header":false,"_kad_post_footer":false,"_kad_post_classname":"","iawp_total_views":0,"footnotes":""},"categories":[1],"tags":[],"class_list":["post-2894","post","type-post","status-publish","format-standard","has-post-thumbnail","hentry","category-actualites"],"_links":{"self":[{"href":"https:\/\/www.dmoz.fr\/tendances\/wp-json\/wp\/v2\/posts\/2894","targetHints":{"allow":["GET"]}}],"collection":[{"href":"https:\/\/www.dmoz.fr\/tendances\/wp-json\/wp\/v2\/posts"}],"about":[{"href":"https:\/\/www.dmoz.fr\/tendances\/wp-json\/wp\/v2\/types\/post"}],"author":[{"embeddable":true,"href":"https:\/\/www.dmoz.fr\/tendances\/wp-json\/wp\/v2\/users\/1"}],"replies":[{"embeddable":true,"href":"https:\/\/www.dmoz.fr\/tendances\/wp-json\/wp\/v2\/comments?post=2894"}],"version-history":[{"count":0,"href":"https:\/\/www.dmoz.fr\/tendances\/wp-json\/wp\/v2\/posts\/2894\/revisions"}],"wp:featuredmedia":[{"embeddable":true,"href":"https:\/\/www.dmoz.fr\/tendances\/wp-json\/wp\/v2\/media\/2895"}],"wp:attachment":[{"href":"https:\/\/www.dmoz.fr\/tendances\/wp-json\/wp\/v2\/media?parent=2894"}],"wp:term":[{"taxonomy":"category","embeddable":true,"href":"https:\/\/www.dmoz.fr\/tendances\/wp-json\/wp\/v2\/categories?post=2894"},{"taxonomy":"post_tag","embeddable":true,"href":"https:\/\/www.dmoz.fr\/tendances\/wp-json\/wp\/v2\/tags?post=2894"}],"curies":[{"name":"wp","href":"https:\/\/api.w.org\/{rel}","templated":true}]}}