{"id":2931,"date":"2025-03-07T08:39:37","date_gmt":"2025-03-07T07:39:37","guid":{"rendered":"https:\/\/www.dmoz.fr\/tendances\/mort-de-remi-fraisse\/"},"modified":"2025-03-07T08:39:37","modified_gmt":"2025-03-07T07:39:37","slug":"mort-de-remi-fraisse","status":"publish","type":"post","link":"https:\/\/www.dmoz.fr\/tendances\/mort-de-remi-fraisse\/","title":{"rendered":"Mort de R\u00e9mi Fraisse : r\u00e9v\u00e9lations troublantes sur les circonstances de sa disparition"},"content":{"rendered":"<h2>La trag\u00e9die de la mort de r\u00e9mi fraisse : retour sur une affaire qui a marqu\u00e9 les esprits<\/h2>\n<p>La mort de R\u00e9mi Fraisse, survenue le 26 octobre 2014, a laiss\u00e9 une empreinte ind\u00e9l\u00e9bile dans l&rsquo;esprit collectif fran\u00e7ais. \u00c2g\u00e9 de seulement 21 ans, ce jeune militant \u00e9cologiste a trouv\u00e9 la mort lors d&rsquo;une manifestation contre le projet de barrage de Sivens, dans le Tarn. Ce jour-l\u00e0, un affrontement entre manifestants et forces de l&rsquo;ordre a d\u00e9g\u00e9n\u00e9r\u00e9, et c&rsquo;est une grenade de d\u00e9sencerclement qui a caus\u00e9 son d\u00e9c\u00e8s. La brutalit\u00e9 de l&rsquo;\u00e9v\u00e9nement a suscit\u00e9 une onde de choc \u00e0 travers le pays, mettant en lumi\u00e8re les tensions entre les mouvements \u00e9cologistes et les forces de l&rsquo;ordre, mais aussi le rapport entre l&rsquo;\u00c9tat et les citoyens. Les circonstances de sa mort ont rapidement \u00e9t\u00e9 entour\u00e9es de controverses, alimentant des d\u00e9bats sur l&rsquo;usage de la violence par la police et la l\u00e9gitimit\u00e9 des manifestations.<\/p>\n<p>Les r\u00e9percussions de cette trag\u00e9die ont \u00e9t\u00e9 nombreuses. D&rsquo;une part, des milliers de personnes ont d\u00e9fil\u00e9 pour rendre hommage \u00e0 R\u00e9mi, exprimant leur col\u00e8re et leur d\u00e9sespoir face \u00e0 cette perte tragique. Les r\u00e9seaux sociaux ont \u00e9galement jou\u00e9 un r\u00f4le crucial dans la diffusion de l&rsquo;information, permettant \u00e0 la voix des manifestants de se faire entendre \u00e0 une \u00e9chelle plus large. D&rsquo;autre part, les enqu\u00eates qui ont suivi la mort de R\u00e9mi ont mis en lumi\u00e8re des manquements dans la gestion des manifestations par les autorit\u00e9s. Le rapport de la Commission nationale de d\u00e9ontologie de la s\u00e9curit\u00e9 a soulign\u00e9 des pratiques \u00e0 revoir, et les interrogations sur la responsabilit\u00e9 des forces de l&rsquo;ordre sont rest\u00e9es en suspens. La mort de R\u00e9mi Fraisse n&rsquo;est pas seulement un fait divers ; elle est devenue le symbole d&rsquo;un mouvement plus vaste, celui de la lutte pour la justice sociale et environnementale.<\/p>\n<h3>Des questions qui restent en suspens<\/h3>\n<ul>\n<li><b>Quelle est la responsabilit\u00e9 des forces de l&rsquo;ordre ?<\/b> Les enqu\u00eates n&rsquo;ont pas apport\u00e9 de r\u00e9ponses claires, laissant les familles et les amis de R\u00e9mi dans l&rsquo;incertitude.<\/li>\n<li><b>Comment am\u00e9liorer la s\u00e9curit\u00e9 lors des manifestations ?<\/b> La trag\u00e9die a mis en lumi\u00e8re la n\u00e9cessit\u00e9 d&rsquo;une r\u00e9forme des pratiques polici\u00e8res.<\/li>\n<li><b>Quel impact sur le mouvement \u00e9cologiste ?<\/b> La mort de R\u00e9mi a galvanis\u00e9 les militants, incitant \u00e0 une mobilisation accrue autour des enjeux environnementaux.<\/li>\n<\/ul>\n<h3>Les r\u00e9percussions m\u00e9diatiques et sociales<\/h3>\n<p>Les m\u00e9dias ont largement couvert cette affaire, avec des reportages qui ont analys\u00e9 les \u00e9v\u00e9nements du jour fatidique et les r\u00e9percussions qui en ont d\u00e9coul\u00e9. Le traitement m\u00e9diatique a parfois \u00e9t\u00e9 critiqu\u00e9 pour sa mani\u00e8re de pr\u00e9senter les manifestants, oscillant entre sympathie et stigmatisation. Les t\u00e9moignages des proches de R\u00e9mi, ainsi que ceux des participants \u00e0 la manifestation, ont \u00e9t\u00e9 essentiels pour humaniser cette trag\u00e9die et rappeler que derri\u00e8re les chiffres, il y a des vies bris\u00e9es. Cette affaire a aussi ouvert un d\u00e9bat plus large sur le droit de manifester en France, un droit qui semble parfois \u00eatre remis en question face \u00e0 des situations de tension. <\/p>\n<p>La mort de R\u00e9mi Fraisse a \u00e9galement suscit\u00e9 une r\u00e9action au niveau politique, avec des appels \u00e0 une r\u00e9flexion sur la mani\u00e8re dont les autorit\u00e9s g\u00e8rent les mouvements sociaux. Des personnalit\u00e9s politiques ont exprim\u00e9 leur indignation, tandis que d&rsquo;autres ont plaid\u00e9 pour un encadrement plus strict des manifestations. Cette trag\u00e9die a ainsi mis en exergue les fractures sociales et les clivages politiques qui existent en France, r\u00e9v\u00e9lant une soci\u00e9t\u00e9 en proie \u00e0 des d\u00e9bats profonds sur la d\u00e9mocratie, la violence et la justice.<\/p>\n<h3>Des voix qui s&rsquo;\u00e9l\u00e8vent<\/h3>\n<p>La m\u00e9moire de R\u00e9mi continue d&rsquo;inspirer des actions et des mouvements. Des rassemblements comm\u00e9moratifs sont organis\u00e9s chaque ann\u00e9e, et son nom est devenu un cri de ralliement pour de nombreux militants. Des initiatives ont vu le jour pour r\u00e9clamer justice et pour rappeler l&rsquo;importance de prot\u00e9ger les droits des manifestants. Les discussions autour de son d\u00e9c\u00e8s ont contribu\u00e9 \u00e0 une prise de conscience collective sur les enjeux li\u00e9s \u00e0 l&rsquo;environnement et \u00e0 la r\u00e9pression des mouvements sociaux. La trag\u00e9die de R\u00e9mi Fraisse est devenue un symbole, une r\u00e9f\u00e9rence dans la lutte pour un avenir plus juste et durable.<\/p>\n<h3>Questions br\u00fblantes autour de l&rsquo;affaire<\/h3>\n<ul>\n<li><b>Comment la soci\u00e9t\u00e9 a-t-elle r\u00e9agi \u00e0 cette trag\u00e9die ?<\/b> Les manifestations et les rassemblements en hommage \u00e0 R\u00e9mi t\u00e9moignent d&rsquo;une mobilisation citoyenne forte.<\/li>\n<li><b>Quels changements ont \u00e9t\u00e9 apport\u00e9s suite \u00e0 cette affaire ?<\/b> Les d\u00e9bats sur la l\u00e9gislation encadrant les manifestations ont \u00e9t\u00e9 relanc\u00e9s.<\/li>\n<li><b>Quel h\u00e9ritage laisse R\u00e9mi Fraisse ?<\/b> Son engagement pour l&rsquo;\u00e9cologie et la justice sociale continue d&rsquo;inspirer de nouvelles g\u00e9n\u00e9rations.<\/li>\n<\/ul>\n<h2>Les cons\u00e9quences de la mort de r\u00e9mi fraisse : un \u00e9veil des consciences citoyennes<\/h2>\n<p>La mort tragique de R\u00e9mi Fraisse, survenue lors d\u2019une op\u00e9ration polici\u00e8re \u00e0 Sivens en 2014, a marqu\u00e9 un tournant dans la mani\u00e8re dont les citoyens per\u00e7oivent et interagissent avec les enjeux environnementaux et sociopolitiques. Cet \u00e9v\u00e9nement, bien que dramatique, a provoqu\u00e9 une onde de choc qui a \u00e9veill\u00e9 des consciences jusque-l\u00e0 endormies. Les manifestations qui ont suivi ont rassembl\u00e9 un large \u00e9ventail de personnes, allant des jeunes activistes aux citoyens lambda, unis dans un m\u00eame cri de col\u00e8re contre la violence institutionnelle et la destruction des espaces naturels. La mobilisation a transcend\u00e9 les simples revendications \u00e9cologiques pour devenir un v\u00e9ritable mouvement citoyen, plaidant pour une d\u00e9mocratie participative et une prise de conscience collective des enjeux environnementaux. <\/p>\n<p>Les cons\u00e9quences de cette trag\u00e9die se sont manifest\u00e9es \u00e0 travers plusieurs initiatives, notamment la cr\u00e9ation de collectifs locaux, d&rsquo;associations \u00e9cologistes et de forums de discussion. Ces espaces de dialogue ont permis de redonner la parole aux citoyens, souvent laiss\u00e9s pour compte dans les d\u00e9cisions politiques. <b>Des actions concr\u00e8tes<\/b> ont vu le jour, telles que des projets de reforestation, des campagnes de sensibilisation et des rassemblements pacifiques. La mort de R\u00e9mi a ainsi catalys\u00e9 une prise de conscience g\u00e9n\u00e9ralis\u00e9e sur l&rsquo;importance de la pr\u00e9servation de notre environnement et des droits humains. Des manifestations embl\u00e9matiques, comme celles organis\u00e9es dans le cadre de la lutte contre le projet de barrage \u00e0 Sivens, ont r\u00e9uni des milliers de personnes, renfor\u00e7ant l&rsquo;id\u00e9e que chaque voix compte et que la solidarit\u00e9 est essentielle pour faire face aux enjeux contemporains.<\/p>\n<h3>Des questions qui r\u00e9sonnent<\/h3>\n<ul>\n<li><b>Comment la mort de R\u00e9mi Fraisse a-t-elle chang\u00e9 la perception des luttes \u00e9cologiques en France ?<\/b><\/li>\n<li><b>Quelles sont les initiatives citoyennes qui ont \u00e9merg\u00e9 suite \u00e0 cet \u00e9v\u00e9nement ?<\/b><\/li>\n<li><b>En quoi cet \u00e9veil des consciences peut-il influencer les politiques publiques ?<\/b><\/li>\n<\/ul>\n<p>Les r\u00e9percussions de cet \u00e9v\u00e9nement tragique ne se limitent pas \u00e0 la sph\u00e8re locale ; elles ont \u00e9galement eu un impact sur le d\u00e9bat national. Des discussions autour de la l\u00e9gitimit\u00e9 de l&rsquo;usage de la force par les autorit\u00e9s, en particulier dans le cadre de la gestion des mouvements sociaux, ont \u00e9merg\u00e9. Ce questionnement a ouvert la voie \u00e0 des r\u00e9flexions plus larges sur les valeurs d\u00e9mocratiques et les responsabilit\u00e9s des citoyens face aux injustices. La m\u00e9moire de R\u00e9mi Fraisse est ainsi devenue un symbole pour de nombreux mouvements, incarnant la lutte contre l\u2019oppression et pour la sauvegarde de notre plan\u00e8te. \u00c0 travers ce prisme, la soci\u00e9t\u00e9 fran\u00e7aise a commenc\u00e9 \u00e0 interroger ses propres structures et \u00e0 envisager des alternatives plus justes et durables.<\/p>\n<h3>Les r\u00e9flexions qui \u00e9mergent<\/h3>\n<ul>\n<li><b>Quel r\u00f4le les jeunes jouent-ils dans cette dynamique d&rsquo;\u00e9veil citoyen ?<\/b><\/li>\n<li><b>Comment les m\u00e9dias traitent-ils ces questions de conscience citoyenne ?<\/b><\/li>\n<li><b>Quels sont les d\u00e9fis \u00e0 relever pour p\u00e9renniser cet engagement ?<\/b><\/li>\n<\/ul>\n<p>Cet \u00e9veil des consciences citoyennes, impuls\u00e9 par la mort de R\u00e9mi Fraisse, ne doit pas \u00eatre consid\u00e9r\u00e9 comme un simple mouvement passager. Il repr\u00e9sente une opportunit\u00e9 unique pour r\u00e9\u00e9valuer notre rapport \u00e0 la nature et \u00e0 la soci\u00e9t\u00e9. La mobilisation qui a suivi cet \u00e9v\u00e9nement tragique a non seulement permis de d\u00e9noncer les d\u00e9rives de certaines politiques publiques, mais elle a \u00e9galement permis de b\u00e2tir des ponts entre diff\u00e9rentes g\u00e9n\u00e9rations et diff\u00e9rentes luttes. Les citoyens, arm\u00e9s de leur voix et de leur d\u00e9termination, sont d\u00e9sormais plus que jamais pr\u00eats \u00e0 revendiquer un avenir o\u00f9 la protection de l&rsquo;environnement et les droits humains sont au c\u0153ur des pr\u00e9occupations collectives.<\/p>\n<h3>Un engagement durable<\/h3>\n<ul>\n<li><b>Quels enseignements tirer de cet \u00e9veil citoyen pour l&rsquo;avenir ?<\/b><\/li>\n<li><b>Comment encourager la participation des citoyens dans les d\u00e9cisions politiques ?<\/b><\/li>\n<li><b>En quoi cet engagement peut-il influencer les g\u00e9n\u00e9rations futures ?<\/b><\/li>\n<\/ul>\n<p>La mort de R\u00e9mi Fraisse a donc agi comme un r\u00e9v\u00e9lateur des enjeux contemporains, incitant chacun \u00e0 se poser les bonnes questions et \u00e0 agir. Les consciences, autrefois somnolentes, s\u2019\u00e9veillent \u00e0 la n\u00e9cessit\u00e9 d\u2019un changement radical dans notre mani\u00e8re de concevoir le monde qui nous entoure. Les cons\u00e9quences de cette trag\u00e9die d\u00e9passent largement le cadre de la simple \u00e9motion ; elles engendrent une dynamique de r\u00e9flexion et d\u2019action qui pourrait bien fa\u00e7onner notre avenir commun.<\/p>\n","protected":false},"excerpt":{"rendered":"<p>La trag\u00e9die de la mort de r\u00e9mi fraisse : retour sur une affaire qui a marqu\u00e9 les esprits La mort de R\u00e9mi Fraisse, survenue le 26 octobre 2014, a laiss\u00e9 une empreinte ind\u00e9l\u00e9bile dans l&rsquo;esprit collectif fran\u00e7ais. \u00c2g\u00e9 de seulement 21 ans, ce jeune militant \u00e9cologiste a trouv\u00e9 la mort lors d&rsquo;une manifestation contre le&#8230;<\/p>\n","protected":false},"author":1,"featured_media":0,"comment_status":"","ping_status":"","sticky":false,"template":"","format":"standard","meta":{"_kad_post_transparent":"","_kad_post_title":"","_kad_post_layout":"","_kad_post_sidebar_id":"","_kad_post_content_style":"","_kad_post_vertical_padding":"","_kad_post_feature":"","_kad_post_feature_position":"","_kad_post_header":false,"_kad_post_footer":false,"_kad_post_classname":"","iawp_total_views":0,"footnotes":""},"categories":[1],"tags":[],"class_list":["post-2931","post","type-post","status-publish","format-standard","hentry","category-actualites"],"_links":{"self":[{"href":"https:\/\/www.dmoz.fr\/tendances\/wp-json\/wp\/v2\/posts\/2931","targetHints":{"allow":["GET"]}}],"collection":[{"href":"https:\/\/www.dmoz.fr\/tendances\/wp-json\/wp\/v2\/posts"}],"about":[{"href":"https:\/\/www.dmoz.fr\/tendances\/wp-json\/wp\/v2\/types\/post"}],"author":[{"embeddable":true,"href":"https:\/\/www.dmoz.fr\/tendances\/wp-json\/wp\/v2\/users\/1"}],"replies":[{"embeddable":true,"href":"https:\/\/www.dmoz.fr\/tendances\/wp-json\/wp\/v2\/comments?post=2931"}],"version-history":[{"count":0,"href":"https:\/\/www.dmoz.fr\/tendances\/wp-json\/wp\/v2\/posts\/2931\/revisions"}],"wp:attachment":[{"href":"https:\/\/www.dmoz.fr\/tendances\/wp-json\/wp\/v2\/media?parent=2931"}],"wp:term":[{"taxonomy":"category","embeddable":true,"href":"https:\/\/www.dmoz.fr\/tendances\/wp-json\/wp\/v2\/categories?post=2931"},{"taxonomy":"post_tag","embeddable":true,"href":"https:\/\/www.dmoz.fr\/tendances\/wp-json\/wp\/v2\/tags?post=2931"}],"curies":[{"name":"wp","href":"https:\/\/api.w.org\/{rel}","templated":true}]}}