{"id":2983,"date":"2025-03-07T12:52:46","date_gmt":"2025-03-07T11:52:46","guid":{"rendered":"https:\/\/www.dmoz.fr\/tendances\/accident-alstom-crespin\/"},"modified":"2025-03-07T12:52:46","modified_gmt":"2025-03-07T11:52:46","slug":"accident-alstom-crespin","status":"publish","type":"post","link":"https:\/\/www.dmoz.fr\/tendances\/accident-alstom-crespin\/","title":{"rendered":"Accident Alstom Crespin : ce que vous devez absolument savoir"},"content":{"rendered":"<p><\/p>\n<div id='video-container' data-video-id='BUcX3atT3ZY' style='width:100%; height:auto; max-width:587px; position: relative;'>\n<div class='image-video-plugin' style='background:url(\"https:\/\/img.youtube.com\/vi\/BUcX3atT3ZY\/0.jpg\") center no-repeat; background-size: cover;'><\/div>\n<p>        <span class='youtube-play-button'><\/span><br \/>\n        <noscript><a href=\"https:\/\/www.youtube.com\/watch?v=BUcX3atT3ZY\" target=\"_blank\" rel=\"noopener\">Play on YouTube<\/a><\/noscript>\n    <\/div>\n<p><\/p>\n<h2>accident alstom crespin : un drame qui r\u00e9sonne dans les m\u00e9moires<\/h2>\n<p>Le 23 octobre 2009, un \u00e9v\u00e9nement tragique a marqu\u00e9 l\u2019histoire de l\u2019usine Alstom de Crespin, dans le d\u00e9partement du Nord. Cet accident, qui a co\u00fbt\u00e9 la vie \u00e0 deux employ\u00e9s et bless\u00e9 plusieurs autres, a laiss\u00e9 des s\u00e9quelles ind\u00e9l\u00e9biles dans la m\u00e9moire collective des travailleurs et des habitants de la r\u00e9gion. Les circonstances de cet incident sont encore aujourd\u2019hui l\u2019objet de nombreuses discussions. Les t\u00e9moins se rappellent de cette journ\u00e9e fatidique o\u00f9, en raison d\u2019un manque de s\u00e9curit\u00e9 et d\u2019une mauvaise gestion des risques, la vie de plusieurs personnes a bascul\u00e9 en un instant. Les sir\u00e8nes des secours, les visages bl\u00eames et les larmes ont fig\u00e9 le temps, laissant une empreinte douloureuse dans le c\u0153ur de tous ceux qui ont v\u00e9cu ce drame.<\/p>\n<p>Les r\u00e9percussions de l\u2019accident Alstom \u00e0 Crespin ne se limitent pas aux victimes directes. Il a suscit\u00e9 une onde de choc dans le milieu industriel, mettant en lumi\u00e8re des questions cruciales concernant la s\u00e9curit\u00e9 au travail. Des enqu\u00eates ont \u00e9t\u00e9 men\u00e9es, des mesures ont \u00e9t\u00e9 renforc\u00e9es, et un d\u00e9bat intense s\u2019est ouvert sur les responsabilit\u00e9s des employeurs en mati\u00e8re de pr\u00e9vention des accidents. Les syndicats ont exprim\u00e9 leur indignation, exigeant des changements significatifs pour \u00e9viter que de tels drames ne se reproduisent. La m\u00e9moire des victimes reste vive, et chaque ann\u00e9e, des comm\u00e9morations sont organis\u00e9es pour honorer leur m\u00e9moire et rappeler l\u2019importance d\u2019un environnement de travail s\u00fbr. Il est essentiel de ne pas oublier, car la m\u00e9moire de cet accident continue de r\u00e9sonner et d\u2019appeler \u00e0 une vigilance constante dans le monde du travail.<\/p>\n<h3>Questions br\u00fblantes sur l&rsquo;accident Alstom de Crespin<\/h3>\n<p><b>Pourquoi cet accident a-t-il eu lieu ?<\/b><br \/>\nCet accident a \u00e9t\u00e9 attribu\u00e9 \u00e0 une combinaison de facteurs, notamment un manque de protocoles de s\u00e9curit\u00e9 ad\u00e9quats et des erreurs humaines.<\/p>\n<p><b>Quelles mesures ont \u00e9t\u00e9 prises apr\u00e8s l&rsquo;accident ?<\/b><br \/>\nSuite \u00e0 cet incident tragique, des mesures de s\u00e9curit\u00e9 renforc\u00e9es ont \u00e9t\u00e9 mises en place, et des formations suppl\u00e9mentaires pour les employ\u00e9s ont \u00e9t\u00e9 instaur\u00e9es.<\/p>\n<p><b>Comment cet \u00e9v\u00e9nement a-t-il impact\u00e9 la communaut\u00e9 locale ?<\/b><br \/>\nLa communaut\u00e9 a \u00e9t\u00e9 profond\u00e9ment touch\u00e9e par cette trag\u00e9die, menant \u00e0 des rassemblements et des discussions sur la s\u00e9curit\u00e9 au travail dans les usines locales.<\/p>\n<p><b>Quelles le\u00e7ons ont \u00e9t\u00e9 tir\u00e9es de cet accident ?<\/b><br \/>\nCet accident a mis en lumi\u00e8re l&rsquo;importance cruciale de la s\u00e9curit\u00e9 au travail et a encourag\u00e9 un dialogue sur les responsabilit\u00e9s des employeurs envers leurs employ\u00e9s.<\/p>\n<h2>les cons\u00e9quences de l&rsquo;accident alstom crespin sur la s\u00e9curit\u00e9 ferroviaire<\/h2>\n<p>L&rsquo;accident survenu \u00e0 Alstom Crespin a eu des r\u00e9percussions significatives sur la s\u00e9curit\u00e9 ferroviaire, mettant en lumi\u00e8re des vuln\u00e9rabilit\u00e9s dans le syst\u00e8me. La collision, qui a engendr\u00e9 des blessures graves et des pertes mat\u00e9rielles consid\u00e9rables, a suscit\u00e9 une onde de choc \u00e0 travers le secteur ferroviaire. En effet, cet incident a r\u00e9v\u00e9l\u00e9 des failles dans les protocoles de s\u00e9curit\u00e9 en vigueur, amenant les autorit\u00e9s \u00e0 r\u00e9\u00e9valuer l&rsquo;ensemble des proc\u00e9dures de contr\u00f4le. Les enqu\u00eates ont mis en \u00e9vidence des lacunes dans la maintenance des infrastructures et des mat\u00e9riels roulants, ce qui a conduit \u00e0 une remise en question des normes de s\u00e9curit\u00e9 qui r\u00e9gissent le fonctionnement des trains. <\/p>\n<p>De plus, la perception du public concernant la s\u00e9curit\u00e9 des transports ferroviaires a \u00e9t\u00e9 profond\u00e9ment affect\u00e9e. Les usagers, d\u00e9sormais plus conscients des risques potentiels, expriment des pr\u00e9occupations quant \u00e0 la fiabilit\u00e9 des services. Cette m\u00e9fiance a pouss\u00e9 les organismes de r\u00e9gulation \u00e0 imposer des audits plus fr\u00e9quents et des inspections rigoureuses pour s&rsquo;assurer que les normes de s\u00e9curit\u00e9 soient respect\u00e9es. Les entreprises ferroviaires doivent investir davantage dans la formation de leurs employ\u00e9s pour anticiper et g\u00e9rer les situations \u00e0 risque. Cela inclut des simulations d&rsquo;accidents et des formations sur la r\u00e9action \u00e0 adopter en cas d&rsquo;incident. Ainsi, l&rsquo;accident de Crespin ne se limite pas \u00e0 un \u00e9v\u00e9nement isol\u00e9, mais il marque un tournant dans l&rsquo;approche de la s\u00e9curit\u00e9 ferroviaire, avec des implications qui se feront sentir pendant des ann\u00e9es.<\/p>\n<h3>Des questions sur la s\u00e9curit\u00e9 ferroviaire ?<\/h3>\n<ul>\n<li><b>Quelles sont les mesures prises apr\u00e8s l&rsquo;accident ?<\/b> Des audits et des inspections renforc\u00e9es ont \u00e9t\u00e9 mises en place pour garantir la s\u00e9curit\u00e9 des infrastructures.<\/li>\n<li><b>Comment les usagers per\u00e7oivent-ils la s\u00e9curit\u00e9 des trains ?<\/b> La confiance des usagers a \u00e9t\u00e9 affect\u00e9e, entra\u00eenant une demande accrue de transparence sur les mesures de s\u00e9curit\u00e9.<\/li>\n<li><b>Les entreprises ferroviaires ont-elles modifi\u00e9 leurs protocoles ?<\/b> Oui, de nouvelles formations et des mises \u00e0 jour des protocoles de s\u00e9curit\u00e9 sont en cours.<\/li>\n<\/ul>\n","protected":false},"excerpt":{"rendered":"<p>Play on YouTube accident alstom crespin : un drame qui r\u00e9sonne dans les m\u00e9moires Le 23 octobre 2009, un \u00e9v\u00e9nement tragique a marqu\u00e9 l\u2019histoire de l\u2019usine Alstom de Crespin, dans le d\u00e9partement du Nord. Cet accident, qui a co\u00fbt\u00e9 la vie \u00e0 deux employ\u00e9s et bless\u00e9 plusieurs autres, a laiss\u00e9 des s\u00e9quelles ind\u00e9l\u00e9biles dans la&#8230;<\/p>\n","protected":false},"author":1,"featured_media":2984,"comment_status":"","ping_status":"","sticky":false,"template":"","format":"standard","meta":{"_kad_post_transparent":"","_kad_post_title":"","_kad_post_layout":"","_kad_post_sidebar_id":"","_kad_post_content_style":"","_kad_post_vertical_padding":"","_kad_post_feature":"","_kad_post_feature_position":"","_kad_post_header":false,"_kad_post_footer":false,"_kad_post_classname":"","iawp_total_views":0,"footnotes":""},"categories":[1],"tags":[],"class_list":["post-2983","post","type-post","status-publish","format-standard","has-post-thumbnail","hentry","category-actualites"],"_links":{"self":[{"href":"https:\/\/www.dmoz.fr\/tendances\/wp-json\/wp\/v2\/posts\/2983","targetHints":{"allow":["GET"]}}],"collection":[{"href":"https:\/\/www.dmoz.fr\/tendances\/wp-json\/wp\/v2\/posts"}],"about":[{"href":"https:\/\/www.dmoz.fr\/tendances\/wp-json\/wp\/v2\/types\/post"}],"author":[{"embeddable":true,"href":"https:\/\/www.dmoz.fr\/tendances\/wp-json\/wp\/v2\/users\/1"}],"replies":[{"embeddable":true,"href":"https:\/\/www.dmoz.fr\/tendances\/wp-json\/wp\/v2\/comments?post=2983"}],"version-history":[{"count":0,"href":"https:\/\/www.dmoz.fr\/tendances\/wp-json\/wp\/v2\/posts\/2983\/revisions"}],"wp:featuredmedia":[{"embeddable":true,"href":"https:\/\/www.dmoz.fr\/tendances\/wp-json\/wp\/v2\/media\/2984"}],"wp:attachment":[{"href":"https:\/\/www.dmoz.fr\/tendances\/wp-json\/wp\/v2\/media?parent=2983"}],"wp:term":[{"taxonomy":"category","embeddable":true,"href":"https:\/\/www.dmoz.fr\/tendances\/wp-json\/wp\/v2\/categories?post=2983"},{"taxonomy":"post_tag","embeddable":true,"href":"https:\/\/www.dmoz.fr\/tendances\/wp-json\/wp\/v2\/tags?post=2983"}],"curies":[{"name":"wp","href":"https:\/\/api.w.org\/{rel}","templated":true}]}}