{"id":3058,"date":"2025-03-08T03:52:44","date_gmt":"2025-03-08T02:52:44","guid":{"rendered":"https:\/\/www.dmoz.fr\/tendances\/donald-trump-emmanuel-macron\/"},"modified":"2025-03-08T03:52:44","modified_gmt":"2025-03-08T02:52:44","slug":"donald-trump-emmanuel-macron","status":"publish","type":"post","link":"https:\/\/www.dmoz.fr\/tendances\/donald-trump-emmanuel-macron\/","title":{"rendered":"Donald Trump et Emmanuel Macron : un duo inattendu qui bouleverse la sc\u00e8ne politique mondiale !"},"content":{"rendered":"<h2>Donald Trump et Emmanuel Macron : deux visions du monde en confrontation<\/h2>\n<p>Donald Trump et Emmanuel Macron incarnent deux approches diam\u00e9tralement oppos\u00e9es en mati\u00e8re de politique internationale. D\u2019un c\u00f4t\u00e9, Trump, avec son slogan \u00ab America First \u00bb, pr\u00f4ne un nationalisme \u00e9conomique qui vise \u00e0 remettre en question les alliances traditionnelles et \u00e0 privil\u00e9gier les int\u00e9r\u00eats am\u00e9ricains. Ses d\u00e9cisions, telles que le retrait des \u00c9tats-Unis de l&rsquo;accord de Paris sur le climat et la ren\u00e9gociation des accords commerciaux, illustrent cette volont\u00e9 de se concentrer sur la prosp\u00e9rit\u00e9 int\u00e9rieure au d\u00e9triment des engagements globaux. Ce choix, teint\u00e9 d&rsquo;un populisme parfois d\u00e9rangeant, a r\u00e9sonn\u00e9 avec une partie de la population am\u00e9ricaine qui se sentait laiss\u00e9e pour compte par la mondialisation. <\/p>\n<p>De l&rsquo;autre c\u00f4t\u00e9, Emmanuel Macron se positionne comme un fervent d\u00e9fenseur du multilat\u00e9ralisme et de la coop\u00e9ration internationale. Avec des initiatives telles que la r\u00e9forme de l&rsquo;Union europ\u00e9enne et son appel \u00e0 une Europe plus forte sur la sc\u00e8ne mondiale, Macron cherche \u00e0 construire des ponts plut\u00f4t qu&rsquo;\u00e0 \u00e9riger des murs. Sa vision du monde repose sur l&rsquo;id\u00e9e que les d\u00e9fis contemporains, tels que le changement climatique et les crises migratoires, n\u00e9cessitent une r\u00e9ponse collective. Alors que Trump \u00e9voque souvent une France en d\u00e9clin, Macron, quant \u00e0 lui, mise sur l&rsquo;innovation et la solidarit\u00e9. Ces deux leaders, par leurs discours et leurs actions, dessinent ainsi des contours d\u2019un affrontement id\u00e9ologique entre isolationnisme et engagement global.<\/p>\n<h3>Questions qui titillent l\u2019esprit<\/h3>\n<ul>\n<li><b>Quelles sont les r\u00e9percussions des politiques de Trump sur les relations internationales ?<\/b><\/li>\n<li><b>Comment Macron tente-t-il de contrer l&rsquo;influence am\u00e9ricaine en Europe ?<\/b><\/li>\n<li><b>Les visions de Trump et Macron peuvent-elles coexister sur la sc\u00e8ne mondiale ?<\/b><\/li>\n<li><b>Quel impact ces deux leaders ont-ils sur les jeunes g\u00e9n\u00e9rations ?<\/b><\/li>\n<\/ul>\n<p>Les diff\u00e9rences entre Trump et Macron ne se limitent pas seulement \u00e0 leurs politiques, mais aussi \u00e0 leur style de communication. Trump, avec son approche directe et souvent provocatrice, utilise les r\u00e9seaux sociaux pour faire passer ses messages sans filtre, cr\u00e9ant un lien direct avec son \u00e9lectorat. \u00c0 l&rsquo;oppos\u00e9, Macron adopte une posture plus diplomatique, utilisant des discours r\u00e9fl\u00e9chis pour s\u00e9duire tant les citoyens fran\u00e7ais que les dirigeants \u00e9trangers. Cette divergence de style refl\u00e8te \u00e9galement leur conception de la d\u00e9mocratie et de la mani\u00e8re dont un leader doit interagir avec son peuple. Si Trump privil\u00e9gie une rh\u00e9torique qui mobilise les masses autour d\u2019un sentiment d\u2019appartenance nationale, Macron appelle \u00e0 une responsabilit\u00e9 collective, o\u00f9 chacun a un r\u00f4le \u00e0 jouer dans la construction d&rsquo;un avenir commun.<\/p>\n<p>Leurs visions respectives se manifestent \u00e9galement dans leurs approches face aux crises mondiales. Trump, en mettant l&rsquo;accent sur la s\u00e9curit\u00e9 nationale, semble parfois n\u00e9gliger les enjeux globaux, tandis que Macron, en plaidant pour une r\u00e9ponse coordonn\u00e9e aux crises telles que le changement climatique, d\u00e9montre une volont\u00e9 d&rsquo;aller au-del\u00e0 des int\u00e9r\u00eats nationaux. Cette dichotomie cr\u00e9e un terrain fertile pour des d\u00e9bats enflamm\u00e9s, tant sur le plan politique que dans les m\u00e9dias, o\u00f9 les deux leaders sont souvent mis en opposition. Ainsi, leur confrontation ne se limite pas \u00e0 un simple affrontement entre deux personnalit\u00e9s, mais s&rsquo;inscrit dans une lutte plus large entre deux philosophies qui fa\u00e7onnent le monde moderne.<\/p>\n<h2>Le duel des personnalit\u00e9s : quand le style rencontre la strat\u00e9gie<\/h2>\n<p>Dans un monde o\u00f9 l&rsquo;apparence et la substance se livrent un combat sans merci, le style et la strat\u00e9gie s&rsquo;entrelacent pour cr\u00e9er des identit\u00e9s uniques. On peut observer ce ph\u00e9nom\u00e8ne dans de nombreux domaines, que ce soit en entreprise, dans la mode ou m\u00eame dans les arts. Les personnalit\u00e9s qui r\u00e9ussissent \u00e0 jongler habilement entre ces deux aspects sont souvent celles qui se d\u00e9marquent vraiment. Le style, ce n&rsquo;est pas juste une question d&rsquo;esth\u00e9tique ; c&rsquo;est une mani\u00e8re de se pr\u00e9senter au monde, de faire passer des messages, d&rsquo;affirmer sa personnalit\u00e9. Quant \u00e0 la strat\u00e9gie, elle est le socle sur lequel repose la construction d&rsquo;un projet, d&rsquo;une carri\u00e8re, d&rsquo;une image. Lorsque ces deux \u00e9l\u00e9ments s&rsquo;harmonisent, ils cr\u00e9ent une synergie puissante qui attire l&rsquo;attention et suscite l&rsquo;admiration.<\/p>\n<p>Mais alors, comment ces deux forces s&rsquo;affrontent-elles et se compl\u00e8tent-elles ? Prenons l&rsquo;exemple de figures embl\u00e9matiques comme Coco Chanel ou Steve Jobs. Leurs styles distinctifs ont transcend\u00e9 les simples tendances pour devenir des v\u00e9rit\u00e9s intemporelles. Chanel, avec son \u00e9l\u00e9gance et sa simplicit\u00e9, a r\u00e9volutionn\u00e9 la mode tout en mettant en place une strat\u00e9gie marketing audacieuse qui a propuls\u00e9 sa marque au sommet. De son c\u00f4t\u00e9, Jobs a su allier un style minimaliste \u00e0 une strat\u00e9gie de design r\u00e9fl\u00e9chie, cr\u00e9ant ainsi une image de marque forte pour Apple. Ces personnalit\u00e9s illustrent \u00e0 quel point le duel entre style et strat\u00e9gie peut \u00eatre d\u00e9cisif dans la r\u00e9ussite d&rsquo;une carri\u00e8re. En fin de compte, c&rsquo;est cette alchimie entre l&rsquo;expression individuelle et la planification tactique qui forge des l\u00e9gendes.<\/p>\n<h3>Questions qui piquent votre curiosit\u00e9<\/h3>\n<ul>\n<li><b>Comment le style influence-t-il la perception d&rsquo;une strat\u00e9gie ?<\/b> La premi\u00e8re impression est souvent d\u00e9terminante ; un style soign\u00e9 peut renforcer la cr\u00e9dibilit\u00e9 d&rsquo;une strat\u00e9gie.<\/li>\n<li><b>Peut-on avoir un bon style sans une strat\u00e9gie solide ?<\/b> Absolument, mais cela risque d&rsquo;\u00eatre \u00e9ph\u00e9m\u00e8re. Un style sans strat\u00e9gie peut manquer de profondeur.<\/li>\n<li><b>Les personnalit\u00e9s publiques doivent-elles toujours jongler entre style et strat\u00e9gie ?<\/b> Oui, car leur image est constamment scrut\u00e9e par le public et les m\u00e9dias.<\/li>\n<\/ul>\n","protected":false},"excerpt":{"rendered":"<p>Donald Trump et Emmanuel Macron : deux visions du monde en confrontation Donald Trump et Emmanuel Macron incarnent deux approches diam\u00e9tralement oppos\u00e9es en mati\u00e8re de politique internationale. D\u2019un c\u00f4t\u00e9, Trump, avec son slogan \u00ab America First \u00bb, pr\u00f4ne un nationalisme \u00e9conomique qui vise \u00e0 remettre en question les alliances traditionnelles et \u00e0 privil\u00e9gier les int\u00e9r\u00eats&#8230;<\/p>\n","protected":false},"author":1,"featured_media":0,"comment_status":"","ping_status":"","sticky":false,"template":"","format":"standard","meta":{"_kad_post_transparent":"","_kad_post_title":"","_kad_post_layout":"","_kad_post_sidebar_id":"","_kad_post_content_style":"","_kad_post_vertical_padding":"","_kad_post_feature":"","_kad_post_feature_position":"","_kad_post_header":false,"_kad_post_footer":false,"_kad_post_classname":"","iawp_total_views":0,"footnotes":""},"categories":[1],"tags":[],"class_list":["post-3058","post","type-post","status-publish","format-standard","hentry","category-actualites"],"_links":{"self":[{"href":"https:\/\/www.dmoz.fr\/tendances\/wp-json\/wp\/v2\/posts\/3058","targetHints":{"allow":["GET"]}}],"collection":[{"href":"https:\/\/www.dmoz.fr\/tendances\/wp-json\/wp\/v2\/posts"}],"about":[{"href":"https:\/\/www.dmoz.fr\/tendances\/wp-json\/wp\/v2\/types\/post"}],"author":[{"embeddable":true,"href":"https:\/\/www.dmoz.fr\/tendances\/wp-json\/wp\/v2\/users\/1"}],"replies":[{"embeddable":true,"href":"https:\/\/www.dmoz.fr\/tendances\/wp-json\/wp\/v2\/comments?post=3058"}],"version-history":[{"count":0,"href":"https:\/\/www.dmoz.fr\/tendances\/wp-json\/wp\/v2\/posts\/3058\/revisions"}],"wp:attachment":[{"href":"https:\/\/www.dmoz.fr\/tendances\/wp-json\/wp\/v2\/media?parent=3058"}],"wp:term":[{"taxonomy":"category","embeddable":true,"href":"https:\/\/www.dmoz.fr\/tendances\/wp-json\/wp\/v2\/categories?post=3058"},{"taxonomy":"post_tag","embeddable":true,"href":"https:\/\/www.dmoz.fr\/tendances\/wp-json\/wp\/v2\/tags?post=3058"}],"curies":[{"name":"wp","href":"https:\/\/api.w.org\/{rel}","templated":true}]}}