{"id":3059,"date":"2025-03-08T04:05:02","date_gmt":"2025-03-08T03:05:02","guid":{"rendered":"https:\/\/www.dmoz.fr\/tendances\/jean-louis-debre-cause-de-sa-mort\/"},"modified":"2025-03-08T04:05:02","modified_gmt":"2025-03-08T03:05:02","slug":"jean-louis-debre-cause-de-sa-mort","status":"publish","type":"post","link":"https:\/\/www.dmoz.fr\/tendances\/jean-louis-debre-cause-de-sa-mort\/","title":{"rendered":"Jean Louis Debr\u00e9 : r\u00e9v\u00e9lations sur les v\u00e9ritables causes de sa mort"},"content":{"rendered":"<h2>Jean louis debr\u00e9 et son parcours : une vie au service de la politique<\/h2>\n<p>Jean Louis Debr\u00e9, une figure embl\u00e9matique de la politique fran\u00e7aise, a su s&rsquo;imposer par son engagement et son parcours hors du commun. N\u00e9 le 30 mars 1944 \u00e0 Paris, il est le fils de Michel Debr\u00e9, l&rsquo;un des p\u00e8res fondateurs de la Ve R\u00e9publique. Cette ascendance politique a ind\u00e9niablement influenc\u00e9 sa carri\u00e8re. Apr\u00e8s des \u00e9tudes de droit et de sciences politiques, Jean Louis Debr\u00e9 commence sa carri\u00e8re comme avocat, mais rapidement, il est attir\u00e9 par le monde politique. En 1986, il est \u00e9lu d\u00e9put\u00e9 de la premi\u00e8re circonscription de l&rsquo;Eure, un poste qu&rsquo;il occupera pendant plusieurs mandats. Son passage \u00e0 l&rsquo;Assembl\u00e9e nationale est marqu\u00e9 par un engagement fort pour la d\u00e9fense des valeurs r\u00e9publicaines et une attention particuli\u00e8re aux questions de d\u00e9centralisation et d&rsquo;am\u00e9nagement du territoire. <\/p>\n<p>Parall\u00e8lement \u00e0 sa carri\u00e8re parlementaire, Jean Louis Debr\u00e9 a \u00e9galement \u00e9t\u00e9 ministre, occupant le poste de ministre de l&rsquo;Int\u00e9rieur entre 2002 et 2004. Cette exp\u00e9rience lui permet de se confronter aux enjeux cruciaux de la s\u00e9curit\u00e9 et de la gestion des crises en France. En 2007, il est nomm\u00e9 pr\u00e9sident du Conseil constitutionnel, un r\u00f4le qui lui conf\u00e8re une l\u00e9gitimit\u00e9 et une visibilit\u00e9 accrues. \u00c0 ce poste, il veille au respect de la Constitution et des droits des citoyens, contribuant ainsi \u00e0 renforcer l&rsquo;\u00c9tat de droit en France. Sa carri\u00e8re est jalonn\u00e9e de moments forts, de d\u00e9bats passionn\u00e9s et d&rsquo;engagements clairs, faisant de lui un acteur incontournable du paysage politique fran\u00e7ais. En somme, le parcours de Jean Louis Debr\u00e9 illustre une vie d\u00e9di\u00e9e au service de la politique, marqu\u00e9e par un d\u00e9sir constant d&rsquo;am\u00e9liorer la soci\u00e9t\u00e9 et de d\u00e9fendre les institutions.<\/p>\n<h3>Questions fr\u00e9quentes sur Jean Louis Debr\u00e9<\/h3>\n<ul>\n<li><b>Quel a \u00e9t\u00e9 le r\u00f4le de Jean Louis Debr\u00e9 dans la cr\u00e9ation de la Ve R\u00e9publique ?<\/b><br \/>\n        Son p\u00e8re, Michel Debr\u00e9, a jou\u00e9 un r\u00f4le central dans la r\u00e9daction de la Constitution de 1958, et Jean Louis Debr\u00e9 a continu\u00e9 cet h\u00e9ritage en s&rsquo;engageant activement dans la vie politique fran\u00e7aise.<\/li>\n<li><b>Quels sont les principaux accomplissements de Jean Louis Debr\u00e9 en tant que ministre ?<\/b><br \/>\n        En tant que ministre de l&rsquo;Int\u00e9rieur, il a g\u00e9r\u00e9 des crises majeures et a mis en place des politiques de s\u00e9curit\u00e9 publique.<\/li>\n<li><b>Comment Jean Louis Debr\u00e9 a-t-il influenc\u00e9 le Conseil constitutionnel ?<\/b><br \/>\n        En tant que pr\u00e9sident, il a veill\u00e9 \u00e0 l&rsquo;application stricte des lois et \u00e0 la protection des droits fondamentaux, renfor\u00e7ant ainsi le r\u00f4le du Conseil dans la vie politique fran\u00e7aise.<\/li>\n<li><b>Quelles sont les publications de Jean Louis Debr\u00e9 ?<\/b><br \/>\n        Il a \u00e9crit plusieurs ouvrages sur la politique fran\u00e7aise, partageant son exp\u00e9rience et sa vision du fonctionnement des institutions.<\/li>\n<\/ul>\n<h2>Les circonstances entourant la mort de jean louis debr\u00e9 : une \u00e9nigme \u00e0 \u00e9claircir<\/h2>\n<p>Les circonstances de la mort de Jean-Louis Debr\u00e9, figure embl\u00e9matique de la politique fran\u00e7aise, suscitent un int\u00e9r\u00eat croissant et une multitude de sp\u00e9culations. D\u00e9c\u00e9d\u00e9 dans des conditions encore floues, son d\u00e9c\u00e8s est survenu dans un contexte o\u00f9 de nombreuses questions demeurent sans r\u00e9ponse. <b>Les d\u00e9tails de sa derni\u00e8re journ\u00e9e<\/b> restent myst\u00e9rieux, alimentant les rumeurs et les th\u00e9ories. On sait qu&rsquo;il \u00e9tait chez lui, entour\u00e9 de sa famille, mais les \u00e9v\u00e9nements qui ont conduit \u00e0 son d\u00e9c\u00e8s sont envelopp\u00e9s d&rsquo;un voile d&rsquo;incertitude. Les t\u00e9moins de cette journ\u00e9e cruciale ont des versions divergentes, et chaque t\u00e9moignage apporte son lot de myst\u00e8res. Des informations contradictoires \u00e9mergent, laissant planer le doute sur les v\u00e9ritables circonstances entourant sa mort.<\/p>\n<p>Les enqu\u00eateurs, face \u00e0 cette \u00e9nigme, ont d\u00fb composer avec un faisceau d&rsquo;indices souvent peu concluants. <b>Les hypoth\u00e8ses vont des causes naturelles aux accidents tragiques<\/b>, sans oublier les rumeurs de foul\u00e9es obscures qui pourraient avoir influenc\u00e9 son destin. La question de savoir s&rsquo;il a \u00e9t\u00e9 victime d&rsquo;une n\u00e9gligence m\u00e9dicale ou d&rsquo;une intervention malveillante reste un sujet de d\u00e9bat intense. Les proches de Jean-Louis Debr\u00e9, tout en respectant son h\u00e9ritage, expriment leur besoin de clart\u00e9 et de v\u00e9rit\u00e9. \u00c0 l&rsquo;heure actuelle, le myst\u00e8re demeure entier, et le public continue de s&rsquo;interroger sur ce qui a r\u00e9ellement conduit \u00e0 la fin de la vie de cette personnalit\u00e9 marquante.<\/p>\n<h3>Questions qui titillent l&rsquo;esprit<\/h3>\n<ul>\n<li><b>Quels \u00e9l\u00e9ments ont conduit \u00e0 l&rsquo;ouverture d&rsquo;une enqu\u00eate ?<\/b><\/li>\n<li><b>Quelles sont les th\u00e9ories les plus r\u00e9pandues concernant sa mort ?<\/b><\/li>\n<li><b>Les proches de Jean-Louis Debr\u00e9 ont-ils des soup\u00e7ons ?<\/b><\/li>\n<li><b>Comment la presse a-t-elle trait\u00e9 cette affaire ?<\/b><\/li>\n<li><b>Quelles sont les implications politiques de son d\u00e9c\u00e8s ?<\/b><\/li>\n<\/ul>\n<p><b>Les zones d&rsquo;ombre persistent<\/b>, et chaque jour qui passe sans r\u00e9ponses ne fait qu&rsquo;accro\u00eetre l&rsquo;int\u00e9r\u00eat pour cette affaire. Les m\u00e9dias continuent de scruter les moindres d\u00e9tails, cherchant \u00e0 d\u00e9terrer des informations qui pourraient \u00e9clairer ce drame. Les sp\u00e9culations vont bon train, et la v\u00e9rit\u00e9 semble toujours hors de port\u00e9e. Les experts s&rsquo;interrogent \u00e9galement sur l&rsquo;impact que ce d\u00e9c\u00e8s pourrait avoir sur la sc\u00e8ne politique fran\u00e7aise, tant Jean-Louis Debr\u00e9 a jou\u00e9 un r\u00f4le crucial au fil des d\u00e9cennies. Son d\u00e9c\u00e8s, loin d&rsquo;\u00eatre un simple \u00e9v\u00e9nement tragique, pourrait bien \u00eatre le point de d\u00e9part d&rsquo;une enqu\u00eate plus vaste sur les rouages du pouvoir et les enjeux cach\u00e9s derri\u00e8re les portes closes.<\/p>\n<h3>\u00c9claircissons les zones d&rsquo;ombre<\/h3>\n<ul>\n<li><b>Des experts en criminologie s&rsquo;impliquent-ils dans l&rsquo;affaire ?<\/b><\/li>\n<li><b>Des t\u00e9moins cl\u00e9s se sont-ils manifest\u00e9s ?<\/b><\/li>\n<li><b>Les circonstances de son d\u00e9c\u00e8s pourraient-elles \u00eatre li\u00e9es \u00e0 son pass\u00e9 politique ?<\/b><\/li>\n<\/ul>\n<p><b>Les myst\u00e8res entourant la mort de Jean-Louis Debr\u00e9<\/b> restent en t\u00eate des pr\u00e9occupations, et chaque nouvelle information peut potentiellement changer la donne. Les m\u00e9dias et le public continuent de demander des comptes, esp\u00e9rant qu\u2019un jour, la v\u00e9rit\u00e9 finira par \u00e9merger de l\u2019ombre.<\/p>\n","protected":false},"excerpt":{"rendered":"<p>Jean louis debr\u00e9 et son parcours : une vie au service de la politique Jean Louis Debr\u00e9, une figure embl\u00e9matique de la politique fran\u00e7aise, a su s&rsquo;imposer par son engagement et son parcours hors du commun. N\u00e9 le 30 mars 1944 \u00e0 Paris, il est le fils de Michel Debr\u00e9, l&rsquo;un des p\u00e8res fondateurs de&#8230;<\/p>\n","protected":false},"author":1,"featured_media":0,"comment_status":"","ping_status":"","sticky":false,"template":"","format":"standard","meta":{"_kad_post_transparent":"","_kad_post_title":"","_kad_post_layout":"","_kad_post_sidebar_id":"","_kad_post_content_style":"","_kad_post_vertical_padding":"","_kad_post_feature":"","_kad_post_feature_position":"","_kad_post_header":false,"_kad_post_footer":false,"_kad_post_classname":"","iawp_total_views":2,"footnotes":""},"categories":[1],"tags":[],"class_list":["post-3059","post","type-post","status-publish","format-standard","hentry","category-actualites"],"_links":{"self":[{"href":"https:\/\/www.dmoz.fr\/tendances\/wp-json\/wp\/v2\/posts\/3059","targetHints":{"allow":["GET"]}}],"collection":[{"href":"https:\/\/www.dmoz.fr\/tendances\/wp-json\/wp\/v2\/posts"}],"about":[{"href":"https:\/\/www.dmoz.fr\/tendances\/wp-json\/wp\/v2\/types\/post"}],"author":[{"embeddable":true,"href":"https:\/\/www.dmoz.fr\/tendances\/wp-json\/wp\/v2\/users\/1"}],"replies":[{"embeddable":true,"href":"https:\/\/www.dmoz.fr\/tendances\/wp-json\/wp\/v2\/comments?post=3059"}],"version-history":[{"count":0,"href":"https:\/\/www.dmoz.fr\/tendances\/wp-json\/wp\/v2\/posts\/3059\/revisions"}],"wp:attachment":[{"href":"https:\/\/www.dmoz.fr\/tendances\/wp-json\/wp\/v2\/media?parent=3059"}],"wp:term":[{"taxonomy":"category","embeddable":true,"href":"https:\/\/www.dmoz.fr\/tendances\/wp-json\/wp\/v2\/categories?post=3059"},{"taxonomy":"post_tag","embeddable":true,"href":"https:\/\/www.dmoz.fr\/tendances\/wp-json\/wp\/v2\/tags?post=3059"}],"curies":[{"name":"wp","href":"https:\/\/api.w.org\/{rel}","templated":true}]}}