{"id":310,"date":"2025-02-09T23:41:25","date_gmt":"2025-02-09T22:41:25","guid":{"rendered":"https:\/\/www.dmoz.fr\/tendances\/retraites-comprendre-les-enjeux-et-perspectives\/"},"modified":"2025-02-09T23:41:25","modified_gmt":"2025-02-09T22:41:25","slug":"retraites-comprendre-les-enjeux-et-perspectives","status":"publish","type":"post","link":"https:\/\/www.dmoz.fr\/tendances\/retraites-comprendre-les-enjeux-et-perspectives\/","title":{"rendered":"Retraites : comprendre les enjeux et perspectives"},"content":{"rendered":"\n<figure class='wp-block-image size-full'>\n<img width=\"1792\" height=\"1024\" src=\"https:\/\/www.dmoz.fr\/tendances\/wp-content\/uploads\/2025\/02\/Retraites-comprendre-les-enjeux-et-perspectives.png\" class=\"attachment-full size-full\" alt=\"d\u00e9couvrez les enjeux et perspectives des retraites en france. analysez les d\u00e9fis actuels, les r\u00e9formes \u00e0 venir et les solutions possibles pour garantir un syst\u00e8me de retraite durable et \u00e9quitable pour tous.\" decoding=\"async\" srcset=\"https:\/\/www.dmoz.fr\/tendances\/wp-content\/uploads\/2025\/02\/Retraites-comprendre-les-enjeux-et-perspectives.png 1792w, https:\/\/www.dmoz.fr\/tendances\/wp-content\/uploads\/2025\/02\/Retraites-comprendre-les-enjeux-et-perspectives-300x171.png 300w, https:\/\/www.dmoz.fr\/tendances\/wp-content\/uploads\/2025\/02\/Retraites-comprendre-les-enjeux-et-perspectives-1024x585.png 1024w, https:\/\/www.dmoz.fr\/tendances\/wp-content\/uploads\/2025\/02\/Retraites-comprendre-les-enjeux-et-perspectives-768x439.png 768w, https:\/\/www.dmoz.fr\/tendances\/wp-content\/uploads\/2025\/02\/Retraites-comprendre-les-enjeux-et-perspectives-1536x878.png 1536w\" sizes=\"(max-width: 1792px) 100vw, 1792px\" title=\"\">\n<\/figure>\n\n\n\n<p>Dans un contexte socio-\u00e9conomique de plus en plus complexe, vient se greffer \u00e0 nos pr\u00e9occupations quotidiennes un sujet particuli\u00e8rement \u00e9pineux : les <strong>retraites<\/strong>. Ce syst\u00e8me si pr\u00e9cieux et pourtant si malmen\u00e9 par les r\u00e9formes successives invite \u00e0 des r\u00e9flexions approfondies sur ses enjeux et ses perspectives d&rsquo;avenir. En plongeant dans les m\u00e9andres des r\u00e9formes propos\u00e9es, nous tenterons de discerner ce que cela signifie pour le futur des retrait\u00e9s et de la population active, tout en conservant une touche d&rsquo;ironie pour d\u00e9dramatiser cette r\u00e9alit\u00e9 parfois pesante.<\/p>\n\n\n<h2 class=\"wp-block-heading\">Les d\u00e9fis du syst\u00e8me des retraites<\/h2>\n\n\n<p>Ah, le syst\u00e8me des <strong>retraites<\/strong> en France ! Un vrai casse-t\u00eate digne d&rsquo;un niveau olympique. Les experts s\u2019accordent \u00e0 dire que le principal d\u00e9fi r\u00e9side dans le <strong>vieillissement de la population<\/strong>. Non, ce n&rsquo;est pas juste une question de souches de vieillards qui squattent les terrasses des caf\u00e9s. Cela a \u00e0 voir avec l&rsquo;\u00e9quilibre pr\u00e9caire entre le nombre de cotisants et le nombre de retrait\u00e9s. En d&rsquo;autres termes, nous devons jongler avec une population qui vit de plus en plus longtemps sans voir arriver un nombre \u00e9quivalent de jeunes travailleurs dans nos <strong>rangs<\/strong>. Charmant, n&rsquo;est-ce pas ?<\/p>\n\n\n<h2 class=\"wp-block-heading\">Les r\u00e9formes : un long chemin sinueux<\/h2>\n\n\n<p>Les r\u00e9formes des <strong>retraites<\/strong> ne sont pas qu&rsquo;une simple promenade de sant\u00e9, mais plut\u00f4t un parcours du combattant o\u00f9 l&rsquo;on entend les politiciens promettre la lune avant de r\u00e9aliser qu&rsquo;ils n&rsquo;ont qu\u2019un petit pot de marde. Actuellement, la r\u00e9forme propos\u00e9e pr\u00e9voit de repousser l&rsquo;\u00e2ge l\u00e9gal de d\u00e9part \u00e0 la retraite de 62 \u00e0 64 ans d&rsquo;ici 2030. Quel bon plan ! Qui aurait cru que travailler un peu plus longtemps pourrait permettre de sauver le syst\u00e8me ? Quand on sait que la plupart d&rsquo;entre nous n&rsquo;envisagent m\u00eame pas de toucher \u00e0 leur <strong>pension<\/strong> de mani\u00e8re sereine, cette perspective fait sourire. Pour approfondir le sujet des r\u00e9formes, n\u2019h\u00e9sitez pas \u00e0 consulter cet article d\u00e9taill\u00e9 sur les <a href=\"https:\/\/voila-le-travail.fr\/retraites-changements-2025\/\" rel=\"nofollow noopener\" target=\"_blank\">changements cl\u00e9s en 2025<\/a>.<\/p>\n\n\n<h2 class=\"wp-block-heading\">Les avantages : une lueur d&rsquo;espoir ?<\/h2>\n\n\n<p>Pour \u00eatre juste, reconnaissons qu&rsquo;il y a quelques avantages \u00e0 ces r\u00e9formes. La possibilit\u00e9 d&rsquo;un syst\u00e8me de retraites plus <strong>\u00e9quitable<\/strong> et <strong>durable<\/strong> pourrait appara\u00eetre comme une lueur d&rsquo;espoir, m\u00eame si cela ressemble parfois \u00e0 une petits cierge sur le chemin d\u2019un vrai d\u00e9sastre. Le fait de lutter contre les in\u00e9galit\u00e9s entre les diff\u00e9rents syst\u00e8mes de <strong>pension<\/strong> et de redistribuer le fardeau de la solidarit\u00e9 pourrait enfin permettre d&rsquo;apaiser certains esprits. C\u2019est beau, n&rsquo;est-ce pas ? Cela fait penser \u00e0 un dernier jour d&rsquo;\u00e9cole avant un long \u00e9t\u00e9\u2026 mais un \u00e9t\u00e9 un peu trop long.<\/p>\n\n\n<h2 class=\"wp-block-heading\">Les inconv\u00e9nients : la face sombre de la r\u00e9forme<\/h2>\n\n\n<p>Mais attention, la valse des inconv\u00e9nients ne fait que commencer. Les <strong>critiques<\/strong> fusent et des voix se l\u00e8vent pour d\u00e9noncer un syst\u00e8me qui risquerait de devenir de plus en plus injuste. Les citoyens se retrouvent souvent dans la position inconfortable de devoir choisir entre les <strong>sacrifices<\/strong> financiers pour sauvegarder le syst\u00e8me ou leur d\u00e9sir l\u00e9gitime de partir en retraite sans se soucier de l\u2019avenir financier. Pour une analyse plus d\u00e9taill\u00e9e des avantages et inconv\u00e9nients de cette r\u00e9forme, retrouvez un d\u00e9bat sur <a href=\"https:\/\/justicepourtous.fr\/divers\/debat-sur-lavenir-des-retraites-en-france\/\" rel=\"nofollow noopener\" target=\"_blank\">l\u2019avenir des retraites en France<\/a>.<\/p>\n\n\n<h2 class=\"wp-block-heading\">Les alternatives possibles<\/h2>\n\n\n<p>Alors, que faire ? Quelles <strong>alternatives<\/strong> se dessinent \u00e0 l\u2019horizon ? Nous pourrions r\u00eaver d\u2019un syst\u00e8me de retraites o\u00f9 la <strong>justice sociale<\/strong> pr\u00e9domine, mais fort est de constater que la r\u00e9alit\u00e9 met souvent un coup de frein \u00e0 nos utopies. Les experts sugg\u00e8rent que le v\u00e9ritable d\u00e9fi r\u00e9side dans un \u00e9quilibre financier qui ne soit pas synonyme de sacrifices pour les <strong>travailleurs<\/strong> actuels et futurs. Qui sait, peut-\u00eatre un miracle nous attend ?<\/p>\n\n\n<h2 class=\"wp-block-heading\">Les perspectives : entre espoir et d\u00e9sespoir<\/h2>\n\n\n<p>Les perspectives d&rsquo;avenir dans le domaine des <strong>retraites<\/strong> oscillent entre espoir et d\u00e9sespoir. Les r\u00e9formes en cours pourraient ouvrir la voie \u00e0 un avenir plus <strong>durable<\/strong> ou conclure que nous sommes juste des marionnettes que l&rsquo;on manipule au gr\u00e9 des Sages de la <strong>Finance<\/strong>. Chacun y va de son petit commentaire, mais au fond, la question r\u00e9side dans la volont\u00e9 collective de vouloir un syst\u00e8me solidaire qui puisse r\u00e9pondre \u00e0 tous. Mais revenons \u00e0 nos moutons, ou plut\u00f4t, \u00e0 nos retraites, car le chemin \u00e0 emprunter est encore long et sem\u00e9 d&#8217;emb\u00fbches.<\/p>\n\n\n<p>Pour d\u00e9couvrir d\u2019autres \u00e9l\u00e9ments cl\u00e9s, vous pouvez consulter cet article sur <a href=\"https:\/\/unebonneretraite.fr\/les-defis-de-la-reforme-des-retraites-que-disent-les-experts-et-economistes\/\" rel=\"nofollow noopener\" target=\"_blank\">les d\u00e9fis de la r\u00e9forme des retraites<\/a>. Peut-\u00eatre que cela vous \u00e9clairera sur l\u2019avenir incertain qui nous attend dans ce domaine ! Et pour ceux qui souhaitent plonger davantage dans le sujet, cet article vous permettra de <a href=\"https:\/\/www.circulaire-economie.info\/comprendre-les-reformes-de-ma-retraite-par-le-gouvernement-enjeux-et-perspectives\/\" rel=\"nofollow noopener\" target=\"_blank\">comprendre les r\u00e9formes de ma retraite par le gouvernement<\/a>.<\/p>\n\n\n<p>Ne perdez pas de vue que tout cela est un vaste <strong>ch\u00e2teau de cartes<\/strong>, et que, dans le grand th\u00e9\u00e2tre de la politique, nous ne sommes finalement que des acteurs prenant part \u00e0 une pi\u00e8ce dont nous ne sommes pas les auteurs.<\/p>\n","protected":false},"excerpt":{"rendered":"<p>Dans un contexte socio-\u00e9conomique de plus en plus complexe, vient se greffer \u00e0 nos pr\u00e9occupations quotidiennes un sujet particuli\u00e8rement \u00e9pineux : les retraites. Ce syst\u00e8me si pr\u00e9cieux et pourtant si malmen\u00e9 par les r\u00e9formes successives invite \u00e0 des r\u00e9flexions approfondies sur ses enjeux et ses perspectives d&rsquo;avenir. En plongeant dans les m\u00e9andres des r\u00e9formes propos\u00e9es,&#8230;<\/p>\n","protected":false},"author":1,"featured_media":311,"comment_status":"","ping_status":"","sticky":false,"template":"","format":"standard","meta":{"_kad_post_transparent":"","_kad_post_title":"","_kad_post_layout":"","_kad_post_sidebar_id":"","_kad_post_content_style":"","_kad_post_vertical_padding":"","_kad_post_feature":"","_kad_post_feature_position":"","_kad_post_header":false,"_kad_post_footer":false,"_kad_post_classname":"","iawp_total_views":2,"footnotes":""},"categories":[1],"tags":[],"class_list":["post-310","post","type-post","status-publish","format-standard","has-post-thumbnail","hentry","category-actualites"],"_links":{"self":[{"href":"https:\/\/www.dmoz.fr\/tendances\/wp-json\/wp\/v2\/posts\/310","targetHints":{"allow":["GET"]}}],"collection":[{"href":"https:\/\/www.dmoz.fr\/tendances\/wp-json\/wp\/v2\/posts"}],"about":[{"href":"https:\/\/www.dmoz.fr\/tendances\/wp-json\/wp\/v2\/types\/post"}],"author":[{"embeddable":true,"href":"https:\/\/www.dmoz.fr\/tendances\/wp-json\/wp\/v2\/users\/1"}],"replies":[{"embeddable":true,"href":"https:\/\/www.dmoz.fr\/tendances\/wp-json\/wp\/v2\/comments?post=310"}],"version-history":[{"count":0,"href":"https:\/\/www.dmoz.fr\/tendances\/wp-json\/wp\/v2\/posts\/310\/revisions"}],"wp:featuredmedia":[{"embeddable":true,"href":"https:\/\/www.dmoz.fr\/tendances\/wp-json\/wp\/v2\/media\/311"}],"wp:attachment":[{"href":"https:\/\/www.dmoz.fr\/tendances\/wp-json\/wp\/v2\/media?parent=310"}],"wp:term":[{"taxonomy":"category","embeddable":true,"href":"https:\/\/www.dmoz.fr\/tendances\/wp-json\/wp\/v2\/categories?post=310"},{"taxonomy":"post_tag","embeddable":true,"href":"https:\/\/www.dmoz.fr\/tendances\/wp-json\/wp\/v2\/tags?post=310"}],"curies":[{"name":"wp","href":"https:\/\/api.w.org\/{rel}","templated":true}]}}