{"id":3101,"date":"2025-03-08T10:29:25","date_gmt":"2025-03-08T09:29:25","guid":{"rendered":"https:\/\/www.dmoz.fr\/tendances\/benny-blanco-taille\/"},"modified":"2025-03-08T10:29:25","modified_gmt":"2025-03-08T09:29:25","slug":"benny-blanco-taille","status":"publish","type":"post","link":"https:\/\/www.dmoz.fr\/tendances\/benny-blanco-taille\/","title":{"rendered":"Benny Blanco taille : d\u00e9couvrez les secrets derri\u00e8re son succ\u00e8s impressionnant !"},"content":{"rendered":"<p><\/p>\n<div id='video-container' data-video-id='xmLk9g69YEg' style='width:100%; height:auto; max-width:587px; position: relative;'>\n<div class='image-video-plugin' style='background:url(\"https:\/\/img.youtube.com\/vi\/xmLk9g69YEg\/0.jpg\") center no-repeat; background-size: cover;'><\/div>\n<p>        <span class='youtube-play-button'><\/span><br \/>\n        <noscript><a href=\"https:\/\/www.youtube.com\/watch?v=xmLk9g69YEg\" target=\"_blank\" rel=\"noopener\">Play on YouTube<\/a><\/noscript>\n    <\/div>\n<p><\/p>\n<h2>La taille de benny blanco : un myst\u00e8re bien gard\u00e9<\/h2>\n<p>La question de la taille de Benny Blanco, ce producteur et compositeur \u00e0 la carri\u00e8re fulgurante, est un sujet qui intrigue beaucoup de ses fans et observateurs de l&rsquo;industrie musicale. En effet, alors qu&rsquo;il a collabor\u00e9 avec des artistes de renom tels que Justin Bieber, Ed Sheeran ou encore Rihanna, sa taille reste un v\u00e9ritable secret, comme un petit tr\u00e9sor cach\u00e9 au fond d&rsquo;une bo\u00eete \u00e0 musique. Certains affirment qu&rsquo;il mesure environ 1,75 m\u00e8tre, tandis que d&rsquo;autres, plus audacieux, avancent qu&rsquo;il pourrait \u00eatre plus grand ou plus petit. Cette incertitude alimente les discussions et les sp\u00e9culations sur les r\u00e9seaux sociaux, o\u00f9 les internautes s&rsquo;interrogent sur l&rsquo;importance de cette donn\u00e9e dans la perception de l&rsquo;artiste.<\/p>\n<p><b>Les chiffres, les rumeurs et les impressions<\/b> se m\u00ealent pour cr\u00e9er une image floue de Benny Blanco. Il est vrai que, dans l&rsquo;univers de la musique, la taille physique n&rsquo;a pas forc\u00e9ment d&rsquo;impact sur le talent. Cependant, cette \u00e9nigme autour de sa stature contribue \u00e0 sa l\u00e9gende. \u00c0 une \u00e9poque o\u00f9 l&rsquo;apparence joue un r\u00f4le cl\u00e9 dans le marketing musical, certains pourraient se demander si Benny Blanco joue d\u00e9lib\u00e9r\u00e9ment avec ce myst\u00e8re pour intriguer son public. D&rsquo;ailleurs, \u00e0 l&rsquo;\u00e8re du visuel omnipr\u00e9sent, o\u00f9 chaque d\u00e9tail compte, son choix de ne jamais r\u00e9v\u00e9ler cette information pourrait \u00eatre une strat\u00e9gie savamment orchestr\u00e9e pour maintenir l&rsquo;int\u00e9r\u00eat autour de sa personne. En fin de compte, la taille de Benny Blanco pourrait bien \u00eatre un aspect secondaire, mais son aura, elle, ne conna\u00eet pas de limites.<\/p>\n<h3>Questions fr\u00e9quentes sur Benny Blanco<\/h3>\n<ul>\n<li><b>Pourquoi la taille de Benny Blanco est-elle si myst\u00e9rieuse ?<\/b> La taille de Benny Blanco demeure un sujet de curiosit\u00e9 car il n&rsquo;a jamais abord\u00e9 cette question publiquement, laissant place \u00e0 diverses sp\u00e9culations.<\/li>\n<li><b>Est-ce que la taille d&rsquo;un artiste influence sa carri\u00e8re ?<\/b> Bien que la taille puisse jouer un r\u00f4le dans l&rsquo;image publique, ce sont surtout le talent et le travail acharn\u00e9 qui d\u00e9terminent le succ\u00e8s d&rsquo;un artiste.<\/li>\n<li><b>Benny Blanco a-t-il d\u00e9j\u00e0 partag\u00e9 des d\u00e9tails sur sa taille ?<\/b> \u00c0 ce jour, Benny Blanco n&rsquo;a pas fait de d\u00e9clarations pr\u00e9cises concernant sa taille, ce qui contribue \u00e0 l&rsquo;aura de myst\u00e8re qui l&rsquo;entoure.<\/li>\n<\/ul>\n<h2>Comment la taille de benny blanco influence son parcours musical<\/h2>\n<p>La taille de Benny Blanco, mesurant environ 1,75 m\u00e8tre, peut sembler anodine au premier abord, mais elle a en r\u00e9alit\u00e9 jou\u00e9 un r\u00f4le non n\u00e9gligeable dans son parcours musical. En tant que producteur et auteur-compositeur, l&rsquo;image et la pr\u00e9sence physique d&rsquo;un artiste peuvent impacter la perception qu&rsquo;ont les autres de lui dans l&rsquo;industrie musicale. Benny, avec sa stature, d\u00e9gage une certaine proximit\u00e9 et une authenticit\u00e9 qui attirent les artistes avec qui il collabore. Cela lui permet de tisser des liens plus forts et d&rsquo;instaurer un climat de confiance, essentiel pour la cr\u00e9ation musicale. Son apparence, qui le rend accessible, lui a ouvert des portes vers des collaborations avec des figures embl\u00e9matiques comme Justin Bieber ou Ed Sheeran, renfor\u00e7ant ainsi sa position dans le milieu.<\/p>\n<p>En outre, la taille de Benny Blanco peut \u00e9galement influencer son style de vie et sa mani\u00e8re d&rsquo;interagir avec ses fans. En tant que personnage public, il navigue dans un monde o\u00f9 l&rsquo;image est primordiale. Les artistes de grande taille, par exemple, peuvent imposer une pr\u00e9sence sc\u00e9nique plus marqu\u00e9e, tandis que ceux de taille plus modeste, comme Benny, doivent souvent compenser par leur charisme et leur cr\u00e9ativit\u00e9. Cela peut se traduire par une approche plus intime dans ses performances et une capacit\u00e9 \u00e0 se connecter \u00e9motionnellement avec son public. Benny Blanco utilise cette dynamique \u00e0 son avantage, en cultivant un style qui met en avant ses talents de compositeur, plut\u00f4t que de se focaliser uniquement sur sa pr\u00e9sence physique. Cela lui permet de se d\u00e9marquer dans un secteur souvent domin\u00e9 par des figures charismatiques et imposantes.<\/p>\n<h3>Questions qui font r\u00e9fl\u00e9chir<\/h3>\n<ul>\n<li><b>Comment Benny Blanco a-t-il r\u00e9ussi \u00e0 se faire un nom dans un milieu comp\u00e9titif ?<\/b><\/li>\n<li><b>La taille influence-t-elle vraiment le succ\u00e8s d&rsquo;un artiste ?<\/b><\/li>\n<li><b>Quelles sont les collaborations marquantes de Benny Blanco et leur impact ?<\/b><\/li>\n<li><b>Comment la personnalit\u00e9 de Benny Blanco se refl\u00e8te-t-elle dans sa musique ?<\/b><\/li>\n<\/ul>\n","protected":false},"excerpt":{"rendered":"<p>Play on YouTube La taille de benny blanco : un myst\u00e8re bien gard\u00e9 La question de la taille de Benny Blanco, ce producteur et compositeur \u00e0 la carri\u00e8re fulgurante, est un sujet qui intrigue beaucoup de ses fans et observateurs de l&rsquo;industrie musicale. En effet, alors qu&rsquo;il a collabor\u00e9 avec des artistes de renom tels&#8230;<\/p>\n","protected":false},"author":1,"featured_media":3102,"comment_status":"","ping_status":"","sticky":false,"template":"","format":"standard","meta":{"_kad_post_transparent":"","_kad_post_title":"","_kad_post_layout":"","_kad_post_sidebar_id":"","_kad_post_content_style":"","_kad_post_vertical_padding":"","_kad_post_feature":"","_kad_post_feature_position":"","_kad_post_header":false,"_kad_post_footer":false,"_kad_post_classname":"","iawp_total_views":3,"footnotes":""},"categories":[1],"tags":[],"class_list":["post-3101","post","type-post","status-publish","format-standard","has-post-thumbnail","hentry","category-actualites"],"_links":{"self":[{"href":"https:\/\/www.dmoz.fr\/tendances\/wp-json\/wp\/v2\/posts\/3101","targetHints":{"allow":["GET"]}}],"collection":[{"href":"https:\/\/www.dmoz.fr\/tendances\/wp-json\/wp\/v2\/posts"}],"about":[{"href":"https:\/\/www.dmoz.fr\/tendances\/wp-json\/wp\/v2\/types\/post"}],"author":[{"embeddable":true,"href":"https:\/\/www.dmoz.fr\/tendances\/wp-json\/wp\/v2\/users\/1"}],"replies":[{"embeddable":true,"href":"https:\/\/www.dmoz.fr\/tendances\/wp-json\/wp\/v2\/comments?post=3101"}],"version-history":[{"count":0,"href":"https:\/\/www.dmoz.fr\/tendances\/wp-json\/wp\/v2\/posts\/3101\/revisions"}],"wp:featuredmedia":[{"embeddable":true,"href":"https:\/\/www.dmoz.fr\/tendances\/wp-json\/wp\/v2\/media\/3102"}],"wp:attachment":[{"href":"https:\/\/www.dmoz.fr\/tendances\/wp-json\/wp\/v2\/media?parent=3101"}],"wp:term":[{"taxonomy":"category","embeddable":true,"href":"https:\/\/www.dmoz.fr\/tendances\/wp-json\/wp\/v2\/categories?post=3101"},{"taxonomy":"post_tag","embeddable":true,"href":"https:\/\/www.dmoz.fr\/tendances\/wp-json\/wp\/v2\/tags?post=3101"}],"curies":[{"name":"wp","href":"https:\/\/api.w.org\/{rel}","templated":true}]}}