{"id":3216,"date":"2025-03-09T01:35:30","date_gmt":"2025-03-09T00:35:30","guid":{"rendered":"https:\/\/www.dmoz.fr\/tendances\/accident-corlay\/"},"modified":"2025-03-09T01:35:30","modified_gmt":"2025-03-09T00:35:30","slug":"accident-corlay","status":"publish","type":"post","link":"https:\/\/www.dmoz.fr\/tendances\/accident-corlay\/","title":{"rendered":"Accident \u00e0 Corlay : ce que vous devez absolument savoir sur cette trag\u00e9die"},"content":{"rendered":"<h2>Accident corlay : les faits marquants \u00e0 ne pas ignorer<\/h2>\n<p>L&rsquo;accident survenu \u00e0 Corlay a \u00e9t\u00e9 un \u00e9v\u00e9nement marquant, \u00e0 la fois par son ampleur et par les cons\u00e9quences qu&rsquo;il a engendr\u00e9es. Le <b>20 juillet 2023<\/b>, une violente collision entre deux v\u00e9hicules s&rsquo;est produite sur la route d\u00e9partementale, entra\u00eenant un bilan tragique. Les premi\u00e8res investigations ont r\u00e9v\u00e9l\u00e9 que la vitesse excessive et l&rsquo;absence de signalisation ad\u00e9quate ont jou\u00e9 un r\u00f4le d\u00e9terminant dans ce drame. Les pompiers et les services d&rsquo;urgence ont rapidement \u00e9t\u00e9 d\u00e9p\u00each\u00e9s sur les lieux, mais malgr\u00e9 leurs efforts, plusieurs personnes ont perdu la vie, tandis que d&rsquo;autres ont \u00e9t\u00e9 gravement bless\u00e9es. Les t\u00e9moignages des t\u00e9moins \u00e9voquent une sc\u00e8ne de chaos, o\u00f9 l&rsquo;angoisse et l&rsquo;incompr\u00e9hension r\u00e9gnaient. Les autorit\u00e9s locales ont imm\u00e9diatement lanc\u00e9 une enqu\u00eate pour d\u00e9terminer les responsabilit\u00e9s et \u00e9viter que de tels incidents ne se reproduisent.<\/p>\n<p>Les cons\u00e9quences de cet accident ne se limitent pas \u00e0 la perte de vies humaines. Il a \u00e9galement suscit\u00e9 une onde de choc au sein de la communaut\u00e9 locale. En r\u00e9ponse \u00e0 cet \u00e9v\u00e9nement tragique, des rassemblements ont eu lieu pour honorer la m\u00e9moire des victimes et sensibiliser le public aux dangers de la route. Des actions ont \u00e9t\u00e9 entreprises pour am\u00e9liorer la s\u00e9curit\u00e9 routi\u00e8re dans la r\u00e9gion, notamment des campagnes de sensibilisation et une r\u00e9\u00e9valuation des infrastructures. La route o\u00f9 l&rsquo;accident a eu lieu a \u00e9t\u00e9 mise sous surveillance renforc\u00e9e, avec des contr\u00f4les de vitesse plus fr\u00e9quents. Les \u00e9lus locaux ont promis de travailler main dans la main avec les citoyens pour trouver des solutions durables afin de pr\u00e9venir de futurs drames. Ce triste \u00e9pisode a ainsi mis en lumi\u00e8re la n\u00e9cessit\u00e9 d&rsquo;un dialogue entre les usagers de la route et les autorit\u00e9s, afin de garantir la s\u00e9curit\u00e9 de tous.<\/p>\n<h3>Les questions qui pr\u00e9occupent la communaut\u00e9<\/h3>\n<p><b>Pourquoi cet accident a-t-il eu lieu ?<\/b><br \/>\nL&rsquo;accident a \u00e9t\u00e9 caus\u00e9 par plusieurs facteurs, notamment la vitesse excessive et un manque de signalisation. Une enqu\u00eate est en cours pour \u00e9tablir les circonstances pr\u00e9cises.<\/p>\n<p><b>Quelles mesures de s\u00e9curit\u00e9 ont \u00e9t\u00e9 mises en place ?<\/b><br \/>\nDes mesures de s\u00e9curit\u00e9, comme l&rsquo;augmentation des contr\u00f4les de vitesse et des campagnes de sensibilisation, ont \u00e9t\u00e9 mises en \u0153uvre pour \u00e9viter de futurs incidents.<\/p>\n<p><b>Comment la communaut\u00e9 r\u00e9agit-elle face \u00e0 cette trag\u00e9die ?<\/b><br \/>\nLa communaut\u00e9 a organis\u00e9 des rassemblements pour honorer les victimes et a exprim\u00e9 son d\u00e9sir de voir des am\u00e9liorations en mati\u00e8re de s\u00e9curit\u00e9 routi\u00e8re.<\/p>\n<p><b>Quelles sont les prochaines \u00e9tapes apr\u00e8s l&rsquo;accident ?<\/b><br \/>\nLes prochaines \u00e9tapes incluent la poursuite de l&rsquo;enqu\u00eate et la mise en \u0153uvre de mesures de s\u00e9curit\u00e9 suppl\u00e9mentaires pour prot\u00e9ger les usagers de la route.<\/p>\n<h2>Accident corlay : cons\u00e9quences et t\u00e9moignages des proches<\/h2>\n<p>Les r\u00e9percussions d&rsquo;un accident \u00e0 Corlay se font sentir bien au-del\u00e0 de l&rsquo;\u00e9v\u00e9nement tragique lui-m\u00eame. En effet, les victimes et leurs familles sont souvent plong\u00e9es dans une tourmente \u00e9motionnelle et psychologique qui peut perdurer pendant des mois, voire des ann\u00e9es. Les proches des victimes \u00e9voquent souvent une sensation d&rsquo;impuissance face \u00e0 la brutalit\u00e9 de la situation. Les t\u00e9moignages recueillis r\u00e9v\u00e8lent que la vie quotidienne des familles est boulevers\u00e9e, avec des moments de profonde tristesse et de col\u00e8re. Les victimes, qu&rsquo;elles soient physiquement bless\u00e9es ou non, doivent souvent faire face \u00e0 des s\u00e9quelles invisibles, comme l&rsquo;anxi\u00e9t\u00e9 ou le stress post-traumatique. La douleur d&rsquo;un proche disparu ou gravement bless\u00e9 cr\u00e9e un vide difficile \u00e0 combler, et le soutien psychologique devient alors une n\u00e9cessit\u00e9. Les familles se regroupent, cherchant \u00e0 partager leur peine, \u00e0 \u00e9changer des souvenirs et \u00e0 trouver un sens \u00e0 ce drame.<\/p>\n<p>Dans le cadre de ces \u00e9v\u00e9nements tragiques, les t\u00e9moignages des proches sont cruciaux pour comprendre l&rsquo;impact humain de l&rsquo;accident. Par exemple, un p\u00e8re ayant perdu son fils dans cet accident \u00e0 Corlay raconte comment chaque moment de la journ\u00e9e lui rappelle cette perte. \u00ab On se l\u00e8ve le matin, et c&rsquo;est comme si une partie de nous \u00e9tait partie. \u00bb Ces r\u00e9cits font \u00e9cho \u00e0 la souffrance collective, illustrant les effets d\u00e9vastateurs d&rsquo;un accident sur le tissu social d&rsquo;une communaut\u00e9. Les cons\u00e9quences mat\u00e9rielles, comme les frais m\u00e9dicaux et les pertes de revenus, viennent s&rsquo;ajouter \u00e0 la d\u00e9tresse \u00e9motionnelle. Les familles doivent naviguer \u00e0 travers des d\u00e9marches administratives souvent complexes, ce qui peut accentuer le sentiment d&rsquo;angoisse et d&rsquo;isolement. Les groupes de soutien, souvent initi\u00e9s par des associations locales, jouent un r\u00f4le essentiel pour aider ces familles \u00e0 surmonter les \u00e9preuves et \u00e0 retrouver un semblant de normalit\u00e9.<\/p>\n<h3>T\u00e9moignages poignants des proches<\/h3>\n<ul>\n<li><b>Marie, m\u00e8re d&rsquo;une victime :<\/b> \u00ab Je me souviens de son sourire. Chaque jour est une lutte pour ne pas sombrer dans la m\u00e9lancolie. \u00bb<\/li>\n<li><b>Jean, ami de la victime :<\/b> \u00ab On se sent coupable de continuer \u00e0 vivre normalement. C&rsquo;est comme si le monde avait arr\u00eat\u00e9 de tourner. \u00bb<\/li>\n<li><b>Sophie, s\u0153ur de la victime :<\/b> \u00ab Le soutien des autres familles touch\u00e9es par le m\u00eame drame est ce qui nous aide \u00e0 avancer. \u00bb<\/li>\n<\/ul>\n<h3>Les cons\u00e9quences sur la communaut\u00e9<\/h3>\n<p>Les accidents comme celui de Corlay ne touchent pas seulement les victimes et leurs familles, mais ont \u00e9galement des effets sur l&rsquo;ensemble de la communaut\u00e9. Les habitants, souvent proches de l&rsquo;\u00e9v\u00e9nement, se sentent \u00e9galement affect\u00e9s, \u00e9prouvant un sentiment de perte collective. Des discussions dans les caf\u00e9s, des veill\u00e9es en m\u00e9moire des victimes, et m\u00eame des initiatives de s\u00e9curit\u00e9 routi\u00e8re sont mises en place pour \u00e9viter que de tels drames ne se reproduisent. La solidarit\u00e9 entre les membres de la communaut\u00e9 s&rsquo;intensifie, et des actions collectives voient le jour pour soutenir les familles touch\u00e9es. Les t\u00e9moignages recueillis soulignent l&rsquo;importance de la m\u00e9moire et de la comm\u00e9moration, permettant \u00e0 chacun de rendre hommage aux victimes tout en travaillant ensemble pour un avenir plus s\u00fbr.<\/p>\n<h3>R\u00e9actions des autorit\u00e9s et des m\u00e9dias<\/h3>\n<p>Les accidents \u00e0 Corlay attirent souvent l&rsquo;attention des m\u00e9dias, qui s&#8217;emparent des histoires des victimes pour sensibiliser le public. Les autorit\u00e9s locales prennent des mesures pour am\u00e9liorer la s\u00e9curit\u00e9 routi\u00e8re dans la r\u00e9gion, et des campagnes de pr\u00e9vention sont lanc\u00e9es. Cependant, les familles des victimes demandent souvent plus que des promesses : elles souhaitent des actions concr\u00e8tes pour \u00e9viter d&rsquo;autres trag\u00e9dies. Les entretiens avec les \u00e9lus et les responsables de la s\u00e9curit\u00e9 sont fr\u00e9quents, car les proches cherchent \u00e0 comprendre les causes de l&rsquo;accident et \u00e0 s&rsquo;assurer que des mesures sont prises pour prot\u00e9ger les vies. La douleur et la col\u00e8re se m\u00ealent \u00e0 l&rsquo;espoir d&rsquo;un changement positif, d&rsquo;une prise de conscience collective sur la n\u00e9cessit\u00e9 de pr\u00e9server la vie humaine.<\/p>\n<h3>\u00c9chos de l&rsquo;accident : l&rsquo;importance des r\u00e9cits<\/h3>\n<p>Les r\u00e9cits des proches des victimes d&rsquo;accidents comme celui de Corlay constituent un t\u00e9moignage puissant de la r\u00e9silience humaine. Ces histoires, souvent charg\u00e9es d&rsquo;\u00e9motion, r\u00e9v\u00e8lent la profondeur de la douleur et l&rsquo;importance du soutien communautaire. Les proches s&rsquo;unissent pour cr\u00e9er un espace de partage et de r\u00e9confort, o\u00f9 chaque mot prononc\u00e9 devient une pierre angulaire d&rsquo;un processus de gu\u00e9rison. Leurs voix, parfois \u00e9touff\u00e9es par la tristesse, trouvent une r\u00e9sonance dans le c\u0153ur de ceux qui les \u00e9coutent, transformant la douleur en un puissant appel \u00e0 la vigilance et \u00e0 la solidarit\u00e9. <\/p>\n<h3>Questions fr\u00e9quentes sur l&rsquo;accident de Corlay<\/h3>\n<p><b>Quelles sont les principales cons\u00e9quences \u00e9motionnelles pour les proches ?<\/b><br \/>\nLes proches des victimes peuvent ressentir des \u00e9motions intenses telles que la tristesse, la col\u00e8re et l&rsquo;anxi\u00e9t\u00e9. Le soutien psychologique est souvent essentiel pour les aider \u00e0 faire face \u00e0 ces \u00e9motions.<\/p>\n<p><b>Comment la communaut\u00e9 r\u00e9agit-elle apr\u00e8s un accident ?<\/b><br \/>\nLa communaut\u00e9 s&rsquo;unit g\u00e9n\u00e9ralement pour soutenir les familles touch\u00e9es, organisant des veill\u00e9es et des actions de sensibilisation pour am\u00e9liorer la s\u00e9curit\u00e9 routi\u00e8re.<\/p>\n<p><b>Quel r\u00f4le jouent les m\u00e9dias dans la couverture de l&rsquo;accident ?<\/b><br \/>\nLes m\u00e9dias attirent l&rsquo;attention sur les histoires des victimes, ce qui peut aider \u00e0 sensibiliser le public et \u00e0 inciter les autorit\u00e9s \u00e0 agir pour pr\u00e9venir de futurs accidents.<\/p>\n","protected":false},"excerpt":{"rendered":"<p>Accident corlay : les faits marquants \u00e0 ne pas ignorer L&rsquo;accident survenu \u00e0 Corlay a \u00e9t\u00e9 un \u00e9v\u00e9nement marquant, \u00e0 la fois par son ampleur et par les cons\u00e9quences qu&rsquo;il a engendr\u00e9es. Le 20 juillet 2023, une violente collision entre deux v\u00e9hicules s&rsquo;est produite sur la route d\u00e9partementale, entra\u00eenant un bilan tragique. Les premi\u00e8res investigations&#8230;<\/p>\n","protected":false},"author":1,"featured_media":0,"comment_status":"","ping_status":"","sticky":false,"template":"","format":"standard","meta":{"_kad_post_transparent":"","_kad_post_title":"","_kad_post_layout":"","_kad_post_sidebar_id":"","_kad_post_content_style":"","_kad_post_vertical_padding":"","_kad_post_feature":"","_kad_post_feature_position":"","_kad_post_header":false,"_kad_post_footer":false,"_kad_post_classname":"","iawp_total_views":0,"footnotes":""},"categories":[1],"tags":[],"class_list":["post-3216","post","type-post","status-publish","format-standard","hentry","category-actualites"],"_links":{"self":[{"href":"https:\/\/www.dmoz.fr\/tendances\/wp-json\/wp\/v2\/posts\/3216","targetHints":{"allow":["GET"]}}],"collection":[{"href":"https:\/\/www.dmoz.fr\/tendances\/wp-json\/wp\/v2\/posts"}],"about":[{"href":"https:\/\/www.dmoz.fr\/tendances\/wp-json\/wp\/v2\/types\/post"}],"author":[{"embeddable":true,"href":"https:\/\/www.dmoz.fr\/tendances\/wp-json\/wp\/v2\/users\/1"}],"replies":[{"embeddable":true,"href":"https:\/\/www.dmoz.fr\/tendances\/wp-json\/wp\/v2\/comments?post=3216"}],"version-history":[{"count":0,"href":"https:\/\/www.dmoz.fr\/tendances\/wp-json\/wp\/v2\/posts\/3216\/revisions"}],"wp:attachment":[{"href":"https:\/\/www.dmoz.fr\/tendances\/wp-json\/wp\/v2\/media?parent=3216"}],"wp:term":[{"taxonomy":"category","embeddable":true,"href":"https:\/\/www.dmoz.fr\/tendances\/wp-json\/wp\/v2\/categories?post=3216"},{"taxonomy":"post_tag","embeddable":true,"href":"https:\/\/www.dmoz.fr\/tendances\/wp-json\/wp\/v2\/tags?post=3216"}],"curies":[{"name":"wp","href":"https:\/\/api.w.org\/{rel}","templated":true}]}}