{"id":3219,"date":"2025-03-09T02:31:39","date_gmt":"2025-03-09T01:31:39","guid":{"rendered":"https:\/\/www.dmoz.fr\/tendances\/messe-mercredi-des-cendres-2025\/"},"modified":"2025-03-09T02:31:39","modified_gmt":"2025-03-09T01:31:39","slug":"messe-mercredi-des-cendres-2025","status":"publish","type":"post","link":"https:\/\/www.dmoz.fr\/tendances\/messe-mercredi-des-cendres-2025\/","title":{"rendered":"Messe mercredi des cendres 2025 : d\u00e9couvrez les traditions et rituels incontournables !"},"content":{"rendered":"<h2>La messe mercredi des cendres 2025 : un moment de r\u00e9flexion spirituelle<\/h2>\n<p>La messe du mercredi des cendres, pr\u00e9vue pour le 26 f\u00e9vrier 2025, est un moment fort dans le calendrier liturgique chr\u00e9tien. Elle marque le d\u00e9but du Car\u00eame, une p\u00e9riode de quarante jours de je\u00fbne et de pri\u00e8re qui conduit \u00e0 P\u00e2ques. Lors de cette c\u00e9l\u00e9bration, les fid\u00e8les re\u00e7oivent une croix de cendres sur le front, symbole de repentance et d&rsquo;humilit\u00e9. Ce rite ancien rappelle \u00e0 chacun la fragilit\u00e9 de la vie humaine et la n\u00e9cessit\u00e9 de se tourner vers Dieu. En effet, ces cendres, issues des rameaux de l\u2019ann\u00e9e pr\u00e9c\u00e9dente, portent un message de transformation : \u00ab Souviens-toi que tu es poussi\u00e8re, et que tu retourneras \u00e0 la poussi\u00e8re \u00bb. C&rsquo;est un appel \u00e0 la r\u00e9flexion sur notre existence, nos actions et notre rapport \u00e0 la spiritualit\u00e9.<\/p>\n<p>Cette messe rev\u00eat une signification particuli\u00e8re, car elle invite \u00e0 une introspection profonde. Les croyants sont encourag\u00e9s \u00e0 se questionner sur leur parcours spirituel, \u00e0 faire le point sur leurs valeurs et \u00e0 envisager des changements positifs dans leur vie. La lecture des \u00c9critures et les pri\u00e8res partag\u00e9es pendant la messe offrent un cadre propice \u00e0 la m\u00e9ditation. Les hom\u00e9lies, souvent empreintes de sagesse et de r\u00e9sonance personnelle, invitent chacun \u00e0 s&rsquo;engager dans un chemin de conversion. <b>Il est aussi essentiel de comprendre que cette p\u00e9riode de Car\u00eame est une opportunit\u00e9 pour se rapprocher de Dieu<\/b>, en cultivant la pri\u00e8re, la charit\u00e9 et le je\u00fbne. En se rendant \u00e0 cette messe, les fid\u00e8les s&rsquo;inscrivent dans une dynamique collective de renouveau spirituel, partageant des moments d&rsquo;\u00e9motion et de communion.<\/p>\n<h3>Questions fr\u00e9quentes sur la messe du mercredi des cendres<\/h3>\n<ul>\n<li><b>Pourquoi assiste-t-on \u00e0 la messe du mercredi des cendres ?<\/b> Cette messe est un moment de repentance et de pr\u00e9paration spirituelle pour le Car\u00eame.<\/li>\n<li><b>Quel est le symbole des cendres ?<\/b> Les cendres rappellent la mortalit\u00e9 et la n\u00e9cessit\u00e9 de se tourner vers Dieu.<\/li>\n<li><b>Comment se d\u00e9roule la messe ?<\/b> Elle inclut des lectures bibliques, des pri\u00e8res et l&rsquo;imposition des cendres.<\/li>\n<li><b>Est-il n\u00e9cessaire d\u2019\u00eatre catholique pour assister \u00e0 la messe ?<\/b> Non, tout le monde est bienvenu pour participer \u00e0 ce moment de r\u00e9flexion.<\/li>\n<\/ul>\n<h2>Les traditions et rituels de la messe mercredi des cendres 2025<\/h2>\n<p>La messe du mercredi des cendres, marquant le d\u00e9but du Car\u00eame, est un moment empreint de solennit\u00e9 et de r\u00e9flexion. Lors de cette c\u00e9l\u00e9bration, les fid\u00e8les re\u00e7oivent une croix de cendres sur le front, symbolisant la fragilit\u00e9 de la vie humaine et l&rsquo;appel \u00e0 la conversion. En 2025, cette tradition continuera d&rsquo;\u00eatre c\u00e9l\u00e9br\u00e9e avec la m\u00eame ferveur, rassemblant des croyants de tous \u00e2ges dans un esprit de p\u00e9nitence. Les cendres, obtenues par la combustion des rameaux de l&rsquo;ann\u00e9e pr\u00e9c\u00e9dente, sont b\u00e9nies par le pr\u00eatre avant d&rsquo;\u00eatre appliqu\u00e9es sur le front des fid\u00e8les. Ce geste est accompagn\u00e9 des mots \u00ab Souviens-toi que tu es poussi\u00e8re et que tu retourneras \u00e0 la poussi\u00e8re \u00bb, rappelant l&rsquo;humilit\u00e9 et la n\u00e9cessit\u00e9 de se tourner vers Dieu.<\/p>\n<p>Les rituels entourant la messe du mercredi des cendres varient l\u00e9g\u00e8rement d&rsquo;une paroisse \u00e0 l&rsquo;autre, mais plusieurs \u00e9l\u00e9ments demeurent constants. Les c\u00e9l\u00e9brations d\u00e9butent souvent par une liturgie de la parole, suivie de l&rsquo;imposition des cendres. Les chants liturgiques, choisis pour leur pertinence au th\u00e8me de la conversion, cr\u00e9ent une atmosph\u00e8re propice \u00e0 la m\u00e9ditation. Les fid\u00e8les sont \u00e9galement encourag\u00e9s \u00e0 participer \u00e0 des pri\u00e8res communautaires et \u00e0 des r\u00e9flexions sur leur propre parcours spirituel. De plus, certaines paroisses organisent des activit\u00e9s de car\u00eame, comme des retraites spirituelles ou des \u0153uvres de charit\u00e9, afin d&rsquo;accompagner cette p\u00e9riode de je\u00fbne et de p\u00e9nitence. Ce mercredi des cendres sera l&rsquo;occasion de renouveler son engagement spirituel et de se pr\u00e9parer \u00e0 la r\u00e9surrection pascale.<\/p>\n<h3>Questions courantes sur la messe du mercredi des cendres<\/h3>\n<p><b>Quelles sont les cendres utilis\u00e9es lors de la messe ?<\/b><br \/>\nLes cendres proviennent des rameaux b\u00e9nis lors de la c\u00e9l\u00e9bration du dimanche des Rameaux de l&rsquo;ann\u00e9e pr\u00e9c\u00e9dente. Elles sont un symbole de mort et de renouveau spirituel.<\/p>\n<p><b>Comment se d\u00e9roule la messe ?<\/b><br \/>\nLa messe commence par une liturgie de la parole, suivie de l&rsquo;imposition des cendres. Les fid\u00e8les sont invit\u00e9s \u00e0 r\u00e9fl\u00e9chir sur leur vie et \u00e0 se pr\u00e9parer pour le Car\u00eame.<\/p>\n<p><b>Pourquoi le mercredi des cendres est-il important ?<\/b><br \/>\nC&rsquo;est le d\u00e9but du Car\u00eame, une p\u00e9riode de je\u00fbne et de p\u00e9nitence qui m\u00e8ne \u00e0 P\u00e2ques, marqu\u00e9e par un appel \u00e0 la conversion et \u00e0 la r\u00e9flexion spirituelle.<\/p>\n","protected":false},"excerpt":{"rendered":"<p>La messe mercredi des cendres 2025 : un moment de r\u00e9flexion spirituelle La messe du mercredi des cendres, pr\u00e9vue pour le 26 f\u00e9vrier 2025, est un moment fort dans le calendrier liturgique chr\u00e9tien. Elle marque le d\u00e9but du Car\u00eame, une p\u00e9riode de quarante jours de je\u00fbne et de pri\u00e8re qui conduit \u00e0 P\u00e2ques. Lors de&#8230;<\/p>\n","protected":false},"author":1,"featured_media":0,"comment_status":"","ping_status":"","sticky":false,"template":"","format":"standard","meta":{"_kad_post_transparent":"","_kad_post_title":"","_kad_post_layout":"","_kad_post_sidebar_id":"","_kad_post_content_style":"","_kad_post_vertical_padding":"","_kad_post_feature":"","_kad_post_feature_position":"","_kad_post_header":false,"_kad_post_footer":false,"_kad_post_classname":"","iawp_total_views":2,"footnotes":""},"categories":[1],"tags":[],"class_list":["post-3219","post","type-post","status-publish","format-standard","hentry","category-actualites"],"_links":{"self":[{"href":"https:\/\/www.dmoz.fr\/tendances\/wp-json\/wp\/v2\/posts\/3219","targetHints":{"allow":["GET"]}}],"collection":[{"href":"https:\/\/www.dmoz.fr\/tendances\/wp-json\/wp\/v2\/posts"}],"about":[{"href":"https:\/\/www.dmoz.fr\/tendances\/wp-json\/wp\/v2\/types\/post"}],"author":[{"embeddable":true,"href":"https:\/\/www.dmoz.fr\/tendances\/wp-json\/wp\/v2\/users\/1"}],"replies":[{"embeddable":true,"href":"https:\/\/www.dmoz.fr\/tendances\/wp-json\/wp\/v2\/comments?post=3219"}],"version-history":[{"count":0,"href":"https:\/\/www.dmoz.fr\/tendances\/wp-json\/wp\/v2\/posts\/3219\/revisions"}],"wp:attachment":[{"href":"https:\/\/www.dmoz.fr\/tendances\/wp-json\/wp\/v2\/media?parent=3219"}],"wp:term":[{"taxonomy":"category","embeddable":true,"href":"https:\/\/www.dmoz.fr\/tendances\/wp-json\/wp\/v2\/categories?post=3219"},{"taxonomy":"post_tag","embeddable":true,"href":"https:\/\/www.dmoz.fr\/tendances\/wp-json\/wp\/v2\/tags?post=3219"}],"curies":[{"name":"wp","href":"https:\/\/api.w.org\/{rel}","templated":true}]}}