{"id":323,"date":"2025-02-09T23:47:45","date_gmt":"2025-02-09T22:47:45","guid":{"rendered":"https:\/\/www.dmoz.fr\/tendances\/brigitte-macron-zoom-sur-sa-vie-familiale-et-ses-enfants\/"},"modified":"2025-02-09T23:47:45","modified_gmt":"2025-02-09T22:47:45","slug":"brigitte-macron-zoom-sur-sa-vie-familiale-et-ses-enfants","status":"publish","type":"post","link":"https:\/\/www.dmoz.fr\/tendances\/brigitte-macron-zoom-sur-sa-vie-familiale-et-ses-enfants\/","title":{"rendered":"Brigitte Macron : zoom sur sa vie familiale et ses enfants"},"content":{"rendered":"\n<figure class='wp-block-image size-full'>\n<img width=\"1792\" height=\"1024\" src=\"https:\/\/www.dmoz.fr\/tendances\/wp-content\/uploads\/2025\/02\/Brigitte-Macron-zoom-sur-sa-vie-familiale-et-ses-enfants.png\" class=\"attachment-full size-full\" alt=\"d\u00e9couvrez la vie familiale de brigitte macron, son parcours, et la relation avec ses enfants. plongez dans l&#039;univers intime de la premi\u00e8re dame de france, entre engagements et moments de vie personnelle.\" decoding=\"async\" srcset=\"https:\/\/www.dmoz.fr\/tendances\/wp-content\/uploads\/2025\/02\/Brigitte-Macron-zoom-sur-sa-vie-familiale-et-ses-enfants.png 1792w, https:\/\/www.dmoz.fr\/tendances\/wp-content\/uploads\/2025\/02\/Brigitte-Macron-zoom-sur-sa-vie-familiale-et-ses-enfants-300x171.png 300w, https:\/\/www.dmoz.fr\/tendances\/wp-content\/uploads\/2025\/02\/Brigitte-Macron-zoom-sur-sa-vie-familiale-et-ses-enfants-1024x585.png 1024w, https:\/\/www.dmoz.fr\/tendances\/wp-content\/uploads\/2025\/02\/Brigitte-Macron-zoom-sur-sa-vie-familiale-et-ses-enfants-768x439.png 768w, https:\/\/www.dmoz.fr\/tendances\/wp-content\/uploads\/2025\/02\/Brigitte-Macron-zoom-sur-sa-vie-familiale-et-ses-enfants-1536x878.png 1536w\" sizes=\"(max-width: 1792px) 100vw, 1792px\" title=\"\">\n<\/figure>\n\n\n\n<p>Brigitte Macron n&rsquo;est pas seulement la Premi\u00e8re Dame de France ; elle est \u00e9galement une m\u00e8re et une grand-m\u00e8re d\u00e9vou\u00e9e. Sa vie familiale, riche en exp\u00e9riences et en \u00e9motions, est un sujet fascinant qui m\u00e9riterait d&rsquo;\u00eatre explor\u00e9. Apr\u00e8s un premier mariage et trois enfants, elle a trouv\u00e9 un nouvel amour avec Emmanuel Macron, son ancien \u00e9l\u00e8ve. Dans cet article, nous allons examiner son parcours familial, mettre en lumi\u00e8re ses enfants et d\u00e9couvrir comment sa vie de famille a fa\u00e7onn\u00e9 la femme qu&rsquo;elle est aujourd&rsquo;hui.<\/p>\n\n\n<h2 class=\"wp-block-heading\">Les pr\u00e9mices d&rsquo;une vie familiale bien remplie<\/h2>\n\n\n<p>Avant de devenir <strong>Premi\u00e8re Dame<\/strong>, Brigitte Macron a connu une vie de famille bien remplie. Elle \u00e9tait mari\u00e9e \u00e0 <strong>Andr\u00e9-Louis Auzi\u00e8re<\/strong>, avec qui elle a eu trois enfants : S\u00e9bastien, Laurence, et Tiphaine. C&rsquo;est ainsi qu&rsquo;elle a d\u00e9velopp\u00e9 un sens aigu des responsabilit\u00e9s familiales, un trait qui la caract\u00e9rise encore aujourd\u2019hui. La dynamique familiale qu&rsquo;elle avait \u00e9tablie avec son premier mari serait le fondement solide sur lequel elle construirait ses relations futures.<\/p>\n\n\n<h2 class=\"wp-block-heading\">Rencontre avec Emmanuel Macron : un amour inattendu<\/h2>\n\n\n<p>La vie de Brigitte a pris un tournant inattendu lorsqu&rsquo;elle a rencontr\u00e9 Emmanuel Macron, qu&rsquo;elle a c\u00f4toy\u00e9 alors qu&rsquo;il \u00e9tait son \u00e9l\u00e8ve au <strong>lyc\u00e9e<\/strong>. Apr\u00e8s une s\u00e9paration avec son premier mari, leur relation a \u00e9volu\u00e9, et ils se sont mari\u00e9s en <strong>2007<\/strong>. Contrairement aux clich\u00e9s habituels des contes de f\u00e9es, leur amour a \u00e9t\u00e9 critiqu\u00e9 et a suscit\u00e9 des murmures, notamment en raison de leur diff\u00e9rence d&rsquo;\u00e2ge. Ce qui aurait pu \u00eatre un obstacle est devenu le socle d&rsquo;une vie de couple complice, o\u00f9 la famille reste au c\u0153ur des pr\u00e9occupations de Brigitte.<\/p>\n\n\n<h2 class=\"wp-block-heading\">Une m\u00e8re d\u00e9vou\u00e9e \u00e0 ses enfants<\/h2>\n\n\n<p>Brigitte Macron, malgr\u00e9 son r\u00f4le public, a toujours \u00e9t\u00e9 tr\u00e8s attach\u00e9e \u00e0 sa vie de m\u00e8re. Elle a veill\u00e9 \u00e0 ce que ses enfants aient une \u00e9ducation \u00e9quilibr\u00e9e, en tentant de pr\u00e9server leur vie priv\u00e9e autant que possible. Aujourd&rsquo;hui, elle peut se vanter de voir ses enfants \u00e9voluer et s&rsquo;\u00e9panouir, chacun dans leur domaine. S\u00e9bastien, Laurence, et Tiphaine ont tous suivi des parcours diff\u00e9rents, mais restent unis par des valeurs familiales solides inculqu\u00e9es par leur m\u00e8re.<\/p>\n\n\n<h2 class=\"wp-block-heading\">Une grand-m\u00e8re combl\u00e9e de sept petits-enfants<\/h2>\n\n\n<p>\u00c0 69 ans, Brigitte Macron est \u00e9galement une grand-m\u00e8re combl\u00e9e, ayant sept petits-enfants qui illuminent sa vie. On peut facilement imaginer que ces derniers apportent une touche de <strong>joie<\/strong> et de <strong>l\u00e9g\u00e8ret\u00e9<\/strong> \u00e0 son emploi du temps bien charg\u00e9. Son fils S\u00e9bastien a une fille, tandis que d&rsquo;autres de ses enfants ont \u00e9galement fond\u00e9 des familles. La guerre des \u00e9toiles au sein de la tribu Macron serait sans aucun doute un spectacle ais\u00e9 \u00e0 observer, quand on sait que la famille est devenue sa priorit\u00e9 num\u00e9ro un.<\/p>\n\n\n<h2 class=\"wp-block-heading\">Les moments familiaux : entre politique et vie priv\u00e9e<\/h2>\n\n\n<p>Brigitte Macron fait de son mieux pour jongler entre son r\u00f4le public et sa vie familiale. Gr\u00e2ce \u00e0 un \u00e9quilibre bien \u00e9tabli, elle parvient \u00e0 d\u00e9gager des moments pr\u00e9cieux avec ses proches, notamment en s&rsquo;adonnant \u00e0 des activit\u00e9s familiales simples. Ces moments sont des occasion de b\u00e2tir des souvenirs inoubliables, surtout dans le contexte dynamique et parfois tumultueux de la <strong>politique<\/strong> fran\u00e7aise. Sa capacit\u00e9 \u00e0 garder cet aspect de sa vie \u00e0 l&rsquo;abri des projecteurs est \u00e0 la fois admirable et ironique, compte tenu de son statut de Premi\u00e8re Dame.<\/p>\n\n\n<p>Brigitte Macron repr\u00e9sente bien plus que son r\u00f4le de Premi\u00e8re Dame. Elle incarne une femme forte, d\u00e9vou\u00e9e \u00e0 sa famille, ayant su \u00e9voluer au fil des ann\u00e9es tout en gardant ses racines bien ancr\u00e9es. Sa vie, marqu\u00e9e par son cheminement en tant que m\u00e8re et grand-m\u00e8re, d\u00e9peint une image nuanc\u00e9e de cette personnalit\u00e9 publique. Parler d&rsquo;une femme qui a r\u00e9ussi \u00e0 allier vie familiale et engagements politiques avec brio, c&rsquo;est sans doute aborder l&rsquo;histoire fascinante d&rsquo;une femme qui a marqu\u00e9 la France \u00e0 sa mani\u00e8re.<\/p>\n","protected":false},"excerpt":{"rendered":"<p>Brigitte Macron n&rsquo;est pas seulement la Premi\u00e8re Dame de France ; elle est \u00e9galement une m\u00e8re et une grand-m\u00e8re d\u00e9vou\u00e9e. Sa vie familiale, riche en exp\u00e9riences et en \u00e9motions, est un sujet fascinant qui m\u00e9riterait d&rsquo;\u00eatre explor\u00e9. Apr\u00e8s un premier mariage et trois enfants, elle a trouv\u00e9 un nouvel amour avec Emmanuel Macron, son ancien&#8230;<\/p>\n","protected":false},"author":1,"featured_media":324,"comment_status":"","ping_status":"","sticky":false,"template":"","format":"standard","meta":{"_kad_post_transparent":"","_kad_post_title":"","_kad_post_layout":"","_kad_post_sidebar_id":"","_kad_post_content_style":"","_kad_post_vertical_padding":"","_kad_post_feature":"","_kad_post_feature_position":"","_kad_post_header":false,"_kad_post_footer":false,"_kad_post_classname":"","iawp_total_views":19,"footnotes":""},"categories":[1],"tags":[],"class_list":["post-323","post","type-post","status-publish","format-standard","has-post-thumbnail","hentry","category-actualites"],"_links":{"self":[{"href":"https:\/\/www.dmoz.fr\/tendances\/wp-json\/wp\/v2\/posts\/323","targetHints":{"allow":["GET"]}}],"collection":[{"href":"https:\/\/www.dmoz.fr\/tendances\/wp-json\/wp\/v2\/posts"}],"about":[{"href":"https:\/\/www.dmoz.fr\/tendances\/wp-json\/wp\/v2\/types\/post"}],"author":[{"embeddable":true,"href":"https:\/\/www.dmoz.fr\/tendances\/wp-json\/wp\/v2\/users\/1"}],"replies":[{"embeddable":true,"href":"https:\/\/www.dmoz.fr\/tendances\/wp-json\/wp\/v2\/comments?post=323"}],"version-history":[{"count":0,"href":"https:\/\/www.dmoz.fr\/tendances\/wp-json\/wp\/v2\/posts\/323\/revisions"}],"wp:featuredmedia":[{"embeddable":true,"href":"https:\/\/www.dmoz.fr\/tendances\/wp-json\/wp\/v2\/media\/324"}],"wp:attachment":[{"href":"https:\/\/www.dmoz.fr\/tendances\/wp-json\/wp\/v2\/media?parent=323"}],"wp:term":[{"taxonomy":"category","embeddable":true,"href":"https:\/\/www.dmoz.fr\/tendances\/wp-json\/wp\/v2\/categories?post=323"},{"taxonomy":"post_tag","embeddable":true,"href":"https:\/\/www.dmoz.fr\/tendances\/wp-json\/wp\/v2\/tags?post=323"}],"curies":[{"name":"wp","href":"https:\/\/api.w.org\/{rel}","templated":true}]}}