{"id":3413,"date":"2025-03-10T08:16:23","date_gmt":"2025-03-10T07:16:23","guid":{"rendered":"https:\/\/www.dmoz.fr\/tendances\/ceremonie-cesar-2025-film\/"},"modified":"2025-03-10T08:16:23","modified_gmt":"2025-03-10T07:16:23","slug":"ceremonie-cesar-2025-film","status":"publish","type":"post","link":"https:\/\/www.dmoz.fr\/tendances\/ceremonie-cesar-2025-film\/","title":{"rendered":"C\u00e9r\u00e9monie c\u00e9sar 2025 : d\u00e9couvrez les films qui vont marquer la nuit des \u00e9toiles"},"content":{"rendered":"<p><\/p>\n<div id='video-container' data-video-id='d3UtXFy0Y5s' style='width:100%; height:auto; max-width:587px; position: relative;'>\n<div class='image-video-plugin' style='background:url(\"https:\/\/img.youtube.com\/vi\/d3UtXFy0Y5s\/0.jpg\") center no-repeat; background-size: cover;'><\/div>\n<p>        <span class='youtube-play-button'><\/span><br \/>\n        <noscript><a href=\"https:\/\/www.youtube.com\/watch?v=d3UtXFy0Y5s\" target=\"_blank\" rel=\"noopener\">Play on YouTube<\/a><\/noscript>\n    <\/div>\n<p><\/p>\n<h2>La c\u00e9r\u00e9monie c\u00e9sar 2025 : un \u00e9v\u00e9nement \u00e0 ne pas manquer<\/h2>\n<p>La c\u00e9r\u00e9monie des C\u00e9sar 2025 se profile \u00e0 l&rsquo;horizon comme un v\u00e9ritable festival des \u00e9toiles, o\u00f9 le cin\u00e9ma fran\u00e7ais est mis \u00e0 l&rsquo;honneur dans toute sa splendeur. Pr\u00e9parez-vous \u00e0 une soir\u00e9e o\u00f9 glamour et \u00e9motions seront au rendez-vous, un moment o\u00f9 les plus grands talents de l&rsquo;industrie se rassemblent pour c\u00e9l\u00e9brer l&rsquo;art cin\u00e9matographique. Cette ann\u00e9e, la c\u00e9r\u00e9monie se d\u00e9roulera dans un cadre somptueux, un th\u00e9\u00e2tre embl\u00e9matique de Paris, qui r\u00e9sonnera des \u00e9clats de rire et des larmes de joie des artistes. Les nominations promettent d&rsquo;\u00eatre riches en surprises, avec des films qui ont marqu\u00e9 l&rsquo;ann\u00e9e, des performances d&rsquo;acteurs qui resteront grav\u00e9es dans les m\u00e9moires, et des r\u00e9alisateurs qui ont os\u00e9 bousculer les codes. <\/p>\n<p>Les C\u00e9sar, c&rsquo;est aussi une occasion unique pour le public de d\u00e9couvrir en avant-premi\u00e8re les films qui feront sensation dans les mois \u00e0 venir. En effet, de nombreuses projections sp\u00e9ciales sont organis\u00e9es autour de l&rsquo;\u00e9v\u00e9nement, permettant aux cin\u00e9philes de plonger dans l&rsquo;univers des films nomm\u00e9s. Les soir\u00e9es pr\u00e9c\u00e9dant la c\u00e9r\u00e9monie sont rythm\u00e9es par des avant-premi\u00e8res, des rencontres avec les artistes et des d\u00e9bats passionnants. Pour ceux qui r\u00eavent de vivre l&rsquo;\u00e9v\u00e9nement de l&rsquo;int\u00e9rieur, une multitude de retransmissions en direct et d&rsquo;interviews exclusives seront accessibles sur les r\u00e9seaux sociaux et les plateformes de streaming. Il est donc imp\u00e9ratif de se pr\u00e9parer et de ne rien manquer de cette grande messe du cin\u00e9ma, o\u00f9 chaque moment compte et o\u00f9 les \u00e9motions se bousculent sur le tapis rouge.<\/p>\n<h3>Questions qui font vibrer<\/h3>\n<p><b>Quand aura lieu la c\u00e9r\u00e9monie des C\u00e9sar 2025 ?<\/b><br \/>\nLa date exacte sera annonc\u00e9e prochainement, mais g\u00e9n\u00e9ralement, elle se tient en f\u00e9vrier ou mars. Restez \u00e0 l&rsquo;aff\u00fbt des annonces officielles pour ne rien manquer !<\/p>\n<p><b>Comment suivre l&rsquo;\u00e9v\u00e9nement en direct ?<\/b><br \/>\nLa c\u00e9r\u00e9monie sera diffus\u00e9e en direct sur plusieurs cha\u00eenes de t\u00e9l\u00e9vision et plateformes de streaming. Pensez \u00e0 v\u00e9rifier les horaires et les cha\u00eenes pour ne pas rater une miette des discours et des remises de prix.<\/p>\n<p><b>Quels films sont favoris pour cette \u00e9dition ?<\/b><br \/>\nLes pronostics vont bon train, mais les films qui ont suscit\u00e9 le plus d&rsquo;engouement au cours de l&rsquo;ann\u00e9e seront sans doute dans la course. Suivez les critiques et les festivals de cin\u00e9ma pour vous faire une id\u00e9e des potentiels gagnants.<\/p>\n<p><b>Peut-on assister \u00e0 la c\u00e9r\u00e9monie en tant que public ?<\/b><br \/>\nL&rsquo;acc\u00e8s au public est g\u00e9n\u00e9ralement tr\u00e8s limit\u00e9, mais des \u00e9v\u00e9nements satellites sont souvent organis\u00e9s. Tenez-vous inform\u00e9 des annonces pour avoir une chance d&rsquo;y participer !<\/p>\n<p><b>Y a-t-il des \u00e9v\u00e9nements autour des C\u00e9sar ?<\/b><br \/>\nOui, de nombreux \u00e9v\u00e9nements sont programm\u00e9s autour de la c\u00e9r\u00e9monie, notamment des avant-premi\u00e8res et des d\u00e9bats. C&rsquo;est une belle occasion de rencontrer des artistes et d&rsquo;\u00e9changer sur le cin\u00e9ma !<\/p>\n<h2>Les films en lice pour la c\u00e9r\u00e9monie c\u00e9sar 2025 : nos coups de c\u0153ur<\/h2>\n<p><b>Les C\u00e9sar 2025<\/b> s&rsquo;annoncent comme une v\u00e9ritable c\u00e9l\u00e9bration du cin\u00e9ma fran\u00e7ais, et les films en comp\u00e9tition cette ann\u00e9e m\u00e9ritent toute notre attention. Parmi eux, <b>\u00ab La Nuit des Rois \u00bb<\/b> de Philippe Lac\u00f4te, qui nous plonge dans un univers fascinant o\u00f9 la narration devient un acte de survie. Ce film, \u00e0 la crois\u00e9e des chemins entre le conte et la r\u00e9alit\u00e9, nous fait r\u00e9fl\u00e9chir sur le pouvoir des mots et des histoires. Les performances des acteurs, notamment celle de Bakary Kon\u00e9, sont \u00e0 couper le souffle. Ce film ne se contente pas de divertir, il provoque des \u00e9motions brutes et authentiques qui r\u00e9sonnent longtemps apr\u00e8s le g\u00e9n\u00e9rique de fin. Un v\u00e9ritable chef-d&rsquo;\u0153uvre qui pourrait bien rafler plusieurs r\u00e9compenses lors de la c\u00e9r\u00e9monie.<\/p>\n<p>Un autre film qui attire notre attention est <b>\u00ab Les Amandiers \u00bb<\/b> de Valeria Bruni Tedeschi. Ce r\u00e9cit autobiographique sur la jeunesse et la passion pour le th\u00e9\u00e2tre r\u00e9sonne avec une intensit\u00e9 rare. L&rsquo;\u0153uvre aborde des th\u00e8mes universels comme l&rsquo;amour, l&rsquo;amiti\u00e9 et la qu\u00eate d&rsquo;identit\u00e9, le tout avec une sensibilit\u00e9 poignante. La distribution, comprenant des talents \u00e9mergents, apporte une fra\u00eecheur in\u00e9dite \u00e0 l&rsquo;\u00e9cran. De plus, le film fait \u00e9cho \u00e0 une \u00e9poque o\u00f9 l&rsquo;art et la vie se m\u00ealent de mani\u00e8re indissociable. En explorant ces relations complexes, <b>\u00ab Les Amandiers \u00bb<\/b> r\u00e9ussit \u00e0 capturer l&rsquo;essence m\u00eame de la cr\u00e9ation artistique. D&rsquo;autres films, tels que <b>\u00ab La Passion de Dodin Bouffant \u00bb<\/b> et <b>\u00ab Couleurs de l&rsquo;incendie \u00bb<\/b>, m\u00e9ritent \u00e9galement d&rsquo;\u00eatre mentionn\u00e9s, car ils proposent des r\u00e9cits riches et des performances remarquables qui pourraient s\u00e9duire l&rsquo;acad\u00e9mie des C\u00e9sar.<\/p>\n<h3>Questions br\u00fblantes sur les C\u00e9sar 2025<\/h3>\n<p><b>Quels films sont favoris cette ann\u00e9e ?<\/b><br \/>\nLes films comme <b>\u00ab La Nuit des Rois \u00bb<\/b>, <b>\u00ab Les Amandiers \u00bb<\/b> et <b>\u00ab Couleurs de l&rsquo;incendie \u00bb<\/b> semblent se d\u00e9marquer par leur qualit\u00e9 artistique et leur impact \u00e9motionnel.<\/p>\n<p><b>Qui sont les acteurs \u00e0 suivre ?<\/b><br \/>\nLes performances de Bakary Kon\u00e9 dans <b>\u00ab La Nuit des Rois \u00bb<\/b> et des jeunes talents dans <b>\u00ab Les Amandiers \u00bb<\/b> sont particuli\u00e8rement remarquables et pourraient bien leur valoir des nominations.<\/p>\n<p><b>Quelles th\u00e9matiques sont abord\u00e9es ?<\/b><br \/>\nLes films en lice explorent des th\u00e8mes vari\u00e9s tels que la survie, la jeunesse, l&rsquo;identit\u00e9 et l&rsquo;art, offrant une palette riche et diversifi\u00e9e qui pourrait s\u00e9duire les membres de l&rsquo;acad\u00e9mie.<\/p>\n<p><b>Quand se d\u00e9roulera la c\u00e9r\u00e9monie ?<\/b><br \/>\nLa c\u00e9r\u00e9monie des C\u00e9sar 2025 est pr\u00e9vue pour le mois de f\u00e9vrier, et les attentes sont d\u00e9j\u00e0 tr\u00e8s \u00e9lev\u00e9es.<\/p>\n","protected":false},"excerpt":{"rendered":"<p>Play on YouTube La c\u00e9r\u00e9monie c\u00e9sar 2025 : un \u00e9v\u00e9nement \u00e0 ne pas manquer La c\u00e9r\u00e9monie des C\u00e9sar 2025 se profile \u00e0 l&rsquo;horizon comme un v\u00e9ritable festival des \u00e9toiles, o\u00f9 le cin\u00e9ma fran\u00e7ais est mis \u00e0 l&rsquo;honneur dans toute sa splendeur. Pr\u00e9parez-vous \u00e0 une soir\u00e9e o\u00f9 glamour et \u00e9motions seront au rendez-vous, un moment o\u00f9&#8230;<\/p>\n","protected":false},"author":1,"featured_media":3414,"comment_status":"","ping_status":"","sticky":false,"template":"","format":"standard","meta":{"_kad_post_transparent":"","_kad_post_title":"","_kad_post_layout":"","_kad_post_sidebar_id":"","_kad_post_content_style":"","_kad_post_vertical_padding":"","_kad_post_feature":"","_kad_post_feature_position":"","_kad_post_header":false,"_kad_post_footer":false,"_kad_post_classname":"","iawp_total_views":0,"footnotes":""},"categories":[1],"tags":[],"class_list":["post-3413","post","type-post","status-publish","format-standard","has-post-thumbnail","hentry","category-actualites"],"_links":{"self":[{"href":"https:\/\/www.dmoz.fr\/tendances\/wp-json\/wp\/v2\/posts\/3413","targetHints":{"allow":["GET"]}}],"collection":[{"href":"https:\/\/www.dmoz.fr\/tendances\/wp-json\/wp\/v2\/posts"}],"about":[{"href":"https:\/\/www.dmoz.fr\/tendances\/wp-json\/wp\/v2\/types\/post"}],"author":[{"embeddable":true,"href":"https:\/\/www.dmoz.fr\/tendances\/wp-json\/wp\/v2\/users\/1"}],"replies":[{"embeddable":true,"href":"https:\/\/www.dmoz.fr\/tendances\/wp-json\/wp\/v2\/comments?post=3413"}],"version-history":[{"count":0,"href":"https:\/\/www.dmoz.fr\/tendances\/wp-json\/wp\/v2\/posts\/3413\/revisions"}],"wp:featuredmedia":[{"embeddable":true,"href":"https:\/\/www.dmoz.fr\/tendances\/wp-json\/wp\/v2\/media\/3414"}],"wp:attachment":[{"href":"https:\/\/www.dmoz.fr\/tendances\/wp-json\/wp\/v2\/media?parent=3413"}],"wp:term":[{"taxonomy":"category","embeddable":true,"href":"https:\/\/www.dmoz.fr\/tendances\/wp-json\/wp\/v2\/categories?post=3413"},{"taxonomy":"post_tag","embeddable":true,"href":"https:\/\/www.dmoz.fr\/tendances\/wp-json\/wp\/v2\/tags?post=3413"}],"curies":[{"name":"wp","href":"https:\/\/api.w.org\/{rel}","templated":true}]}}