{"id":3433,"date":"2025-03-10T09:52:27","date_gmt":"2025-03-10T08:52:27","guid":{"rendered":"https:\/\/www.dmoz.fr\/tendances\/taille-macron\/"},"modified":"2025-03-10T09:52:27","modified_gmt":"2025-03-10T08:52:27","slug":"taille-macron","status":"publish","type":"post","link":"https:\/\/www.dmoz.fr\/tendances\/taille-macron\/","title":{"rendered":"Taille macron : d\u00e9couvrez les secrets de son influence sur la mode et le style !"},"content":{"rendered":"<p><\/p>\n<div id='video-container' data-video-id='cexS9v1dMAU' style='width:100%; height:auto; max-width:587px; position: relative;'>\n<div class='image-video-plugin' style='background:url(\"https:\/\/img.youtube.com\/vi\/cexS9v1dMAU\/0.jpg\") center no-repeat; background-size: cover;'><\/div>\n<p>        <span class='youtube-play-button'><\/span><br \/>\n        <noscript><a href=\"https:\/\/www.youtube.com\/watch?v=cexS9v1dMAU\" target=\"_blank\" rel=\"noopener\">Play on YouTube<\/a><\/noscript>\n    <\/div>\n<p><\/p>\n<h2>La taille macron : un sujet qui fait d\u00e9bat<\/h2>\n<p>La taille macron, cette fameuse notion qui suscite tant de discussions, est souvent au c\u0153ur des \u00e9changes passionn\u00e9s. Les fervents d\u00e9fenseurs de cette approche soutiennent que la taille macron permet une meilleure compr\u00e9hension et une clart\u00e9 accrue dans l&rsquo;\u00e9criture. En effet, pour eux, elle serait une fa\u00e7on d&rsquo;optimiser l&rsquo;espace sur la page tout en conservant une lisibilit\u00e9 optimale. De l&rsquo;autre c\u00f4t\u00e9, les opposants \u00e0 cette tendance arguent que cette taille, souvent jug\u00e9e trop petite, nuit \u00e0 la lecture, en particulier pour les personnes \u00e2g\u00e9es ou celles ayant des probl\u00e8mes de vue. Ils plaident pour un retour \u00e0 des tailles de police plus traditionnelles, plus confortables pour l&rsquo;\u0153il. <\/p>\n<p><b>Ce d\u00e9bat sur la taille macron<\/b> ne se limite pas qu&rsquo;\u00e0 des consid\u00e9rations esth\u00e9tiques. Il touche \u00e9galement \u00e0 des enjeux culturels et soci\u00e9taux. La taille des caract\u00e8res est souvent r\u00e9v\u00e9latrice de notre rapport \u00e0 la communication \u00e9crite. Dans un monde o\u00f9 la rapidit\u00e9 prime, la taille macron pourrait \u00eatre per\u00e7ue comme une tentative de condenser l&rsquo;information, un peu comme si l&rsquo;on voulait gratter la surface sans vraiment s&rsquo;y plonger. En revanche, cette d\u00e9marche peut \u00e9galement \u00eatre interpr\u00e9t\u00e9e comme une volont\u00e9 de simplifier les \u00e9changes, de rendre la lecture plus accessible \u00e0 tous. Ce qui est certain, c&rsquo;est que ce sujet alimente de vives discussions dans les milieux litt\u00e9raires et \u00e9ducatifs, chacun ayant son mot \u00e0 dire sur ce que devrait \u00eatre la norme en mati\u00e8re de typographie.<\/p>\n<h3>Questions que vous vous posez sur la taille macron<\/h3>\n<ul>\n<li><b>Pourquoi la taille macron est-elle si controvers\u00e9e ?<\/b> La controverse d\u00e9coule principalement des divergences d&rsquo;opinion sur la lisibilit\u00e9 et l&rsquo;accessibilit\u00e9.<\/li>\n<li><b>Qui utilise la taille macron ?<\/b> Elle est souvent adopt\u00e9e par des milieux acad\u00e9miques et des publications modernes, mais pas sans critiques.<\/li>\n<li><b>Quels sont les avantages de la taille macron ?<\/b> Les partisans mettent en avant la clart\u00e9 et la concision qu&rsquo;elle peut offrir dans certains contextes.<\/li>\n<li><b>Les inconv\u00e9nients de la taille macron ?<\/b> Les critiques soulignent des probl\u00e8mes de lisibilit\u00e9, en particulier pour les personnes ayant des difficult\u00e9s visuelles.<\/li>\n<\/ul>\n<h2>Les secrets de la stature pr\u00e9sidentielle<\/h2>\n<p>Dans le grand th\u00e9\u00e2tre de la politique, la stature pr\u00e9sidentielle se joue sur un fil tendu entre charisme et autorit\u00e9. Les dirigeants qui marquent l\u2019histoire ne se contentent pas d\u2019occuper un bureau ; ils incarnent une pr\u00e9sence, un symbole de la nation. Cette stature ne se limite pas \u00e0 la hauteur physique, mais englobe une multitude de facteurs qui fa\u00e7onnent l\u2019image publique. D\u2019abord, il y a la voix. Une voix qui porte, qui rassure et qui inspire. Le ton, l\u2019intonation, et m\u00eame le rythme des discours peuvent transformer une simple d\u00e9claration en un appel \u00e0 l\u2019unit\u00e9. Ensuite, il y a le langage corporel. Un geste ma\u00eetris\u00e9, un regard per\u00e7ant, ou m\u00eame une posture assur\u00e9e en disent long sur la confiance d\u2019un pr\u00e9sident. Tout cela contribue \u00e0 une aura qui d\u00e9passe le simple statut de chef d\u2019\u00c9tat.<\/p>\n<p>Parall\u00e8lement, l\u2019art de la communication joue un r\u00f4le crucial dans la construction de cette stature. La mani\u00e8re dont un pr\u00e9sident s\u2019adresse \u00e0 son peuple, que ce soit \u00e0 travers les m\u00e9dias traditionnels ou les r\u00e9seaux sociaux, est d\u00e9terminante. Les mots choisis, les m\u00e9taphores utilis\u00e9es, et m\u00eame les silences ont un poids immense. De plus, l\u2019authenticit\u00e9 est devenue un mot d\u2019ordre. Dans un monde o\u00f9 l\u2019information circule \u00e0 une vitesse vertigineuse, les citoyens cherchent des leaders qui leur ressemblent, qui partagent leurs pr\u00e9occupations. Les pr\u00e9sidents qui r\u00e9ussissent \u00e0 \u00e9tablir une connexion \u00e9motionnelle avec leurs concitoyens, en faisant preuve de vuln\u00e9rabilit\u00e9 ou en partageant des anecdotes personnelles, cultivent une image de proximit\u00e9 et de compr\u00e9hension. En fin de compte, la stature pr\u00e9sidentielle est un m\u00e9lange complexe d\u2019image, de communication et de perception, o\u00f9 chaque d\u00e9tail compte.<\/p>\n<h3>Les \u00e9l\u00e9ments cl\u00e9s de la stature pr\u00e9sidentielle<\/h3>\n<ul>\n<li><b>Charisme :<\/b> L\u2019aptitude \u00e0 captiver et \u00e0 inspirer les autres.<\/li>\n<li><b>Langage corporel :<\/b> La fa\u00e7on dont un pr\u00e9sident se tient et interagit avec son environnement.<\/li>\n<li><b>Communication :<\/b> La ma\u00eetrise des discours et l\u2019impact des mots.<\/li>\n<li><b>Authenticit\u00e9 :<\/b> \u00catre per\u00e7u comme sinc\u00e8re et accessible par le public.<\/li>\n<li><b>R\u00e9activit\u00e9 :<\/b> La capacit\u00e9 \u00e0 r\u00e9pondre aux crises et aux pr\u00e9occupations citoyennes.<\/li>\n<\/ul>\n<h3>Une connexion \u00e9motionnelle avec le peuple<\/h3>\n<p>La connexion \u00e9motionnelle est souvent le ciment qui renforce la stature d\u2019un pr\u00e9sident. En temps de crise, les leaders qui parviennent \u00e0 articuler des sentiments de solidarit\u00e9 et d\u2019empathie sont ceux qui marquent les esprits. Les discours qui touchent le c\u0153ur, qui \u00e9voquent des souvenirs communs ou qui appellent \u00e0 l\u2019espoir, laissent une empreinte durable. Cette capacit\u00e9 \u00e0 relier des exp\u00e9riences personnelles \u00e0 des enjeux collectifs permet de transcender les clivages et de f\u00e9d\u00e9rer les citoyens autour d\u2019un projet commun. Dans cette dynamique, l\u2019\u00e9coute active joue un r\u00f4le fondamental. Un pr\u00e9sident qui sait \u00e9couter les pr\u00e9occupations de ses concitoyens, qui prend le temps d\u2019interagir avec eux, renforce son image de leader proche du peuple. Ce dialogue constant est un levier puissant pour \u00e9tablir une confiance mutuelle.<\/p>\n<h3>Les d\u00e9fis de la stature pr\u00e9sidentielle<\/h3>\n<p>Cependant, la construction de cette stature n\u2019est pas exempte de d\u00e9fis. Les attentes du public sont souvent \u00e9lev\u00e9es et peuvent varier d\u2019un groupe \u00e0 l\u2019autre. Le pr\u00e9sident doit naviguer habilement entre des int\u00e9r\u00eats divergents tout en maintenant une image coh\u00e9rente. Les faux pas, qu\u2019ils soient li\u00e9s \u00e0 une d\u00e9claration malheureuse ou \u00e0 une gestion maladroite d\u2019une crise, peuvent rapidement ternir cette image soigneusement cultiv\u00e9e. De plus, l\u2019\u00e9volution des m\u00e9dias et la mont\u00e9e des r\u00e9seaux sociaux ont ajout\u00e9 une nouvelle dimension \u00e0 cette dynamique. Chaque geste, chaque mot prononc\u00e9 peut \u00eatre scrut\u00e9, analys\u00e9, et critiqu\u00e9 en temps r\u00e9el. Dans ce contexte, il est essentiel pour un pr\u00e9sident de garder le cap, de rester fid\u00e8le \u00e0 ses valeurs tout en \u00e9tant attentif aux signaux du terrain.<\/p>\n<h3>Une stature \u00e0 construire au quotidien<\/h3>\n<p>La stature pr\u00e9sidentielle est donc une construction continue. Elle repose sur un \u00e9quilibre d\u00e9licat entre l\u2019image publique et la r\u00e9alit\u00e9 des actions men\u00e9es. Les d\u00e9cisions politiques, les r\u00e9formes et m\u00eame les gestes symboliques contribuent \u00e0 forger cette image. Un pr\u00e9sident qui s\u2019engage sur le terrain, qui participe \u00e0 des \u00e9v\u00e9nements culturels ou qui soutient des causes sociales, d\u00e9montre une volont\u00e9 de se rapprocher de son peuple. Cela ne fait pas que renforcer sa stature ; cela lui permet aussi de rester en phase avec les attentes et les besoins de la soci\u00e9t\u00e9. En somme, chaque interaction, chaque discours, et chaque d\u00e9cision sont autant de briques pos\u00e9es dans l\u2019\u00e9difice de la stature pr\u00e9sidentielle.<\/p>\n<h3>Des interrogations sur la stature pr\u00e9sidentielle<\/h3>\n<p>Quelles sont les caract\u00e9ristiques qui d\u00e9finissent un bon pr\u00e9sident ? Comment la stature d\u2019un pr\u00e9sident peut-elle \u00e9voluer au fil du temps ? Quels sont les impacts des r\u00e9seaux sociaux sur cette perception ? Ces questions m\u00e9ritent d\u2019\u00eatre explor\u00e9es pour mieux comprendre la complexit\u00e9 de la stature pr\u00e9sidentielle. Les attentes des citoyens, les d\u00e9fis politiques et les dynamiques soci\u00e9tales sont autant d\u2019\u00e9l\u00e9ments \u00e0 prendre en compte pour appr\u00e9hender ce sujet fascinant.<\/p>\n","protected":false},"excerpt":{"rendered":"<p>Play on YouTube La taille macron : un sujet qui fait d\u00e9bat La taille macron, cette fameuse notion qui suscite tant de discussions, est souvent au c\u0153ur des \u00e9changes passionn\u00e9s. Les fervents d\u00e9fenseurs de cette approche soutiennent que la taille macron permet une meilleure compr\u00e9hension et une clart\u00e9 accrue dans l&rsquo;\u00e9criture. En effet, pour eux,&#8230;<\/p>\n","protected":false},"author":1,"featured_media":3434,"comment_status":"","ping_status":"","sticky":false,"template":"","format":"standard","meta":{"_kad_post_transparent":"","_kad_post_title":"","_kad_post_layout":"","_kad_post_sidebar_id":"","_kad_post_content_style":"","_kad_post_vertical_padding":"","_kad_post_feature":"","_kad_post_feature_position":"","_kad_post_header":false,"_kad_post_footer":false,"_kad_post_classname":"","iawp_total_views":0,"footnotes":""},"categories":[1],"tags":[],"class_list":["post-3433","post","type-post","status-publish","format-standard","has-post-thumbnail","hentry","category-actualites"],"_links":{"self":[{"href":"https:\/\/www.dmoz.fr\/tendances\/wp-json\/wp\/v2\/posts\/3433","targetHints":{"allow":["GET"]}}],"collection":[{"href":"https:\/\/www.dmoz.fr\/tendances\/wp-json\/wp\/v2\/posts"}],"about":[{"href":"https:\/\/www.dmoz.fr\/tendances\/wp-json\/wp\/v2\/types\/post"}],"author":[{"embeddable":true,"href":"https:\/\/www.dmoz.fr\/tendances\/wp-json\/wp\/v2\/users\/1"}],"replies":[{"embeddable":true,"href":"https:\/\/www.dmoz.fr\/tendances\/wp-json\/wp\/v2\/comments?post=3433"}],"version-history":[{"count":0,"href":"https:\/\/www.dmoz.fr\/tendances\/wp-json\/wp\/v2\/posts\/3433\/revisions"}],"wp:featuredmedia":[{"embeddable":true,"href":"https:\/\/www.dmoz.fr\/tendances\/wp-json\/wp\/v2\/media\/3434"}],"wp:attachment":[{"href":"https:\/\/www.dmoz.fr\/tendances\/wp-json\/wp\/v2\/media?parent=3433"}],"wp:term":[{"taxonomy":"category","embeddable":true,"href":"https:\/\/www.dmoz.fr\/tendances\/wp-json\/wp\/v2\/categories?post=3433"},{"taxonomy":"post_tag","embeddable":true,"href":"https:\/\/www.dmoz.fr\/tendances\/wp-json\/wp\/v2\/tags?post=3433"}],"curies":[{"name":"wp","href":"https:\/\/api.w.org\/{rel}","templated":true}]}}